{"id":13853,"date":"2024-03-25T14:05:07","date_gmt":"2024-03-25T13:05:07","guid":{"rendered":"https:\/\/bierger.remich.lu\/?p=13853"},"modified":"2024-03-26T08:11:39","modified_gmt":"2024-03-26T07:11:39","slug":"europa-wahlen-einberufung-und-anweisungen-in-leichter-sprache","status":"publish","type":"post","link":"https:\/\/bierger.remich.lu\/de\/2024\/03\/25\/europa-wahlen-einberufung-und-anweisungen-in-leichter-sprache\/","title":{"rendered":"Europa-Wahlen | Einberufung und Anweisungen in Leichter Sprache"},"content":{"rendered":"<h2><strong><a href=\"https:\/\/bierger.remich.lu\/wp-content\/uploads\/sites\/3\/2024\/03\/Europawahlen-LS-Einberufung-und-Anweisungen.pdf\">W\u00e4hlen im Wahl-B\u00fcro: Einberufung und Anweisungen in Leichter Sprache<\/a><\/strong><\/h2>\n<p>Die Einberufungen werden <strong>ab dem 27. Mai 2024 verschickt<\/strong>.<\/p>\n<h2><a href=\"https:\/\/bierger.remich.lu\/wp-content\/uploads\/sites\/3\/2024\/03\/Europawahlen-Briefwahl-LS-Einberufung-und-Anweisungen.pdf\">Brief-Wahl: Einberufung und Anweisungen in Leichter Sprache<\/a><\/h2>\n<p>Die Einberufungen f\u00fcr die Brief-Wahl werden <strong>ab dem 6. Mai 2024 ins Ausland verschickt.<\/strong><\/p>\n<p>Die Einberufungen f\u00fcr die Brief-Wahl f\u00fcr <strong>Ein-Wohner<\/strong> werden <strong>ab dem 11. Mai 2024<\/strong> verschickt.","protected":false},"excerpt":{"rendered":"<p>W\u00e4hlen im Wahl-B\u00fcro: Einberufung und Anweisungen in Leichter Sprache Die Einberufungen werden ab dem 27. Mai 2024 verschickt. Brief-Wahl: Einberufung und Anweisungen in Leichter Sprache Die Einberufungen f\u00fcr die Brief-Wahl werden ab dem 6. Mai 2024 ins Ausland verschickt. Die Einberufungen f\u00fcr die Brief-Wahl f\u00fcr Ein-Wohner werden ab dem 11. Mai 2024 verschickt.<\/p>\n","protected":false},"author":4,"featured_media":0,"comment_status":"open","ping_status":"open","sticky":false,"template":"","format":"standard","meta":{"_acf_changed":false,"xn-wppe-expiration":[],"xn-wppe-expiration-action":[],"xn-wppe-expiration-prefix":[],"footnotes":"","_links_to":"","_links_to_target":""},"categories":[1],"tags":[],"class_list":["post-13853","post","type-post","status-publish","format-standard","hentry","category-news","keyword-elections"],"acf":[],"yoast_head":"<!-- This site is optimized with the Yoast SEO plugin v26.7 - https:\/\/yoast.com\/wordpress\/plugins\/seo\/ -->\n<title>Europa-Wahlen | Einberufung und Anweisungen in Leichter Sprache - Ville de Remich<\/title>\n<meta name=\"robots\" content=\"index, follow, max-snippet:-1, max-image-preview:large, max-video-preview:-1\" \/>\n<link rel=\"canonical\" href=\"https:\/\/bierger.remich.lu\/lb\/2024\/03\/25\/europa-wahlen-einberufung-und-anweisungen-in-leichter-sprache\/\" \/>\n<meta property=\"og:locale\" content=\"de_DE\" \/>\n<meta property=\"og:type\" content=\"article\" \/>\n<meta property=\"og:title\" content=\"Europa-Wahlen | Einberufung und Anweisungen in Leichter Sprache - Ville de Remich\" \/>\n<meta property=\"og:description\" content=\"W\u00e4hlen im Wahl-B\u00fcro: Einberufung und Anweisungen in Leichter Sprache Die Einberufungen werden ab dem 27. Mai 2024 verschickt. Brief-Wahl: Einberufung und Anweisungen in Leichter Sprache Die Einberufungen f\u00fcr die Brief-Wahl werden ab dem 6. Mai 2024 ins Ausland verschickt. Die Einberufungen f\u00fcr die Brief-Wahl f\u00fcr Ein-Wohner werden ab dem 11. Mai 2024 verschickt.\" \/>\n<meta property=\"og:url\" content=\"https:\/\/bierger.remich.lu\/lb\/2024\/03\/25\/europa-wahlen-einberufung-und-anweisungen-in-leichter-sprache\/\" \/>\n<meta property=\"og:site_name\" content=\"Ville de Remich\" \/>\n<meta property=\"article:published_time\" content=\"2024-03-25T13:05:07+00:00\" \/>\n<meta property=\"article:modified_time\" content=\"2024-03-26T07:11:39+00:00\" \/>\n<meta name=\"author\" content=\"murielkayser\" \/>\n<meta name=\"twitter:card\" content=\"summary_large_image\" \/>\n<meta name=\"twitter:label1\" content=\"Verfasst von\" \/>\n\t<meta name=\"twitter:data1\" content=\"murielkayser\" \/>\n\t<meta name=\"twitter:label2\" content=\"Gesch\u00e4tzte Lesezeit\" \/>\n\t<meta name=\"twitter:data2\" content=\"1\u00a0Minute\" \/>\n<script type=\"application\/ld+json\" class=\"yoast-schema-graph\">{\"@context\":\"https:\/\/schema.org\",\"@graph\":[{\"@type\":\"Article\",\"@id\":\"https:\/\/bierger.remich.lu\/lb\/2024\/03\/25\/europa-wahlen-einberufung-und-anweisungen-in-leichter-sprache\/#article\",\"isPartOf\":{\"@id\":\"https:\/\/bierger.remich.lu\/lb\/2024\/03\/25\/europa-wahlen-einberufung-und-anweisungen-in-leichter-sprache\/\"},\"author\":{\"name\":\"murielkayser\",\"@id\":\"https:\/\/bierger.remich.lu\/de\/#\/schema\/person\/5babce1f1102bf4d794591f52f77f7ac\"},\"headline\":\"Europa-Wahlen | Einberufung und Anweisungen in Leichter Sprache\",\"datePublished\":\"2024-03-25T13:05:07+00:00\",\"dateModified\":\"2024-03-26T07:11:39+00:00\",\"mainEntityOfPage\":{\"@id\":\"https:\/\/bierger.remich.lu\/lb\/2024\/03\/25\/europa-wahlen-einberufung-und-anweisungen-in-leichter-sprache\/\"},\"wordCount\":134,\"commentCount\":0,\"articleSection\":[\"Uncategorized\"],\"inLanguage\":\"de\",\"potentialAction\":[{\"@type\":\"CommentAction\",\"name\":\"Comment\",\"target\":[\"https:\/\/bierger.remich.lu\/lb\/2024\/03\/25\/europa-wahlen-einberufung-und-anweisungen-in-leichter-sprache\/#respond\"]}]},{\"@type\":\"WebPage\",\"@id\":\"https:\/\/bierger.remich.lu\/lb\/2024\/03\/25\/europa-wahlen-einberufung-und-anweisungen-in-leichter-sprache\/\",\"url\":\"https:\/\/bierger.remich.lu\/lb\/2024\/03\/25\/europa-wahlen-einberufung-und-anweisungen-in-leichter-sprache\/\",\"name\":\"Europa-Wahlen | Einberufung und Anweisungen in Leichter Sprache - Ville de Remich\",\"isPartOf\":{\"@id\":\"https:\/\/bierger.remich.lu\/de\/#website\"},\"datePublished\":\"2024-03-25T13:05:07+00:00\",\"dateModified\":\"2024-03-26T07:11:39+00:00\",\"author\":{\"@id\":\"https:\/\/bierger.remich.lu\/de\/#\/schema\/person\/5babce1f1102bf4d794591f52f77f7ac\"},\"breadcrumb\":{\"@id\":\"https:\/\/bierger.remich.lu\/lb\/2024\/03\/25\/europa-wahlen-einberufung-und-anweisungen-in-leichter-sprache\/#breadcrumb\"},\"inLanguage\":\"de\",\"potentialAction\":[{\"@type\":\"ReadAction\",\"target\":[\"https:\/\/bierger.remich.lu\/lb\/2024\/03\/25\/europa-wahlen-einberufung-und-anweisungen-in-leichter-sprache\/\"]}]},{\"@type\":\"BreadcrumbList\",\"@id\":\"https:\/\/bierger.remich.lu\/lb\/2024\/03\/25\/europa-wahlen-einberufung-und-anweisungen-in-leichter-sprache\/#breadcrumb\",\"itemListElement\":[{\"@type\":\"ListItem\",\"position\":1,\"name\":\"Startseite\",\"item\":\"https:\/\/bierger.remich.lu\/de\/\"},{\"@type\":\"ListItem\",\"position\":2,\"name\":\"\u00c9lections europ\u00e9ennes | Convocation et instructions en langage facile\"}]},{\"@type\":\"WebSite\",\"@id\":\"https:\/\/bierger.remich.lu\/de\/#website\",\"url\":\"https:\/\/bierger.remich.lu\/de\/\",\"name\":\"Ville de Remich\",\"description\":\"\",\"potentialAction\":[{\"@type\":\"SearchAction\",\"target\":{\"@type\":\"EntryPoint\",\"urlTemplate\":\"https:\/\/bierger.remich.lu\/de\/?s={search_term_string}\"},\"query-input\":{\"@type\":\"PropertyValueSpecification\",\"valueRequired\":true,\"valueName\":\"search_term_string\"}}],\"inLanguage\":\"de\"},{\"@type\":\"Person\",\"@id\":\"https:\/\/bierger.remich.lu\/de\/#\/schema\/person\/5babce1f1102bf4d794591f52f77f7ac\",\"name\":\"murielkayser\",\"image\":{\"@type\":\"ImageObject\",\"inLanguage\":\"de\",\"@id\":\"https:\/\/bierger.remich.lu\/de\/#\/schema\/person\/image\/\",\"url\":\"https:\/\/secure.gravatar.com\/avatar\/929f45c18759f15bc69ebb2c989dc3f1733d348e81e97f979f32017e6ca077ee?s=96&d=mm&r=g\",\"contentUrl\":\"https:\/\/secure.gravatar.com\/avatar\/929f45c18759f15bc69ebb2c989dc3f1733d348e81e97f979f32017e6ca077ee?s=96&d=mm&r=g\",\"caption\":\"murielkayser\"},\"url\":\"#\"}]}<\/script>\n<!-- \/ Yoast SEO plugin. -->","yoast_head_json":{"title":"Europa-Wahlen | Einberufung und Anweisungen in Leichter Sprache - Ville de Remich","robots":{"index":"index","follow":"follow","max-snippet":"max-snippet:-1","max-image-preview":"max-image-preview:large","max-video-preview":"max-video-preview:-1"},"canonical":"https:\/\/bierger.remich.lu\/lb\/2024\/03\/25\/europa-wahlen-einberufung-und-anweisungen-in-leichter-sprache\/","og_locale":"de_DE","og_type":"article","og_title":"Europa-Wahlen | Einberufung und Anweisungen in Leichter Sprache - Ville de Remich","og_description":"W\u00e4hlen im Wahl-B\u00fcro: Einberufung und Anweisungen in Leichter Sprache Die Einberufungen werden ab dem 27. Mai 2024 verschickt. Brief-Wahl: Einberufung und Anweisungen in Leichter Sprache Die Einberufungen f\u00fcr die Brief-Wahl werden ab dem 6. Mai 2024 ins Ausland verschickt. Die Einberufungen f\u00fcr die Brief-Wahl f\u00fcr Ein-Wohner werden ab dem 11. Mai 2024 verschickt.","og_url":"https:\/\/bierger.remich.lu\/lb\/2024\/03\/25\/europa-wahlen-einberufung-und-anweisungen-in-leichter-sprache\/","og_site_name":"Ville de Remich","article_published_time":"2024-03-25T13:05:07+00:00","article_modified_time":"2024-03-26T07:11:39+00:00","author":"murielkayser","twitter_card":"summary_large_image","twitter_misc":{"Verfasst von":"murielkayser","Gesch\u00e4tzte Lesezeit":"1\u00a0Minute"},"schema":{"@context":"https:\/\/schema.org","@graph":[{"@type":"Article","@id":"https:\/\/bierger.remich.lu\/lb\/2024\/03\/25\/europa-wahlen-einberufung-und-anweisungen-in-leichter-sprache\/#article","isPartOf":{"@id":"https:\/\/bierger.remich.lu\/lb\/2024\/03\/25\/europa-wahlen-einberufung-und-anweisungen-in-leichter-sprache\/"},"author":{"name":"murielkayser","@id":"https:\/\/bierger.remich.lu\/de\/#\/schema\/person\/5babce1f1102bf4d794591f52f77f7ac"},"headline":"Europa-Wahlen | Einberufung und Anweisungen in Leichter Sprache","datePublished":"2024-03-25T13:05:07+00:00","dateModified":"2024-03-26T07:11:39+00:00","mainEntityOfPage":{"@id":"https:\/\/bierger.remich.lu\/lb\/2024\/03\/25\/europa-wahlen-einberufung-und-anweisungen-in-leichter-sprache\/"},"wordCount":134,"commentCount":0,"articleSection":["Uncategorized"],"inLanguage":"de","potentialAction":[{"@type":"CommentAction","name":"Comment","target":["https:\/\/bierger.remich.lu\/lb\/2024\/03\/25\/europa-wahlen-einberufung-und-anweisungen-in-leichter-sprache\/#respond"]}]},{"@type":"WebPage","@id":"https:\/\/bierger.remich.lu\/lb\/2024\/03\/25\/europa-wahlen-einberufung-und-anweisungen-in-leichter-sprache\/","url":"https:\/\/bierger.remich.lu\/lb\/2024\/03\/25\/europa-wahlen-einberufung-und-anweisungen-in-leichter-sprache\/","name":"Europa-Wahlen | Einberufung und Anweisungen in Leichter Sprache - Ville de Remich","isPartOf":{"@id":"https:\/\/bierger.remich.lu\/de\/#website"},"datePublished":"2024-03-25T13:05:07+00:00","dateModified":"2024-03-26T07:11:39+00:00","author":{"@id":"https:\/\/bierger.remich.lu\/de\/#\/schema\/person\/5babce1f1102bf4d794591f52f77f7ac"},"breadcrumb":{"@id":"https:\/\/bierger.remich.lu\/lb\/2024\/03\/25\/europa-wahlen-einberufung-und-anweisungen-in-leichter-sprache\/#breadcrumb"},"inLanguage":"de","potentialAction":[{"@type":"ReadAction","target":["https:\/\/bierger.remich.lu\/lb\/2024\/03\/25\/europa-wahlen-einberufung-und-anweisungen-in-leichter-sprache\/"]}]},{"@type":"BreadcrumbList","@id":"https:\/\/bierger.remich.lu\/lb\/2024\/03\/25\/europa-wahlen-einberufung-und-anweisungen-in-leichter-sprache\/#breadcrumb","itemListElement":[{"@type":"ListItem","position":1,"name":"Startseite","item":"https:\/\/bierger.remich.lu\/de\/"},{"@type":"ListItem","position":2,"name":"\u00c9lections europ\u00e9ennes | Convocation et instructions en langage facile"}]},{"@type":"WebSite","@id":"https:\/\/bierger.remich.lu\/de\/#website","url":"https:\/\/bierger.remich.lu\/de\/","name":"Ville de Remich","description":"","potentialAction":[{"@type":"SearchAction","target":{"@type":"EntryPoint","urlTemplate":"https:\/\/bierger.remich.lu\/de\/?s={search_term_string}"},"query-input":{"@type":"PropertyValueSpecification","valueRequired":true,"valueName":"search_term_string"}}],"inLanguage":"de"},{"@type":"Person","@id":"https:\/\/bierger.remich.lu\/de\/#\/schema\/person\/5babce1f1102bf4d794591f52f77f7ac","name":"murielkayser","image":{"@type":"ImageObject","inLanguage":"de","@id":"https:\/\/bierger.remich.lu\/de\/#\/schema\/person\/image\/","url":"https:\/\/secure.gravatar.com\/avatar\/929f45c18759f15bc69ebb2c989dc3f1733d348e81e97f979f32017e6ca077ee?s=96&d=mm&r=g","contentUrl":"https:\/\/secure.gravatar.com\/avatar\/929f45c18759f15bc69ebb2c989dc3f1733d348e81e97f979f32017e6ca077ee?s=96&d=mm&r=g","caption":"murielkayser"},"url":"#"}]}},"_links":{"self":[{"href":"https:\/\/bierger.remich.lu\/de\/wp-json\/wp\/v2\/posts\/13853","targetHints":{"allow":["GET"]}}],"collection":[{"href":"https:\/\/bierger.remich.lu\/de\/wp-json\/wp\/v2\/posts"}],"about":[{"href":"https:\/\/bierger.remich.lu\/de\/wp-json\/wp\/v2\/types\/post"}],"author":[{"embeddable":true,"href":"https:\/\/bierger.remich.lu\/de\/wp-json\/wp\/v2\/users\/4"}],"replies":[{"embeddable":true,"href":"https:\/\/bierger.remich.lu\/de\/wp-json\/wp\/v2\/comments?post=13853"}],"version-history":[{"count":14,"href":"https:\/\/bierger.remich.lu\/de\/wp-json\/wp\/v2\/posts\/13853\/revisions"}],"predecessor-version":[{"id":13871,"href":"https:\/\/bierger.remich.lu\/de\/wp-json\/wp\/v2\/posts\/13853\/revisions\/13871"}],"wp:attachment":[{"href":"https:\/\/bierger.remich.lu\/de\/wp-json\/wp\/v2\/media?parent=13853"}],"wp:term":[{"taxonomy":"category","embeddable":true,"href":"https:\/\/bierger.remich.lu\/de\/wp-json\/wp\/v2\/categories?post=13853"},{"taxonomy":"post_tag","embeddable":true,"href":"https:\/\/bierger.remich.lu\/de\/wp-json\/wp\/v2\/tags?post=13853"}],"curies":[{"name":"wp","href":"https:\/\/api.w.org\/{rel}","templated":true}]}}