{"id":19259,"date":"2026-03-10T14:12:53","date_gmt":"2026-03-10T13:12:53","guid":{"rendered":"https:\/\/bierger.remich.lu\/?p=19259"},"modified":"2026-03-19T14:54:55","modified_gmt":"2026-03-19T13:54:55","slug":"karnevalsumzug-15-03-2026-infos-strassensperrungen-busverkehr","status":"publish","type":"post","link":"https:\/\/bierger.remich.lu\/de\/2026\/03\/10\/karnevalsumzug-15-03-2026-infos-strassensperrungen-busverkehr\/","title":{"rendered":"Karnevalsumzug 15.03.2026 | Infos Stra\u00dfensperrungen &amp; Busverkehr"},"content":{"rendered":"<h3><strong>Verkehr<\/strong><\/h3>\n<p>Wegen des Karnevalumzuges sind am Sonntag, den 15. M\u00e4rz 2026 ab 13 Uhr bis zum Ende der Veranstaltung (ca. 18 Uhr) verschiedene Stra\u00dfen in Remich nicht zug\u00e4nglich.<\/p>\n<p>Desweiteren gilt an vielen Stellen ein Parkverbot. Bitte beachten Sie die Beschilderung mit den detaillierten Uhrzeiten der Parkverbote!<\/p>\n<p>Detaillierte Informationen finden Sie in der <a href=\"https:\/\/bierger.remich.lu\/wp-content\/uploads\/sites\/3\/2026\/03\/Rtdc_Cavalcade-2026.pdf\">Verkehrsordnung<\/a>.<\/p>\n<p>Umleitungen werden eingerichtet.<\/p>\n<h3><strong>Ab\u00e4nderung der Haltestellen verschiedener Buslinien<\/strong><\/h3>\n<p>Betroffen sind die Linien 341, 342, 406, 411, 413, 431, 432 und 550, sowie verschiedene Haltestellen.<\/p>\n<p>Weitere Informationen finden Sie beim Fahrplan der jeweiligen Linien auf <a href=\"https:\/\/www.mobiliteit.lu\">mobiliteit.lu<\/a> und in der <a href=\"https:\/\/bierger.remich.lu\/wp-content\/uploads\/sites\/3\/2026\/02\/Avis-RGTR_Cavalcade-2026.pdf\">Mitteilung des RGTR<\/a>.<\/p>\n<h3><strong>Animationsprogramm f\u00fcr das gesamte Wochenende<\/strong><\/h3>\n<img loading=\"lazy\" decoding=\"async\" class=\"alignnone wp-image-19268 \" src=\"https:\/\/bierger.remich.lu\/wp-content\/uploads\/sites\/3\/2026\/03\/HFF-Programm-all-2026-1080x1080px5-scaled-1024x1024.jpg\" alt=\"\" width=\"467\" height=\"467\" srcset=\"https:\/\/bierger.remich.lu\/wp-content\/uploads\/sites\/3\/2026\/03\/HFF-Programm-all-2026-1080x1080px5-scaled-1024x1024.jpg 1024w, https:\/\/bierger.remich.lu\/wp-content\/uploads\/sites\/3\/2026\/03\/HFF-Programm-all-2026-1080x1080px5-scaled-150x150.jpg 150w, https:\/\/bierger.remich.lu\/wp-content\/uploads\/sites\/3\/2026\/03\/HFF-Programm-all-2026-1080x1080px5-scaled-300x300.jpg 300w\" sizes=\"auto, (max-width: 467px) 100vw, 467px\" \/>\n<p>&nbsp;<\/p>\n<p>&gt;&gt; <a href=\"https:\/\/cavalcade-remich.lu\/\">cavalcade-remich.lu<\/a>","protected":false},"excerpt":{"rendered":"<p>Verkehr Wegen des Karnevalumzuges sind am Sonntag, den 15. M\u00e4rz 2026 ab 13 Uhr bis zum Ende der Veranstaltung (ca. 18 Uhr) verschiedene Stra\u00dfen in Remich nicht zug\u00e4nglich. Desweiteren gilt an vielen Stellen ein Parkverbot. Bitte beachten Sie die Beschilderung mit den detaillierten Uhrzeiten der Parkverbote! Detaillierte Informationen finden Sie in der Verkehrsordnung. Umleitungen werden&#8230;  <a class=\"excerpt-read-more\" href=\"https:\/\/bierger.remich.lu\/de\/2026\/03\/10\/karnevalsumzug-15-03-2026-infos-strassensperrungen-busverkehr\/\" title=\"ReadKarnevalsumzug 15.03.2026 | Infos Stra\u00dfensperrungen &amp; Busverkehr\">Mehr lesen \u00bb<\/a><\/p>\n","protected":false},"author":4,"featured_media":0,"comment_status":"open","ping_status":"open","sticky":false,"template":"","format":"standard","meta":{"_acf_changed":false,"xn-wppe-expiration":[],"xn-wppe-expiration-action":[],"xn-wppe-expiration-prefix":[],"footnotes":"","_links_to":"","_links_to_target":""},"categories":[1],"tags":[],"class_list":["post-19259","post","type-post","status-publish","format-standard","hentry","category-news","keyword-buet","keyword-circulation","keyword-mitteilungen","keyword-verkehrsverordnung"],"acf":[],"yoast_head":"<!-- This site is optimized with the Yoast SEO plugin v26.7 - https:\/\/yoast.com\/wordpress\/plugins\/seo\/ -->\n<title>Karnevalsumzug 15.03.2026 | Infos Stra\u00dfensperrungen &amp; Busverkehr - Ville de Remich<\/title>\n<meta name=\"robots\" content=\"index, follow, max-snippet:-1, max-image-preview:large, max-video-preview:-1\" \/>\n<link rel=\"canonical\" href=\"https:\/\/bierger.remich.lu\/2026\/03\/10\/karnevalsumzug-15-03-2026-infos-strassensperrungen-busverkehr\/\" \/>\n<meta property=\"og:locale\" content=\"de_DE\" \/>\n<meta property=\"og:type\" content=\"article\" \/>\n<meta property=\"og:title\" content=\"Karnevalsumzug 15.03.2026 | Infos Stra\u00dfensperrungen &amp; Busverkehr - Ville de Remich\" \/>\n<meta property=\"og:description\" content=\"Verkehr Wegen des Karnevalumzuges sind am Sonntag, den 15. M\u00e4rz 2026 ab 13 Uhr bis zum Ende der Veranstaltung (ca. 18 Uhr) verschiedene Stra\u00dfen in Remich nicht zug\u00e4nglich. Desweiteren gilt an vielen Stellen ein Parkverbot. Bitte beachten Sie die Beschilderung mit den detaillierten Uhrzeiten der Parkverbote! Detaillierte Informationen finden Sie in der Verkehrsordnung. Umleitungen werden... Mehr lesen \u00bb\" \/>\n<meta property=\"og:url\" content=\"https:\/\/bierger.remich.lu\/2026\/03\/10\/karnevalsumzug-15-03-2026-infos-strassensperrungen-busverkehr\/\" \/>\n<meta property=\"og:site_name\" content=\"Ville de Remich\" \/>\n<meta property=\"article:published_time\" content=\"2026-03-10T13:12:53+00:00\" \/>\n<meta property=\"article:modified_time\" content=\"2026-03-19T13:54:55+00:00\" \/>\n<meta property=\"og:image\" content=\"https:\/\/bierger.remich.lu\/wp-content\/uploads\/sites\/3\/2026\/03\/HFF-Programm-all-2026-1080x1080px5-scaled.jpg\" \/>\n\t<meta property=\"og:image:width\" content=\"2560\" \/>\n\t<meta property=\"og:image:height\" content=\"2560\" \/>\n\t<meta property=\"og:image:type\" content=\"image\/jpeg\" \/>\n<meta name=\"author\" content=\"murielkayser\" \/>\n<meta name=\"twitter:card\" content=\"summary_large_image\" \/>\n<meta name=\"twitter:label1\" content=\"Verfasst von\" \/>\n\t<meta name=\"twitter:data1\" content=\"murielkayser\" \/>\n\t<meta name=\"twitter:label2\" content=\"Gesch\u00e4tzte Lesezeit\" \/>\n\t<meta name=\"twitter:data2\" content=\"1\u00a0Minute\" \/>\n<script type=\"application\/ld+json\" class=\"yoast-schema-graph\">{\"@context\":\"https:\/\/schema.org\",\"@graph\":[{\"@type\":\"Article\",\"@id\":\"https:\/\/bierger.remich.lu\/2026\/03\/10\/karnevalsumzug-15-03-2026-infos-strassensperrungen-busverkehr\/#article\",\"isPartOf\":{\"@id\":\"https:\/\/bierger.remich.lu\/2026\/03\/10\/karnevalsumzug-15-03-2026-infos-strassensperrungen-busverkehr\/\"},\"author\":{\"name\":\"murielkayser\",\"@id\":\"https:\/\/bierger.remich.lu\/de\/#\/schema\/person\/5babce1f1102bf4d794591f52f77f7ac\"},\"headline\":\"Karnevalsumzug 15.03.2026 | Infos Stra\u00dfensperrungen &amp; Busverkehr\",\"datePublished\":\"2026-03-10T13:12:53+00:00\",\"dateModified\":\"2026-03-19T13:54:55+00:00\",\"mainEntityOfPage\":{\"@id\":\"https:\/\/bierger.remich.lu\/2026\/03\/10\/karnevalsumzug-15-03-2026-infos-strassensperrungen-busverkehr\/\"},\"wordCount\":446,\"commentCount\":0,\"image\":{\"@id\":\"https:\/\/bierger.remich.lu\/2026\/03\/10\/karnevalsumzug-15-03-2026-infos-strassensperrungen-busverkehr\/#primaryimage\"},\"thumbnailUrl\":\"https:\/\/bierger.remich.lu\/wp-content\/uploads\/sites\/3\/2026\/03\/HFF-Programm-all-2026-1080x1080px5-scaled-1024x1024.jpg\",\"articleSection\":[\"Uncategorized\"],\"inLanguage\":\"de\",\"potentialAction\":[{\"@type\":\"CommentAction\",\"name\":\"Comment\",\"target\":[\"https:\/\/bierger.remich.lu\/2026\/03\/10\/karnevalsumzug-15-03-2026-infos-strassensperrungen-busverkehr\/#respond\"]}]},{\"@type\":\"WebPage\",\"@id\":\"https:\/\/bierger.remich.lu\/2026\/03\/10\/karnevalsumzug-15-03-2026-infos-strassensperrungen-busverkehr\/\",\"url\":\"https:\/\/bierger.remich.lu\/2026\/03\/10\/karnevalsumzug-15-03-2026-infos-strassensperrungen-busverkehr\/\",\"name\":\"Karnevalsumzug 15.03.2026 | Infos Stra\u00dfensperrungen &amp; Busverkehr - Ville de Remich\",\"isPartOf\":{\"@id\":\"https:\/\/bierger.remich.lu\/de\/#website\"},\"primaryImageOfPage\":{\"@id\":\"https:\/\/bierger.remich.lu\/2026\/03\/10\/karnevalsumzug-15-03-2026-infos-strassensperrungen-busverkehr\/#primaryimage\"},\"image\":{\"@id\":\"https:\/\/bierger.remich.lu\/2026\/03\/10\/karnevalsumzug-15-03-2026-infos-strassensperrungen-busverkehr\/#primaryimage\"},\"thumbnailUrl\":\"https:\/\/bierger.remich.lu\/wp-content\/uploads\/sites\/3\/2026\/03\/HFF-Programm-all-2026-1080x1080px5-scaled-1024x1024.jpg\",\"datePublished\":\"2026-03-10T13:12:53+00:00\",\"dateModified\":\"2026-03-19T13:54:55+00:00\",\"author\":{\"@id\":\"https:\/\/bierger.remich.lu\/de\/#\/schema\/person\/5babce1f1102bf4d794591f52f77f7ac\"},\"breadcrumb\":{\"@id\":\"https:\/\/bierger.remich.lu\/2026\/03\/10\/karnevalsumzug-15-03-2026-infos-strassensperrungen-busverkehr\/#breadcrumb\"},\"inLanguage\":\"de\",\"potentialAction\":[{\"@type\":\"ReadAction\",\"target\":[\"https:\/\/bierger.remich.lu\/2026\/03\/10\/karnevalsumzug-15-03-2026-infos-strassensperrungen-busverkehr\/\"]}]},{\"@type\":\"ImageObject\",\"inLanguage\":\"de\",\"@id\":\"https:\/\/bierger.remich.lu\/2026\/03\/10\/karnevalsumzug-15-03-2026-infos-strassensperrungen-busverkehr\/#primaryimage\",\"url\":\"https:\/\/bierger.remich.lu\/wp-content\/uploads\/sites\/3\/2026\/03\/HFF-Programm-all-2026-1080x1080px5-scaled-1024x1024.jpg\",\"contentUrl\":\"https:\/\/bierger.remich.lu\/wp-content\/uploads\/sites\/3\/2026\/03\/HFF-Programm-all-2026-1080x1080px5-scaled-1024x1024.jpg\"},{\"@type\":\"BreadcrumbList\",\"@id\":\"https:\/\/bierger.remich.lu\/2026\/03\/10\/karnevalsumzug-15-03-2026-infos-strassensperrungen-busverkehr\/#breadcrumb\",\"itemListElement\":[{\"@type\":\"ListItem\",\"position\":1,\"name\":\"Startseite\",\"item\":\"https:\/\/bierger.remich.lu\/de\/\"},{\"@type\":\"ListItem\",\"position\":2,\"name\":\"Karnevalsumzug 15.03.2026 | Infos Stra\u00dfensperrungen &amp; Busverkehr\"}]},{\"@type\":\"WebSite\",\"@id\":\"https:\/\/bierger.remich.lu\/de\/#website\",\"url\":\"https:\/\/bierger.remich.lu\/de\/\",\"name\":\"Ville de Remich\",\"description\":\"\",\"potentialAction\":[{\"@type\":\"SearchAction\",\"target\":{\"@type\":\"EntryPoint\",\"urlTemplate\":\"https:\/\/bierger.remich.lu\/de\/?s={search_term_string}\"},\"query-input\":{\"@type\":\"PropertyValueSpecification\",\"valueRequired\":true,\"valueName\":\"search_term_string\"}}],\"inLanguage\":\"de\"},{\"@type\":\"Person\",\"@id\":\"https:\/\/bierger.remich.lu\/de\/#\/schema\/person\/5babce1f1102bf4d794591f52f77f7ac\",\"name\":\"murielkayser\",\"image\":{\"@type\":\"ImageObject\",\"inLanguage\":\"de\",\"@id\":\"https:\/\/bierger.remich.lu\/de\/#\/schema\/person\/image\/\",\"url\":\"https:\/\/secure.gravatar.com\/avatar\/929f45c18759f15bc69ebb2c989dc3f1733d348e81e97f979f32017e6ca077ee?s=96&d=mm&r=g\",\"contentUrl\":\"https:\/\/secure.gravatar.com\/avatar\/929f45c18759f15bc69ebb2c989dc3f1733d348e81e97f979f32017e6ca077ee?s=96&d=mm&r=g\",\"caption\":\"murielkayser\"},\"url\":\"#\"}]}<\/script>\n<!-- \/ Yoast SEO plugin. -->","yoast_head_json":{"title":"Karnevalsumzug 15.03.2026 | Infos Stra\u00dfensperrungen &amp; Busverkehr - Ville de Remich","robots":{"index":"index","follow":"follow","max-snippet":"max-snippet:-1","max-image-preview":"max-image-preview:large","max-video-preview":"max-video-preview:-1"},"canonical":"https:\/\/bierger.remich.lu\/2026\/03\/10\/karnevalsumzug-15-03-2026-infos-strassensperrungen-busverkehr\/","og_locale":"de_DE","og_type":"article","og_title":"Karnevalsumzug 15.03.2026 | Infos Stra\u00dfensperrungen &amp; Busverkehr - Ville de Remich","og_description":"Verkehr Wegen des Karnevalumzuges sind am Sonntag, den 15. M\u00e4rz 2026 ab 13 Uhr bis zum Ende der Veranstaltung (ca. 18 Uhr) verschiedene Stra\u00dfen in Remich nicht zug\u00e4nglich. Desweiteren gilt an vielen Stellen ein Parkverbot. Bitte beachten Sie die Beschilderung mit den detaillierten Uhrzeiten der Parkverbote! Detaillierte Informationen finden Sie in der Verkehrsordnung. Umleitungen werden... Mehr lesen \u00bb","og_url":"https:\/\/bierger.remich.lu\/2026\/03\/10\/karnevalsumzug-15-03-2026-infos-strassensperrungen-busverkehr\/","og_site_name":"Ville de Remich","article_published_time":"2026-03-10T13:12:53+00:00","article_modified_time":"2026-03-19T13:54:55+00:00","og_image":[{"width":2560,"height":2560,"url":"https:\/\/bierger.remich.lu\/wp-content\/uploads\/sites\/3\/2026\/03\/HFF-Programm-all-2026-1080x1080px5-scaled.jpg","type":"image\/jpeg"}],"author":"murielkayser","twitter_card":"summary_large_image","twitter_misc":{"Verfasst von":"murielkayser","Gesch\u00e4tzte Lesezeit":"1\u00a0Minute"},"schema":{"@context":"https:\/\/schema.org","@graph":[{"@type":"Article","@id":"https:\/\/bierger.remich.lu\/2026\/03\/10\/karnevalsumzug-15-03-2026-infos-strassensperrungen-busverkehr\/#article","isPartOf":{"@id":"https:\/\/bierger.remich.lu\/2026\/03\/10\/karnevalsumzug-15-03-2026-infos-strassensperrungen-busverkehr\/"},"author":{"name":"murielkayser","@id":"https:\/\/bierger.remich.lu\/de\/#\/schema\/person\/5babce1f1102bf4d794591f52f77f7ac"},"headline":"Karnevalsumzug 15.03.2026 | Infos Stra\u00dfensperrungen &amp; Busverkehr","datePublished":"2026-03-10T13:12:53+00:00","dateModified":"2026-03-19T13:54:55+00:00","mainEntityOfPage":{"@id":"https:\/\/bierger.remich.lu\/2026\/03\/10\/karnevalsumzug-15-03-2026-infos-strassensperrungen-busverkehr\/"},"wordCount":446,"commentCount":0,"image":{"@id":"https:\/\/bierger.remich.lu\/2026\/03\/10\/karnevalsumzug-15-03-2026-infos-strassensperrungen-busverkehr\/#primaryimage"},"thumbnailUrl":"https:\/\/bierger.remich.lu\/wp-content\/uploads\/sites\/3\/2026\/03\/HFF-Programm-all-2026-1080x1080px5-scaled-1024x1024.jpg","articleSection":["Uncategorized"],"inLanguage":"de","potentialAction":[{"@type":"CommentAction","name":"Comment","target":["https:\/\/bierger.remich.lu\/2026\/03\/10\/karnevalsumzug-15-03-2026-infos-strassensperrungen-busverkehr\/#respond"]}]},{"@type":"WebPage","@id":"https:\/\/bierger.remich.lu\/2026\/03\/10\/karnevalsumzug-15-03-2026-infos-strassensperrungen-busverkehr\/","url":"https:\/\/bierger.remich.lu\/2026\/03\/10\/karnevalsumzug-15-03-2026-infos-strassensperrungen-busverkehr\/","name":"Karnevalsumzug 15.03.2026 | Infos Stra\u00dfensperrungen &amp; Busverkehr - Ville de Remich","isPartOf":{"@id":"https:\/\/bierger.remich.lu\/de\/#website"},"primaryImageOfPage":{"@id":"https:\/\/bierger.remich.lu\/2026\/03\/10\/karnevalsumzug-15-03-2026-infos-strassensperrungen-busverkehr\/#primaryimage"},"image":{"@id":"https:\/\/bierger.remich.lu\/2026\/03\/10\/karnevalsumzug-15-03-2026-infos-strassensperrungen-busverkehr\/#primaryimage"},"thumbnailUrl":"https:\/\/bierger.remich.lu\/wp-content\/uploads\/sites\/3\/2026\/03\/HFF-Programm-all-2026-1080x1080px5-scaled-1024x1024.jpg","datePublished":"2026-03-10T13:12:53+00:00","dateModified":"2026-03-19T13:54:55+00:00","author":{"@id":"https:\/\/bierger.remich.lu\/de\/#\/schema\/person\/5babce1f1102bf4d794591f52f77f7ac"},"breadcrumb":{"@id":"https:\/\/bierger.remich.lu\/2026\/03\/10\/karnevalsumzug-15-03-2026-infos-strassensperrungen-busverkehr\/#breadcrumb"},"inLanguage":"de","potentialAction":[{"@type":"ReadAction","target":["https:\/\/bierger.remich.lu\/2026\/03\/10\/karnevalsumzug-15-03-2026-infos-strassensperrungen-busverkehr\/"]}]},{"@type":"ImageObject","inLanguage":"de","@id":"https:\/\/bierger.remich.lu\/2026\/03\/10\/karnevalsumzug-15-03-2026-infos-strassensperrungen-busverkehr\/#primaryimage","url":"https:\/\/bierger.remich.lu\/wp-content\/uploads\/sites\/3\/2026\/03\/HFF-Programm-all-2026-1080x1080px5-scaled-1024x1024.jpg","contentUrl":"https:\/\/bierger.remich.lu\/wp-content\/uploads\/sites\/3\/2026\/03\/HFF-Programm-all-2026-1080x1080px5-scaled-1024x1024.jpg"},{"@type":"BreadcrumbList","@id":"https:\/\/bierger.remich.lu\/2026\/03\/10\/karnevalsumzug-15-03-2026-infos-strassensperrungen-busverkehr\/#breadcrumb","itemListElement":[{"@type":"ListItem","position":1,"name":"Startseite","item":"https:\/\/bierger.remich.lu\/de\/"},{"@type":"ListItem","position":2,"name":"Karnevalsumzug 15.03.2026 | Infos Stra\u00dfensperrungen &amp; Busverkehr"}]},{"@type":"WebSite","@id":"https:\/\/bierger.remich.lu\/de\/#website","url":"https:\/\/bierger.remich.lu\/de\/","name":"Ville de Remich","description":"","potentialAction":[{"@type":"SearchAction","target":{"@type":"EntryPoint","urlTemplate":"https:\/\/bierger.remich.lu\/de\/?s={search_term_string}"},"query-input":{"@type":"PropertyValueSpecification","valueRequired":true,"valueName":"search_term_string"}}],"inLanguage":"de"},{"@type":"Person","@id":"https:\/\/bierger.remich.lu\/de\/#\/schema\/person\/5babce1f1102bf4d794591f52f77f7ac","name":"murielkayser","image":{"@type":"ImageObject","inLanguage":"de","@id":"https:\/\/bierger.remich.lu\/de\/#\/schema\/person\/image\/","url":"https:\/\/secure.gravatar.com\/avatar\/929f45c18759f15bc69ebb2c989dc3f1733d348e81e97f979f32017e6ca077ee?s=96&d=mm&r=g","contentUrl":"https:\/\/secure.gravatar.com\/avatar\/929f45c18759f15bc69ebb2c989dc3f1733d348e81e97f979f32017e6ca077ee?s=96&d=mm&r=g","caption":"murielkayser"},"url":"#"}]}},"_links":{"self":[{"href":"https:\/\/bierger.remich.lu\/de\/wp-json\/wp\/v2\/posts\/19259","targetHints":{"allow":["GET"]}}],"collection":[{"href":"https:\/\/bierger.remich.lu\/de\/wp-json\/wp\/v2\/posts"}],"about":[{"href":"https:\/\/bierger.remich.lu\/de\/wp-json\/wp\/v2\/types\/post"}],"author":[{"embeddable":true,"href":"https:\/\/bierger.remich.lu\/de\/wp-json\/wp\/v2\/users\/4"}],"replies":[{"embeddable":true,"href":"https:\/\/bierger.remich.lu\/de\/wp-json\/wp\/v2\/comments?post=19259"}],"version-history":[{"count":3,"href":"https:\/\/bierger.remich.lu\/de\/wp-json\/wp\/v2\/posts\/19259\/revisions"}],"predecessor-version":[{"id":19269,"href":"https:\/\/bierger.remich.lu\/de\/wp-json\/wp\/v2\/posts\/19259\/revisions\/19269"}],"wp:attachment":[{"href":"https:\/\/bierger.remich.lu\/de\/wp-json\/wp\/v2\/media?parent=19259"}],"wp:term":[{"taxonomy":"category","embeddable":true,"href":"https:\/\/bierger.remich.lu\/de\/wp-json\/wp\/v2\/categories?post=19259"},{"taxonomy":"post_tag","embeddable":true,"href":"https:\/\/bierger.remich.lu\/de\/wp-json\/wp\/v2\/tags?post=19259"}],"curies":[{"name":"wp","href":"https:\/\/api.w.org\/{rel}","templated":true}]}}