{"id":21156,"date":"2026-09-03T09:56:24","date_gmt":"2026-09-03T07:56:24","guid":{"rendered":"https:\/\/bierger.remich.lu\/?p=21156"},"modified":"2026-09-03T10:00:37","modified_gmt":"2026-09-03T08:00:37","slug":"abschaffung-der-ecobacs-ab-dem-1-januar-2027","status":"publish","type":"post","link":"https:\/\/bierger.remich.lu\/de\/2026\/09\/03\/abschaffung-der-ecobacs-ab-dem-1-januar-2027\/","title":{"rendered":"Abschaffung der \u00ab Ecobacs \u00bb ab dem 1. Januar 2027"},"content":{"rendered":"Die B\u00fcrgerinnen und B\u00fcrger werden dar\u00fcber informiert, dass das Syndikat SIGRE beschlossen hat, die \u201eEcobacs\u201c ab dem 1. Januar 2027 aus seinem System der Entleerungsbeh\u00e4lter zu entfernen. Die \u201eEcobacs\u201c m\u00fcssen daher durch eine M\u00fclltonne ersetzt werden.<\/p>\n<p><strong>Was m\u00fcssen Sie tun?<\/strong><\/p>\n<p>Haushalte, die derzeit \u00fcber einen \u201eEcobac\u201c verf\u00fcgen, werden gebeten, sich an das Einwohnermeldeamt zu wenden, um diesen kostenlos gegen eine M\u00fclltonne ihrer Wahl (45, 120 oder 240 Liter) auszutauschen.<\/p>\n<p><strong>Was geschieht mit Ihrem alten Ecobac?<\/strong><\/p>\n<p>Sie haben zwei M\u00f6glichkeiten:<\/p>\n<ul>\n<li>Sie k\u00f6nnen Ihren alten Ecobac behalten (der ab dem 1. Januar nicht mehr geleert wird), <em>oder<\/em><\/li>\n<li>Sie k\u00f6nnen ihn bei uns abgeben. In diesem Fall stellen Sie ihn bitte vor Ihrem Wohnsitz bereit. Er wird von uns bei der Lieferung Ihrer neuen M\u00fclltonne abgeholt.<\/li>\n<\/ul>\n<p><strong>F\u00fcr den Austausch<\/strong><\/p>\n<p>Bitte wenden Sie sich an das Einwohnermeldeamt:<\/p>\n<ul>\n<li>Telefon: 23 69 22 \u2013 11 \/ \u2013 17<\/li>\n<li>E-Mail: population@remich.lu<\/li>\n<li>Im Rathaus: w\u00e4hrend der \u00d6ffnungszeiten<\/li>\n<\/ul>","protected":false},"excerpt":{"rendered":"<p>Die B\u00fcrgerinnen und B\u00fcrger werden dar\u00fcber informiert, dass das Syndikat SIGRE beschlossen hat, die \u201eEcobacs\u201c ab dem 1. Januar 2027 aus seinem System der Entleerungsbeh\u00e4lter zu entfernen. Die \u201eEcobacs\u201c m\u00fcssen daher durch eine M\u00fclltonne ersetzt werden. Was m\u00fcssen Sie tun? Haushalte, die derzeit \u00fcber einen \u201eEcobac\u201c verf\u00fcgen, werden gebeten, sich an das Einwohnermeldeamt zu wenden,&#8230;  <a class=\"excerpt-read-more\" href=\"https:\/\/bierger.remich.lu\/de\/2026\/09\/03\/abschaffung-der-ecobacs-ab-dem-1-januar-2027\/\" title=\"ReadAbschaffung der \u00ab Ecobacs \u00bb ab dem 1. Januar 2027\">Mehr lesen \u00bb<\/a><\/p>\n","protected":false},"author":10,"featured_media":21158,"comment_status":"closed","ping_status":"closed","sticky":false,"template":"","format":"standard","meta":{"_acf_changed":false,"xn-wppe-expiration":[],"xn-wppe-expiration-action":[],"xn-wppe-expiration-prefix":[],"footnotes":"","_links_to":"","_links_to_target":""},"categories":[1],"tags":[],"class_list":["post-21156","post","type-post","status-publish","format-standard","has-post-thumbnail","hentry","category-news","keyword-abfall","keyword-sigre"],"acf":[],"yoast_head":"<!-- This site is optimized with the Yoast SEO plugin v28.0 - https:\/\/yoast.com\/product\/yoast-seo-wordpress\/ -->\n<title>Abschaffung der \u00ab Ecobacs \u00bb ab dem 1. Januar 2027 - Ville de Remich<\/title>\n<meta name=\"robots\" content=\"index, follow, max-snippet:-1, max-image-preview:large, max-video-preview:-1\" \/>\n<link rel=\"canonical\" href=\"https:\/\/bierger.remich.lu\/2026\/09\/03\/abschaffung-der-ecobacs-ab-dem-1-januar-2027\/\" \/>\n<meta property=\"og:locale\" content=\"de_DE\" \/>\n<meta property=\"og:type\" content=\"article\" \/>\n<meta property=\"og:title\" content=\"Abschaffung der \u00ab Ecobacs \u00bb ab dem 1. Januar 2027 - Ville de Remich\" \/>\n<meta property=\"og:description\" content=\"Die B\u00fcrgerinnen und B\u00fcrger werden dar\u00fcber informiert, dass das Syndikat SIGRE beschlossen hat, die \u201eEcobacs\u201c ab dem 1. Januar 2027 aus seinem System der Entleerungsbeh\u00e4lter zu entfernen. Die \u201eEcobacs\u201c m\u00fcssen daher durch eine M\u00fclltonne ersetzt werden. Was m\u00fcssen Sie tun? Haushalte, die derzeit \u00fcber einen \u201eEcobac\u201c verf\u00fcgen, werden gebeten, sich an das Einwohnermeldeamt zu wenden,... Mehr lesen \u00bb\" \/>\n<meta property=\"og:url\" content=\"https:\/\/bierger.remich.lu\/2026\/09\/03\/abschaffung-der-ecobacs-ab-dem-1-januar-2027\/\" \/>\n<meta property=\"og:site_name\" content=\"Ville de Remich\" \/>\n<meta property=\"article:published_time\" content=\"2026-09-03T07:56:24+00:00\" \/>\n<meta property=\"article:modified_time\" content=\"2026-09-03T08:00:37+00:00\" \/>\n<meta property=\"og:image\" content=\"https:\/\/bierger.remich.lu\/wp-content\/uploads\/sites\/3\/2026\/09\/Ecobac.png\" \/>\n\t<meta property=\"og:image:width\" content=\"984\" \/>\n\t<meta property=\"og:image:height\" content=\"874\" \/>\n\t<meta property=\"og:image:type\" content=\"image\/png\" \/>\n<meta name=\"author\" content=\"mhentzen\" \/>\n<meta name=\"twitter:card\" content=\"summary_large_image\" \/>\n<meta name=\"twitter:label1\" content=\"Verfasst von\" \/>\n\t<meta name=\"twitter:data1\" content=\"mhentzen\" \/>\n\t<meta name=\"twitter:label2\" content=\"Gesch\u00e4tzte Lesezeit\" \/>\n\t<meta name=\"twitter:data2\" content=\"2\u00a0Minuten\" \/>\n<script type=\"application\/ld+json\" class=\"yoast-schema-graph\">{\"@context\":\"https:\\\/\\\/schema.org\",\"@graph\":[{\"@type\":\"Article\",\"@id\":\"https:\\\/\\\/bierger.remich.lu\\\/2026\\\/09\\\/03\\\/abschaffung-der-ecobacs-ab-dem-1-januar-2027\\\/#article\",\"isPartOf\":{\"@id\":\"https:\\\/\\\/bierger.remich.lu\\\/2026\\\/09\\\/03\\\/abschaffung-der-ecobacs-ab-dem-1-januar-2027\\\/\"},\"author\":{\"name\":\"mhentzen\",\"@id\":\"https:\\\/\\\/bierger.remich.lu\\\/de\\\/#\\\/schema\\\/person\\\/98cc83d0f5956d8b94a9786cf0a75c67\"},\"headline\":\"Abschaffung der \u00ab Ecobacs \u00bb ab dem 1. Januar 2027\",\"datePublished\":\"2026-09-03T07:56:24+00:00\",\"dateModified\":\"2026-09-03T08:00:37+00:00\",\"mainEntityOfPage\":{\"@id\":\"https:\\\/\\\/bierger.remich.lu\\\/2026\\\/09\\\/03\\\/abschaffung-der-ecobacs-ab-dem-1-januar-2027\\\/\"},\"wordCount\":658,\"image\":{\"@id\":\"https:\\\/\\\/bierger.remich.lu\\\/2026\\\/09\\\/03\\\/abschaffung-der-ecobacs-ab-dem-1-januar-2027\\\/#primaryimage\"},\"thumbnailUrl\":\"https:\\\/\\\/bierger.remich.lu\\\/wp-content\\\/uploads\\\/sites\\\/3\\\/2026\\\/09\\\/Ecobac.png\",\"articleSection\":[\"Uncategorized\"],\"inLanguage\":\"de\"},{\"@type\":\"WebPage\",\"@id\":\"https:\\\/\\\/bierger.remich.lu\\\/2026\\\/09\\\/03\\\/abschaffung-der-ecobacs-ab-dem-1-januar-2027\\\/\",\"url\":\"https:\\\/\\\/bierger.remich.lu\\\/2026\\\/09\\\/03\\\/abschaffung-der-ecobacs-ab-dem-1-januar-2027\\\/\",\"name\":\"Abschaffung der \u00ab Ecobacs \u00bb ab dem 1. Januar 2027 - Ville de Remich\",\"isPartOf\":{\"@id\":\"https:\\\/\\\/bierger.remich.lu\\\/de\\\/#website\"},\"primaryImageOfPage\":{\"@id\":\"https:\\\/\\\/bierger.remich.lu\\\/2026\\\/09\\\/03\\\/abschaffung-der-ecobacs-ab-dem-1-januar-2027\\\/#primaryimage\"},\"image\":{\"@id\":\"https:\\\/\\\/bierger.remich.lu\\\/2026\\\/09\\\/03\\\/abschaffung-der-ecobacs-ab-dem-1-januar-2027\\\/#primaryimage\"},\"thumbnailUrl\":\"https:\\\/\\\/bierger.remich.lu\\\/wp-content\\\/uploads\\\/sites\\\/3\\\/2026\\\/09\\\/Ecobac.png\",\"datePublished\":\"2026-09-03T07:56:24+00:00\",\"dateModified\":\"2026-09-03T08:00:37+00:00\",\"author\":{\"@id\":\"https:\\\/\\\/bierger.remich.lu\\\/de\\\/#\\\/schema\\\/person\\\/98cc83d0f5956d8b94a9786cf0a75c67\"},\"breadcrumb\":{\"@id\":\"https:\\\/\\\/bierger.remich.lu\\\/2026\\\/09\\\/03\\\/abschaffung-der-ecobacs-ab-dem-1-januar-2027\\\/#breadcrumb\"},\"inLanguage\":\"de\",\"potentialAction\":[{\"@type\":\"ReadAction\",\"target\":[\"https:\\\/\\\/bierger.remich.lu\\\/2026\\\/09\\\/03\\\/abschaffung-der-ecobacs-ab-dem-1-januar-2027\\\/\"]}]},{\"@type\":\"ImageObject\",\"inLanguage\":\"de\",\"@id\":\"https:\\\/\\\/bierger.remich.lu\\\/2026\\\/09\\\/03\\\/abschaffung-der-ecobacs-ab-dem-1-januar-2027\\\/#primaryimage\",\"url\":\"https:\\\/\\\/bierger.remich.lu\\\/wp-content\\\/uploads\\\/sites\\\/3\\\/2026\\\/09\\\/Ecobac.png\",\"contentUrl\":\"https:\\\/\\\/bierger.remich.lu\\\/wp-content\\\/uploads\\\/sites\\\/3\\\/2026\\\/09\\\/Ecobac.png\",\"width\":984,\"height\":874},{\"@type\":\"BreadcrumbList\",\"@id\":\"https:\\\/\\\/bierger.remich.lu\\\/2026\\\/09\\\/03\\\/abschaffung-der-ecobacs-ab-dem-1-januar-2027\\\/#breadcrumb\",\"itemListElement\":[{\"@type\":\"ListItem\",\"position\":1,\"name\":\"Startseite\",\"item\":\"https:\\\/\\\/bierger.remich.lu\\\/de\\\/\"},{\"@type\":\"ListItem\",\"position\":2,\"name\":\"Abschaffung der \u00ab Ecobacs \u00bb ab dem 1. Januar 2027\"}]},{\"@type\":\"WebSite\",\"@id\":\"https:\\\/\\\/bierger.remich.lu\\\/de\\\/#website\",\"url\":\"https:\\\/\\\/bierger.remich.lu\\\/de\\\/\",\"name\":\"Ville de Remich\",\"description\":\"\",\"potentialAction\":[{\"@type\":\"SearchAction\",\"target\":{\"@type\":\"EntryPoint\",\"urlTemplate\":\"https:\\\/\\\/bierger.remich.lu\\\/de\\\/?s={search_term_string}\"},\"query-input\":{\"@type\":\"PropertyValueSpecification\",\"valueRequired\":true,\"valueName\":\"search_term_string\"}}],\"inLanguage\":\"de\"},{\"@type\":\"Person\",\"@id\":\"https:\\\/\\\/bierger.remich.lu\\\/de\\\/#\\\/schema\\\/person\\\/98cc83d0f5956d8b94a9786cf0a75c67\",\"name\":\"mhentzen\",\"image\":{\"@type\":\"ImageObject\",\"inLanguage\":\"de\",\"@id\":\"https:\\\/\\\/secure.gravatar.com\\\/avatar\\\/87fd6fcd1a8fbe02eaa3494dc83b290e352aeef27655d224fac9f407d859d342?s=96&d=mm&r=g\",\"url\":\"https:\\\/\\\/secure.gravatar.com\\\/avatar\\\/87fd6fcd1a8fbe02eaa3494dc83b290e352aeef27655d224fac9f407d859d342?s=96&d=mm&r=g\",\"contentUrl\":\"https:\\\/\\\/secure.gravatar.com\\\/avatar\\\/87fd6fcd1a8fbe02eaa3494dc83b290e352aeef27655d224fac9f407d859d342?s=96&d=mm&r=g\",\"caption\":\"mhentzen\"},\"url\":\"#\"}]}<\/script>\n<!-- \/ Yoast SEO plugin. -->","yoast_head_json":{"title":"Abschaffung der \u00ab Ecobacs \u00bb ab dem 1. Januar 2027 - Ville de Remich","robots":{"index":"index","follow":"follow","max-snippet":"max-snippet:-1","max-image-preview":"max-image-preview:large","max-video-preview":"max-video-preview:-1"},"canonical":"https:\/\/bierger.remich.lu\/2026\/09\/03\/abschaffung-der-ecobacs-ab-dem-1-januar-2027\/","og_locale":"de_DE","og_type":"article","og_title":"Abschaffung der \u00ab Ecobacs \u00bb ab dem 1. Januar 2027 - Ville de Remich","og_description":"Die B\u00fcrgerinnen und B\u00fcrger werden dar\u00fcber informiert, dass das Syndikat SIGRE beschlossen hat, die \u201eEcobacs\u201c ab dem 1. Januar 2027 aus seinem System der Entleerungsbeh\u00e4lter zu entfernen. Die \u201eEcobacs\u201c m\u00fcssen daher durch eine M\u00fclltonne ersetzt werden. Was m\u00fcssen Sie tun? Haushalte, die derzeit \u00fcber einen \u201eEcobac\u201c verf\u00fcgen, werden gebeten, sich an das Einwohnermeldeamt zu wenden,... Mehr lesen \u00bb","og_url":"https:\/\/bierger.remich.lu\/2026\/09\/03\/abschaffung-der-ecobacs-ab-dem-1-januar-2027\/","og_site_name":"Ville de Remich","article_published_time":"2026-09-03T07:56:24+00:00","article_modified_time":"2026-09-03T08:00:37+00:00","og_image":[{"width":984,"height":874,"url":"https:\/\/bierger.remich.lu\/wp-content\/uploads\/sites\/3\/2026\/09\/Ecobac.png","type":"image\/png"}],"author":"mhentzen","twitter_card":"summary_large_image","twitter_misc":{"Verfasst von":"mhentzen","Gesch\u00e4tzte Lesezeit":"2\u00a0Minuten"},"schema":{"@context":"https:\/\/schema.org","@graph":[{"@type":"Article","@id":"https:\/\/bierger.remich.lu\/2026\/09\/03\/abschaffung-der-ecobacs-ab-dem-1-januar-2027\/#article","isPartOf":{"@id":"https:\/\/bierger.remich.lu\/2026\/09\/03\/abschaffung-der-ecobacs-ab-dem-1-januar-2027\/"},"author":{"name":"mhentzen","@id":"https:\/\/bierger.remich.lu\/de\/#\/schema\/person\/98cc83d0f5956d8b94a9786cf0a75c67"},"headline":"Abschaffung der \u00ab Ecobacs \u00bb ab dem 1. Januar 2027","datePublished":"2026-09-03T07:56:24+00:00","dateModified":"2026-09-03T08:00:37+00:00","mainEntityOfPage":{"@id":"https:\/\/bierger.remich.lu\/2026\/09\/03\/abschaffung-der-ecobacs-ab-dem-1-januar-2027\/"},"wordCount":658,"image":{"@id":"https:\/\/bierger.remich.lu\/2026\/09\/03\/abschaffung-der-ecobacs-ab-dem-1-januar-2027\/#primaryimage"},"thumbnailUrl":"https:\/\/bierger.remich.lu\/wp-content\/uploads\/sites\/3\/2026\/09\/Ecobac.png","articleSection":["Uncategorized"],"inLanguage":"de"},{"@type":"WebPage","@id":"https:\/\/bierger.remich.lu\/2026\/09\/03\/abschaffung-der-ecobacs-ab-dem-1-januar-2027\/","url":"https:\/\/bierger.remich.lu\/2026\/09\/03\/abschaffung-der-ecobacs-ab-dem-1-januar-2027\/","name":"Abschaffung der \u00ab Ecobacs \u00bb ab dem 1. Januar 2027 - Ville de Remich","isPartOf":{"@id":"https:\/\/bierger.remich.lu\/de\/#website"},"primaryImageOfPage":{"@id":"https:\/\/bierger.remich.lu\/2026\/09\/03\/abschaffung-der-ecobacs-ab-dem-1-januar-2027\/#primaryimage"},"image":{"@id":"https:\/\/bierger.remich.lu\/2026\/09\/03\/abschaffung-der-ecobacs-ab-dem-1-januar-2027\/#primaryimage"},"thumbnailUrl":"https:\/\/bierger.remich.lu\/wp-content\/uploads\/sites\/3\/2026\/09\/Ecobac.png","datePublished":"2026-09-03T07:56:24+00:00","dateModified":"2026-09-03T08:00:37+00:00","author":{"@id":"https:\/\/bierger.remich.lu\/de\/#\/schema\/person\/98cc83d0f5956d8b94a9786cf0a75c67"},"breadcrumb":{"@id":"https:\/\/bierger.remich.lu\/2026\/09\/03\/abschaffung-der-ecobacs-ab-dem-1-januar-2027\/#breadcrumb"},"inLanguage":"de","potentialAction":[{"@type":"ReadAction","target":["https:\/\/bierger.remich.lu\/2026\/09\/03\/abschaffung-der-ecobacs-ab-dem-1-januar-2027\/"]}]},{"@type":"ImageObject","inLanguage":"de","@id":"https:\/\/bierger.remich.lu\/2026\/09\/03\/abschaffung-der-ecobacs-ab-dem-1-januar-2027\/#primaryimage","url":"https:\/\/bierger.remich.lu\/wp-content\/uploads\/sites\/3\/2026\/09\/Ecobac.png","contentUrl":"https:\/\/bierger.remich.lu\/wp-content\/uploads\/sites\/3\/2026\/09\/Ecobac.png","width":984,"height":874},{"@type":"BreadcrumbList","@id":"https:\/\/bierger.remich.lu\/2026\/09\/03\/abschaffung-der-ecobacs-ab-dem-1-januar-2027\/#breadcrumb","itemListElement":[{"@type":"ListItem","position":1,"name":"Startseite","item":"https:\/\/bierger.remich.lu\/de\/"},{"@type":"ListItem","position":2,"name":"Abschaffung der \u00ab Ecobacs \u00bb ab dem 1. Januar 2027"}]},{"@type":"WebSite","@id":"https:\/\/bierger.remich.lu\/de\/#website","url":"https:\/\/bierger.remich.lu\/de\/","name":"Ville de Remich","description":"","potentialAction":[{"@type":"SearchAction","target":{"@type":"EntryPoint","urlTemplate":"https:\/\/bierger.remich.lu\/de\/?s={search_term_string}"},"query-input":{"@type":"PropertyValueSpecification","valueRequired":true,"valueName":"search_term_string"}}],"inLanguage":"de"},{"@type":"Person","@id":"https:\/\/bierger.remich.lu\/de\/#\/schema\/person\/98cc83d0f5956d8b94a9786cf0a75c67","name":"mhentzen","image":{"@type":"ImageObject","inLanguage":"de","@id":"https:\/\/secure.gravatar.com\/avatar\/87fd6fcd1a8fbe02eaa3494dc83b290e352aeef27655d224fac9f407d859d342?s=96&d=mm&r=g","url":"https:\/\/secure.gravatar.com\/avatar\/87fd6fcd1a8fbe02eaa3494dc83b290e352aeef27655d224fac9f407d859d342?s=96&d=mm&r=g","contentUrl":"https:\/\/secure.gravatar.com\/avatar\/87fd6fcd1a8fbe02eaa3494dc83b290e352aeef27655d224fac9f407d859d342?s=96&d=mm&r=g","caption":"mhentzen"},"url":"#"}]}},"_links":{"self":[{"href":"https:\/\/bierger.remich.lu\/de\/wp-json\/wp\/v2\/posts\/21156","targetHints":{"allow":["GET"]}}],"collection":[{"href":"https:\/\/bierger.remich.lu\/de\/wp-json\/wp\/v2\/posts"}],"about":[{"href":"https:\/\/bierger.remich.lu\/de\/wp-json\/wp\/v2\/types\/post"}],"author":[{"embeddable":true,"href":"https:\/\/bierger.remich.lu\/de\/wp-json\/wp\/v2\/users\/10"}],"replies":[{"embeddable":true,"href":"https:\/\/bierger.remich.lu\/de\/wp-json\/wp\/v2\/comments?post=21156"}],"version-history":[{"count":2,"href":"https:\/\/bierger.remich.lu\/de\/wp-json\/wp\/v2\/posts\/21156\/revisions"}],"predecessor-version":[{"id":21159,"href":"https:\/\/bierger.remich.lu\/de\/wp-json\/wp\/v2\/posts\/21156\/revisions\/21159"}],"wp:featuredmedia":[{"embeddable":true,"href":"https:\/\/bierger.remich.lu\/de\/wp-json\/wp\/v2\/media\/21158"}],"wp:attachment":[{"href":"https:\/\/bierger.remich.lu\/de\/wp-json\/wp\/v2\/media?parent=21156"}],"wp:term":[{"taxonomy":"category","embeddable":true,"href":"https:\/\/bierger.remich.lu\/de\/wp-json\/wp\/v2\/categories?post=21156"},{"taxonomy":"post_tag","embeddable":true,"href":"https:\/\/bierger.remich.lu\/de\/wp-json\/wp\/v2\/tags?post=21156"}],"curies":[{"name":"wp","href":"https:\/\/api.w.org\/{rel}","templated":true}]}}