{"id":10932,"date":"2022-09-01T11:54:05","date_gmt":"2022-09-01T09:54:05","guid":{"rendered":"https:\/\/bierger.remich.lu\/?p=10932"},"modified":"2023-01-13T09:59:25","modified_gmt":"2023-01-13T08:59:25","slug":"spzialamt-remich-oscr-sprachkurse-2022-2023","status":"publish","type":"post","link":"https:\/\/bierger.remich.lu\/fr\/2022\/09\/01\/spzialamt-remich-oscr-sprachkurse-2022-2023\/","title":{"rendered":"Office social commun Remich (OSCR) | Cours de langue 2022-2023"},"content":{"rendered":"<p style=\"font-weight: 400\"><strong>Cours de langues : (<\/strong><strong>Ver\u00e4inshaus |\u00a05, mont\u00e9e de l\u2019\u00c9glise \u2013 L-5530 Remich)<\/strong><\/p>\n<ol>\n<li>FRAN\u00c7AIS (Niveau A.1.1.) | R\u00e9f\u00e9rence\u00a0: LA-FR-467 | Dates\u00a0: 20.09.2022\u201309.02.2023 | Fr\u00e9quence\u00a0: mardi et jeudi | Horaire\u00a0: 09:00-11:00<\/li>\n<li>FRAN\u00c7AIS (Niveau A.1.2.) | R\u00e9f\u00e9rence\u00a0: LA-FR-487 | Dates\u00a0: 21.02.\u201313.07.2023 | Fr\u00e9quence\u00a0: mardi et jeudi | Horaire\u00a0: 09:00-11:00<\/li>\n<li>LUXEMBOURGEOIS (Niveau A.1.1.) | R\u00e9f\u00e9rence\u00a0: LA-LB-592 | Dates\u00a0: 21.02.\u201313.07.2023 | Fr\u00e9quence\u00a0: mardi et jeudi | Horaire\u00a0: 17:30-19:30<\/li>\n<\/ol>\n<p style=\"font-weight: 400\"><em><strong>Inscription\u00a0:<\/strong> <\/em><\/p>\n<p style=\"font-weight: 400\">Pour votre inscription au cours de langues, veuillez envoyer les pi\u00e8ces ci-apr\u00e8s \u00e0 l\u2019adresse email suivante : <em>sophiedol@gmail.com<\/em>.\u00a0Tous les documents doivent \u00eatre envoy\u00e9s ensemble dans un courriel sous peine de refus :<\/p>\n<ul>\n<li>formulaire d\u2019inscription compl\u00e9t\u00e9 (\u00e0 t\u00e9l\u00e9charger sur www.oscr.lu)<\/li>\n<li>avis de d\u00e9bit des frais d\u2019inscription (copie du paiement) avec mention du nom complet et de la r\u00e9f\u00e9rence du cours: 216 \u20ac (cours de 72 heures) \/ 10 \u20ac (avec pr\u00e9sentation du bon)<\/li>\n<li>le bon si vous payez 10 \u20ac<\/li>\n<\/ul>\n<p style=\"font-weight: 400\"><em><strong>Contact :<\/strong><\/em><\/p>\n<ul>\n<li style=\"font-weight: 400\">Office Social Commun Remich (OSCR)<\/li>\n<li style=\"font-weight: 400\">16-18, rue Macher<\/li>\n<li style=\"font-weight: 400\">L-5550 Remich<\/li>\n<li style=\"font-weight: 400\">(+352) 26 66 00 37<\/li>\n<li style=\"font-weight: 400\">info@oscr.lu<\/li>\n<\/ul>","protected":false},"excerpt":{"rendered":"<p>Cours de langues : (Ver\u00e4inshaus |\u00a05, mont\u00e9e de l\u2019\u00c9glise \u2013 L-5530 Remich) FRAN\u00c7AIS (Niveau A.1.1.) | R\u00e9f\u00e9rence\u00a0: LA-FR-467 | Dates\u00a0: 20.09.2022\u201309.02.2023 | Fr\u00e9quence\u00a0: mardi et jeudi | Horaire\u00a0: 09:00-11:00 FRAN\u00c7AIS (Niveau A.1.2.) | R\u00e9f\u00e9rence\u00a0: LA-FR-487 | Dates\u00a0: 21.02.\u201313.07.2023 | Fr\u00e9quence\u00a0: mardi et jeudi | Horaire\u00a0: 09:00-11:00 LUXEMBOURGEOIS (Niveau A.1.1.) | R\u00e9f\u00e9rence\u00a0: LA-LB-592 | Dates\u00a0: 21.02.\u201313.07.2023&#8230;  <a class=\"excerpt-read-more\" href=\"https:\/\/bierger.remich.lu\/fr\/2022\/09\/01\/spzialamt-remich-oscr-sprachkurse-2022-2023\/\" title=\"ReadOffice social commun Remich (OSCR) | Cours de langue 2022-2023\">Lire la suite \u00bb<\/a><\/p>\n","protected":false},"author":2,"featured_media":0,"comment_status":"open","ping_status":"open","sticky":false,"template":"","format":"standard","meta":{"_acf_changed":false,"xn-wppe-expiration":[],"xn-wppe-expiration-action":[],"xn-wppe-expiration-prefix":[],"footnotes":"","_links_to":"","_links_to_target":""},"categories":[1],"tags":[],"class_list":["post-10932","post","type-post","status-publish","format-standard","hentry","category-news","keyword-hein","keyword-mitteilungen","keyword-social","keyword-eau"],"acf":[],"yoast_head":"<!-- This site is optimized with the Yoast SEO plugin v26.7 - https:\/\/yoast.com\/wordpress\/plugins\/seo\/ -->\n<title>Office social commun Remich (OSCR) | Cours de langue 2022-2023 - Ville de Remich<\/title>\n<meta name=\"robots\" content=\"index, follow, max-snippet:-1, max-image-preview:large, max-video-preview:-1\" \/>\n<link rel=\"canonical\" href=\"https:\/\/bierger.remich.lu\/de\/2022\/09\/01\/spzialamt-remich-oscr-sprachkurse-2022-2023\/\" \/>\n<meta property=\"og:locale\" content=\"fr_FR\" \/>\n<meta property=\"og:type\" content=\"article\" \/>\n<meta property=\"og:title\" content=\"Office social commun Remich (OSCR) | Cours de langue 2022-2023 - Ville de Remich\" \/>\n<meta property=\"og:description\" content=\"Cours de langues : (Ver\u00e4inshaus |\u00a05, mont\u00e9e de l\u2019\u00c9glise \u2013 L-5530 Remich) FRAN\u00c7AIS (Niveau A.1.1.) | R\u00e9f\u00e9rence\u00a0: LA-FR-467 | Dates\u00a0: 20.09.2022\u201309.02.2023 | Fr\u00e9quence\u00a0: mardi et jeudi | Horaire\u00a0: 09:00-11:00 FRAN\u00c7AIS (Niveau A.1.2.) | R\u00e9f\u00e9rence\u00a0: LA-FR-487 | Dates\u00a0: 21.02.\u201313.07.2023 | Fr\u00e9quence\u00a0: mardi et jeudi | Horaire\u00a0: 09:00-11:00 LUXEMBOURGEOIS (Niveau A.1.1.) | R\u00e9f\u00e9rence\u00a0: LA-LB-592 | Dates\u00a0: 21.02.\u201313.07.2023... Lire la suite \u00bb\" \/>\n<meta property=\"og:url\" content=\"https:\/\/bierger.remich.lu\/de\/2022\/09\/01\/spzialamt-remich-oscr-sprachkurse-2022-2023\/\" \/>\n<meta property=\"og:site_name\" content=\"Ville de Remich\" \/>\n<meta property=\"article:published_time\" content=\"2022-09-01T09:54:05+00:00\" \/>\n<meta property=\"article:modified_time\" content=\"2023-01-13T08:59:25+00:00\" \/>\n<meta name=\"author\" content=\"carolesitz\" \/>\n<meta name=\"twitter:card\" content=\"summary_large_image\" \/>\n<meta name=\"twitter:label1\" content=\"\u00c9crit par\" \/>\n\t<meta name=\"twitter:data1\" content=\"carolesitz\" \/>\n\t<meta name=\"twitter:label2\" content=\"Dur\u00e9e de lecture estim\u00e9e\" \/>\n\t<meta name=\"twitter:data2\" content=\"1 minute\" \/>\n<script type=\"application\/ld+json\" class=\"yoast-schema-graph\">{\"@context\":\"https:\/\/schema.org\",\"@graph\":[{\"@type\":\"Article\",\"@id\":\"https:\/\/bierger.remich.lu\/de\/2022\/09\/01\/spzialamt-remich-oscr-sprachkurse-2022-2023\/#article\",\"isPartOf\":{\"@id\":\"https:\/\/bierger.remich.lu\/de\/2022\/09\/01\/spzialamt-remich-oscr-sprachkurse-2022-2023\/\"},\"author\":{\"name\":\"carolesitz\",\"@id\":\"https:\/\/bierger.remich.lu\/de\/#\/schema\/person\/2f4d1c58be815d7d2a723780582c5ea0\"},\"headline\":\"Office social commun Remich (OSCR) | Cours de langue 2022-2023\",\"datePublished\":\"2022-09-01T09:54:05+00:00\",\"dateModified\":\"2023-01-13T08:59:25+00:00\",\"mainEntityOfPage\":{\"@id\":\"https:\/\/bierger.remich.lu\/de\/2022\/09\/01\/spzialamt-remich-oscr-sprachkurse-2022-2023\/\"},\"wordCount\":311,\"commentCount\":0,\"articleSection\":[\"Uncategorized\"],\"inLanguage\":\"fr-FR\",\"potentialAction\":[{\"@type\":\"CommentAction\",\"name\":\"Comment\",\"target\":[\"https:\/\/bierger.remich.lu\/de\/2022\/09\/01\/spzialamt-remich-oscr-sprachkurse-2022-2023\/#respond\"]}]},{\"@type\":\"WebPage\",\"@id\":\"https:\/\/bierger.remich.lu\/de\/2022\/09\/01\/spzialamt-remich-oscr-sprachkurse-2022-2023\/\",\"url\":\"https:\/\/bierger.remich.lu\/de\/2022\/09\/01\/spzialamt-remich-oscr-sprachkurse-2022-2023\/\",\"name\":\"Office social commun Remich (OSCR) | Cours de langue 2022-2023 - Ville de Remich\",\"isPartOf\":{\"@id\":\"https:\/\/bierger.remich.lu\/de\/#website\"},\"datePublished\":\"2022-09-01T09:54:05+00:00\",\"dateModified\":\"2023-01-13T08:59:25+00:00\",\"author\":{\"@id\":\"https:\/\/bierger.remich.lu\/de\/#\/schema\/person\/2f4d1c58be815d7d2a723780582c5ea0\"},\"breadcrumb\":{\"@id\":\"https:\/\/bierger.remich.lu\/de\/2022\/09\/01\/spzialamt-remich-oscr-sprachkurse-2022-2023\/#breadcrumb\"},\"inLanguage\":\"fr-FR\",\"potentialAction\":[{\"@type\":\"ReadAction\",\"target\":[\"https:\/\/bierger.remich.lu\/de\/2022\/09\/01\/spzialamt-remich-oscr-sprachkurse-2022-2023\/\"]}]},{\"@type\":\"BreadcrumbList\",\"@id\":\"https:\/\/bierger.remich.lu\/de\/2022\/09\/01\/spzialamt-remich-oscr-sprachkurse-2022-2023\/#breadcrumb\",\"itemListElement\":[{\"@type\":\"ListItem\",\"position\":1,\"name\":\"Startseite\",\"item\":\"https:\/\/bierger.remich.lu\/de\/\"},{\"@type\":\"ListItem\",\"position\":2,\"name\":\"Sozialamt Remich (OSCR) | Sprachkurse 2022-2023\"}]},{\"@type\":\"WebSite\",\"@id\":\"https:\/\/bierger.remich.lu\/de\/#website\",\"url\":\"https:\/\/bierger.remich.lu\/de\/\",\"name\":\"Ville de Remich\",\"description\":\"\",\"potentialAction\":[{\"@type\":\"SearchAction\",\"target\":{\"@type\":\"EntryPoint\",\"urlTemplate\":\"https:\/\/bierger.remich.lu\/de\/?s={search_term_string}\"},\"query-input\":{\"@type\":\"PropertyValueSpecification\",\"valueRequired\":true,\"valueName\":\"search_term_string\"}}],\"inLanguage\":\"fr-FR\"},{\"@type\":\"Person\",\"@id\":\"https:\/\/bierger.remich.lu\/de\/#\/schema\/person\/2f4d1c58be815d7d2a723780582c5ea0\",\"name\":\"carolesitz\",\"image\":{\"@type\":\"ImageObject\",\"inLanguage\":\"fr-FR\",\"@id\":\"https:\/\/bierger.remich.lu\/de\/#\/schema\/person\/image\/\",\"url\":\"https:\/\/secure.gravatar.com\/avatar\/7085eef214126b2aad5cba674a30c015ce05951f082b5b560ff52555ccb605ba?s=96&d=mm&r=g\",\"contentUrl\":\"https:\/\/secure.gravatar.com\/avatar\/7085eef214126b2aad5cba674a30c015ce05951f082b5b560ff52555ccb605ba?s=96&d=mm&r=g\",\"caption\":\"carolesitz\"},\"url\":\"#\"}]}<\/script>\n<!-- \/ Yoast SEO plugin. -->","yoast_head_json":{"title":"Office social commun Remich (OSCR) | Cours de langue 2022-2023 - Ville de Remich","robots":{"index":"index","follow":"follow","max-snippet":"max-snippet:-1","max-image-preview":"max-image-preview:large","max-video-preview":"max-video-preview:-1"},"canonical":"https:\/\/bierger.remich.lu\/de\/2022\/09\/01\/spzialamt-remich-oscr-sprachkurse-2022-2023\/","og_locale":"fr_FR","og_type":"article","og_title":"Office social commun Remich (OSCR) | Cours de langue 2022-2023 - Ville de Remich","og_description":"Cours de langues : (Ver\u00e4inshaus |\u00a05, mont\u00e9e de l\u2019\u00c9glise \u2013 L-5530 Remich) FRAN\u00c7AIS (Niveau A.1.1.) | R\u00e9f\u00e9rence\u00a0: LA-FR-467 | Dates\u00a0: 20.09.2022\u201309.02.2023 | Fr\u00e9quence\u00a0: mardi et jeudi | Horaire\u00a0: 09:00-11:00 FRAN\u00c7AIS (Niveau A.1.2.) | R\u00e9f\u00e9rence\u00a0: LA-FR-487 | Dates\u00a0: 21.02.\u201313.07.2023 | Fr\u00e9quence\u00a0: mardi et jeudi | Horaire\u00a0: 09:00-11:00 LUXEMBOURGEOIS (Niveau A.1.1.) | R\u00e9f\u00e9rence\u00a0: LA-LB-592 | Dates\u00a0: 21.02.\u201313.07.2023... Lire la suite \u00bb","og_url":"https:\/\/bierger.remich.lu\/de\/2022\/09\/01\/spzialamt-remich-oscr-sprachkurse-2022-2023\/","og_site_name":"Ville de Remich","article_published_time":"2022-09-01T09:54:05+00:00","article_modified_time":"2023-01-13T08:59:25+00:00","author":"carolesitz","twitter_card":"summary_large_image","twitter_misc":{"\u00c9crit par":"carolesitz","Dur\u00e9e de lecture estim\u00e9e":"1 minute"},"schema":{"@context":"https:\/\/schema.org","@graph":[{"@type":"Article","@id":"https:\/\/bierger.remich.lu\/de\/2022\/09\/01\/spzialamt-remich-oscr-sprachkurse-2022-2023\/#article","isPartOf":{"@id":"https:\/\/bierger.remich.lu\/de\/2022\/09\/01\/spzialamt-remich-oscr-sprachkurse-2022-2023\/"},"author":{"name":"carolesitz","@id":"https:\/\/bierger.remich.lu\/de\/#\/schema\/person\/2f4d1c58be815d7d2a723780582c5ea0"},"headline":"Office social commun Remich (OSCR) | Cours de langue 2022-2023","datePublished":"2022-09-01T09:54:05+00:00","dateModified":"2023-01-13T08:59:25+00:00","mainEntityOfPage":{"@id":"https:\/\/bierger.remich.lu\/de\/2022\/09\/01\/spzialamt-remich-oscr-sprachkurse-2022-2023\/"},"wordCount":311,"commentCount":0,"articleSection":["Uncategorized"],"inLanguage":"fr-FR","potentialAction":[{"@type":"CommentAction","name":"Comment","target":["https:\/\/bierger.remich.lu\/de\/2022\/09\/01\/spzialamt-remich-oscr-sprachkurse-2022-2023\/#respond"]}]},{"@type":"WebPage","@id":"https:\/\/bierger.remich.lu\/de\/2022\/09\/01\/spzialamt-remich-oscr-sprachkurse-2022-2023\/","url":"https:\/\/bierger.remich.lu\/de\/2022\/09\/01\/spzialamt-remich-oscr-sprachkurse-2022-2023\/","name":"Office social commun Remich (OSCR) | Cours de langue 2022-2023 - Ville de Remich","isPartOf":{"@id":"https:\/\/bierger.remich.lu\/de\/#website"},"datePublished":"2022-09-01T09:54:05+00:00","dateModified":"2023-01-13T08:59:25+00:00","author":{"@id":"https:\/\/bierger.remich.lu\/de\/#\/schema\/person\/2f4d1c58be815d7d2a723780582c5ea0"},"breadcrumb":{"@id":"https:\/\/bierger.remich.lu\/de\/2022\/09\/01\/spzialamt-remich-oscr-sprachkurse-2022-2023\/#breadcrumb"},"inLanguage":"fr-FR","potentialAction":[{"@type":"ReadAction","target":["https:\/\/bierger.remich.lu\/de\/2022\/09\/01\/spzialamt-remich-oscr-sprachkurse-2022-2023\/"]}]},{"@type":"BreadcrumbList","@id":"https:\/\/bierger.remich.lu\/de\/2022\/09\/01\/spzialamt-remich-oscr-sprachkurse-2022-2023\/#breadcrumb","itemListElement":[{"@type":"ListItem","position":1,"name":"Startseite","item":"https:\/\/bierger.remich.lu\/de\/"},{"@type":"ListItem","position":2,"name":"Sozialamt Remich (OSCR) | Sprachkurse 2022-2023"}]},{"@type":"WebSite","@id":"https:\/\/bierger.remich.lu\/de\/#website","url":"https:\/\/bierger.remich.lu\/de\/","name":"Ville de Remich","description":"","potentialAction":[{"@type":"SearchAction","target":{"@type":"EntryPoint","urlTemplate":"https:\/\/bierger.remich.lu\/de\/?s={search_term_string}"},"query-input":{"@type":"PropertyValueSpecification","valueRequired":true,"valueName":"search_term_string"}}],"inLanguage":"fr-FR"},{"@type":"Person","@id":"https:\/\/bierger.remich.lu\/de\/#\/schema\/person\/2f4d1c58be815d7d2a723780582c5ea0","name":"carolesitz","image":{"@type":"ImageObject","inLanguage":"fr-FR","@id":"https:\/\/bierger.remich.lu\/de\/#\/schema\/person\/image\/","url":"https:\/\/secure.gravatar.com\/avatar\/7085eef214126b2aad5cba674a30c015ce05951f082b5b560ff52555ccb605ba?s=96&d=mm&r=g","contentUrl":"https:\/\/secure.gravatar.com\/avatar\/7085eef214126b2aad5cba674a30c015ce05951f082b5b560ff52555ccb605ba?s=96&d=mm&r=g","caption":"carolesitz"},"url":"#"}]}},"_links":{"self":[{"href":"https:\/\/bierger.remich.lu\/fr\/wp-json\/wp\/v2\/posts\/10932","targetHints":{"allow":["GET"]}}],"collection":[{"href":"https:\/\/bierger.remich.lu\/fr\/wp-json\/wp\/v2\/posts"}],"about":[{"href":"https:\/\/bierger.remich.lu\/fr\/wp-json\/wp\/v2\/types\/post"}],"author":[{"embeddable":true,"href":"https:\/\/bierger.remich.lu\/fr\/wp-json\/wp\/v2\/users\/2"}],"replies":[{"embeddable":true,"href":"https:\/\/bierger.remich.lu\/fr\/wp-json\/wp\/v2\/comments?post=10932"}],"version-history":[{"count":2,"href":"https:\/\/bierger.remich.lu\/fr\/wp-json\/wp\/v2\/posts\/10932\/revisions"}],"predecessor-version":[{"id":10934,"href":"https:\/\/bierger.remich.lu\/fr\/wp-json\/wp\/v2\/posts\/10932\/revisions\/10934"}],"wp:attachment":[{"href":"https:\/\/bierger.remich.lu\/fr\/wp-json\/wp\/v2\/media?parent=10932"}],"wp:term":[{"taxonomy":"category","embeddable":true,"href":"https:\/\/bierger.remich.lu\/fr\/wp-json\/wp\/v2\/categories?post=10932"},{"taxonomy":"post_tag","embeddable":true,"href":"https:\/\/bierger.remich.lu\/fr\/wp-json\/wp\/v2\/tags?post=10932"}],"curies":[{"name":"wp","href":"https:\/\/api.w.org\/{rel}","templated":true}]}}