{"id":11082,"date":"2022-10-18T14:12:39","date_gmt":"2022-10-18T12:12:39","guid":{"rendered":"https:\/\/bierger.remich.lu\/?p=11082"},"modified":"2022-10-18T14:12:39","modified_gmt":"2022-10-18T12:12:39","slug":"polizei-einbruchspravention-keller-und-gemeinschaftsgaragen","status":"publish","type":"post","link":"https:\/\/bierger.remich.lu\/fr\/2022\/10\/18\/polizei-einbruchspravention-keller-und-gemeinschaftsgaragen\/","title":{"rendered":"Police | Campagne \u00ab\u00a0Pr\u00e9vention cambriolages caves et garages communs\u00a0\u00bb"},"content":{"rendered":"Depuis quelques mois, la Police constate une forte augmentation du nombre de cambriolages dans les caves et garages communs.<\/p>\n<p><strong>MIEUX VAUT PR\u00c9VENIR!<\/strong><\/p>\n<ul>\n<li>N&rsquo;ouvrez pas sans v\u00e9rification la porte d&rsquo;entr\u00e9e principale de a r\u00e9sidence<\/li>\n<li>Verrouillez toujours l&rsquo;acc\u00e8s aux caves et garages priv\u00e9s<\/li>\n<li>Ne gardez aucun objet de valeur dans les garages et caves<\/li>\n<li>S\u00e9curisez les v\u00e9los de mani\u00e8re suppl\u00e9mentaire dans les caves et garages<\/li>\n<li>Si vous rencontrez des personnes \u00e9trang\u00e8res \u00e0 la r\u00e9sidence, n&rsquo;h\u00e9sitez pas \u00e0 les interpeller<\/li>\n<li>Alertez imm\u00e9diatement la Police en cas d&rsquo;observations suspectes<\/li>\n<\/ul>\n<p>Pour plus d&rsquo;informations et de conseils, renseignez-vous gratuitement aupr\u00e8s du service de pr\u00e9vention de la Police:<\/p>\n<p>Service national de pr\u00e9vention de la criminalit\u00e9<br \/>\nT. (+352) 244 24 4033<br \/>\nE. prevention@police.etat.lu<br \/>\nW. police.lu","protected":false},"excerpt":{"rendered":"<p>Depuis quelques mois, la Police constate une forte augmentation du nombre de cambriolages dans les caves et garages communs. MIEUX VAUT PR\u00c9VENIR! N&rsquo;ouvrez pas sans v\u00e9rification la porte d&rsquo;entr\u00e9e principale de a r\u00e9sidence Verrouillez toujours l&rsquo;acc\u00e8s aux caves et garages priv\u00e9s Ne gardez aucun objet de valeur dans les garages et caves S\u00e9curisez les v\u00e9los&#8230;  <a class=\"excerpt-read-more\" href=\"https:\/\/bierger.remich.lu\/fr\/2022\/10\/18\/polizei-einbruchspravention-keller-und-gemeinschaftsgaragen\/\" title=\"ReadPolice | Campagne \u00ab\u00a0Pr\u00e9vention cambriolages caves et garages communs\u00a0\u00bb\">Lire la suite \u00bb<\/a><\/p>\n","protected":false},"author":4,"featured_media":0,"comment_status":"open","ping_status":"open","sticky":false,"template":"","format":"standard","meta":{"_acf_changed":false,"xn-wppe-expiration":[],"xn-wppe-expiration-action":[],"xn-wppe-expiration-prefix":[],"footnotes":"","_links_to":"","_links_to_target":""},"categories":[1],"tags":[],"class_list":["post-11082","post","type-post","status-publish","format-standard","hentry","category-news"],"acf":[],"yoast_head":"<!-- This site is optimized with the Yoast SEO plugin v26.7 - https:\/\/yoast.com\/wordpress\/plugins\/seo\/ -->\n<title>Police | Campagne &quot;Pr\u00e9vention cambriolages caves et garages communs&quot; - Ville de Remich<\/title>\n<meta name=\"robots\" content=\"index, follow, max-snippet:-1, max-image-preview:large, max-video-preview:-1\" \/>\n<link rel=\"canonical\" href=\"https:\/\/bierger.remich.lu\/lb\/2022\/10\/18\/polizei-einbruchspravention-keller-und-gemeinschaftsgaragen\/\" \/>\n<meta property=\"og:locale\" content=\"fr_FR\" \/>\n<meta property=\"og:type\" content=\"article\" \/>\n<meta property=\"og:title\" content=\"Police | Campagne &quot;Pr\u00e9vention cambriolages caves et garages communs&quot; - Ville de Remich\" \/>\n<meta property=\"og:description\" content=\"Depuis quelques mois, la Police constate une forte augmentation du nombre de cambriolages dans les caves et garages communs. MIEUX VAUT PR\u00c9VENIR! N&rsquo;ouvrez pas sans v\u00e9rification la porte d&rsquo;entr\u00e9e principale de a r\u00e9sidence Verrouillez toujours l&rsquo;acc\u00e8s aux caves et garages priv\u00e9s Ne gardez aucun objet de valeur dans les garages et caves S\u00e9curisez les v\u00e9los... Lire la suite \u00bb\" \/>\n<meta property=\"og:url\" content=\"https:\/\/bierger.remich.lu\/lb\/2022\/10\/18\/polizei-einbruchspravention-keller-und-gemeinschaftsgaragen\/\" \/>\n<meta property=\"og:site_name\" content=\"Ville de Remich\" \/>\n<meta property=\"article:published_time\" content=\"2022-10-18T12:12:39+00:00\" \/>\n<meta name=\"author\" content=\"murielkayser\" \/>\n<meta name=\"twitter:card\" content=\"summary_large_image\" \/>\n<meta name=\"twitter:label1\" content=\"\u00c9crit par\" \/>\n\t<meta name=\"twitter:data1\" content=\"murielkayser\" \/>\n\t<meta name=\"twitter:label2\" content=\"Dur\u00e9e de lecture estim\u00e9e\" \/>\n\t<meta name=\"twitter:data2\" content=\"1 minute\" \/>\n<script type=\"application\/ld+json\" class=\"yoast-schema-graph\">{\"@context\":\"https:\/\/schema.org\",\"@graph\":[{\"@type\":\"Article\",\"@id\":\"https:\/\/bierger.remich.lu\/lb\/2022\/10\/18\/polizei-einbruchspravention-keller-und-gemeinschaftsgaragen\/#article\",\"isPartOf\":{\"@id\":\"https:\/\/bierger.remich.lu\/lb\/2022\/10\/18\/polizei-einbruchspravention-keller-und-gemeinschaftsgaragen\/\"},\"author\":{\"name\":\"murielkayser\",\"@id\":\"https:\/\/bierger.remich.lu\/de\/#\/schema\/person\/5babce1f1102bf4d794591f52f77f7ac\"},\"headline\":\"Police | Campagne \u00ab\u00a0Pr\u00e9vention cambriolages caves et garages communs\u00a0\u00bb\",\"datePublished\":\"2022-10-18T12:12:39+00:00\",\"mainEntityOfPage\":{\"@id\":\"https:\/\/bierger.remich.lu\/lb\/2022\/10\/18\/polizei-einbruchspravention-keller-und-gemeinschaftsgaragen\/\"},\"wordCount\":265,\"commentCount\":0,\"articleSection\":[\"Uncategorized\"],\"inLanguage\":\"fr-FR\",\"potentialAction\":[{\"@type\":\"CommentAction\",\"name\":\"Comment\",\"target\":[\"https:\/\/bierger.remich.lu\/lb\/2022\/10\/18\/polizei-einbruchspravention-keller-und-gemeinschaftsgaragen\/#respond\"]}]},{\"@type\":\"WebPage\",\"@id\":\"https:\/\/bierger.remich.lu\/lb\/2022\/10\/18\/polizei-einbruchspravention-keller-und-gemeinschaftsgaragen\/\",\"url\":\"https:\/\/bierger.remich.lu\/lb\/2022\/10\/18\/polizei-einbruchspravention-keller-und-gemeinschaftsgaragen\/\",\"name\":\"Police | Campagne \\\"Pr\u00e9vention cambriolages caves et garages communs\\\" - Ville de Remich\",\"isPartOf\":{\"@id\":\"https:\/\/bierger.remich.lu\/de\/#website\"},\"datePublished\":\"2022-10-18T12:12:39+00:00\",\"author\":{\"@id\":\"https:\/\/bierger.remich.lu\/de\/#\/schema\/person\/5babce1f1102bf4d794591f52f77f7ac\"},\"breadcrumb\":{\"@id\":\"https:\/\/bierger.remich.lu\/lb\/2022\/10\/18\/polizei-einbruchspravention-keller-und-gemeinschaftsgaragen\/#breadcrumb\"},\"inLanguage\":\"fr-FR\",\"potentialAction\":[{\"@type\":\"ReadAction\",\"target\":[\"https:\/\/bierger.remich.lu\/lb\/2022\/10\/18\/polizei-einbruchspravention-keller-und-gemeinschaftsgaragen\/\"]}]},{\"@type\":\"BreadcrumbList\",\"@id\":\"https:\/\/bierger.remich.lu\/lb\/2022\/10\/18\/polizei-einbruchspravention-keller-und-gemeinschaftsgaragen\/#breadcrumb\",\"itemListElement\":[{\"@type\":\"ListItem\",\"position\":1,\"name\":\"Startseite\",\"item\":\"https:\/\/bierger.remich.lu\/de\/\"},{\"@type\":\"ListItem\",\"position\":2,\"name\":\"Police | Campagne &#8220;Pr\u00e9vention cambriolages caves et garages communs&#8221;\"}]},{\"@type\":\"WebSite\",\"@id\":\"https:\/\/bierger.remich.lu\/de\/#website\",\"url\":\"https:\/\/bierger.remich.lu\/de\/\",\"name\":\"Ville de Remich\",\"description\":\"\",\"potentialAction\":[{\"@type\":\"SearchAction\",\"target\":{\"@type\":\"EntryPoint\",\"urlTemplate\":\"https:\/\/bierger.remich.lu\/de\/?s={search_term_string}\"},\"query-input\":{\"@type\":\"PropertyValueSpecification\",\"valueRequired\":true,\"valueName\":\"search_term_string\"}}],\"inLanguage\":\"fr-FR\"},{\"@type\":\"Person\",\"@id\":\"https:\/\/bierger.remich.lu\/de\/#\/schema\/person\/5babce1f1102bf4d794591f52f77f7ac\",\"name\":\"murielkayser\",\"image\":{\"@type\":\"ImageObject\",\"inLanguage\":\"fr-FR\",\"@id\":\"https:\/\/bierger.remich.lu\/de\/#\/schema\/person\/image\/\",\"url\":\"https:\/\/secure.gravatar.com\/avatar\/929f45c18759f15bc69ebb2c989dc3f1733d348e81e97f979f32017e6ca077ee?s=96&d=mm&r=g\",\"contentUrl\":\"https:\/\/secure.gravatar.com\/avatar\/929f45c18759f15bc69ebb2c989dc3f1733d348e81e97f979f32017e6ca077ee?s=96&d=mm&r=g\",\"caption\":\"murielkayser\"},\"url\":\"#\"}]}<\/script>\n<!-- \/ Yoast SEO plugin. -->","yoast_head_json":{"title":"Police | Campagne \"Pr\u00e9vention cambriolages caves et garages communs\" - Ville de Remich","robots":{"index":"index","follow":"follow","max-snippet":"max-snippet:-1","max-image-preview":"max-image-preview:large","max-video-preview":"max-video-preview:-1"},"canonical":"https:\/\/bierger.remich.lu\/lb\/2022\/10\/18\/polizei-einbruchspravention-keller-und-gemeinschaftsgaragen\/","og_locale":"fr_FR","og_type":"article","og_title":"Police | Campagne \"Pr\u00e9vention cambriolages caves et garages communs\" - Ville de Remich","og_description":"Depuis quelques mois, la Police constate une forte augmentation du nombre de cambriolages dans les caves et garages communs. MIEUX VAUT PR\u00c9VENIR! N&rsquo;ouvrez pas sans v\u00e9rification la porte d&rsquo;entr\u00e9e principale de a r\u00e9sidence Verrouillez toujours l&rsquo;acc\u00e8s aux caves et garages priv\u00e9s Ne gardez aucun objet de valeur dans les garages et caves S\u00e9curisez les v\u00e9los... Lire la suite \u00bb","og_url":"https:\/\/bierger.remich.lu\/lb\/2022\/10\/18\/polizei-einbruchspravention-keller-und-gemeinschaftsgaragen\/","og_site_name":"Ville de Remich","article_published_time":"2022-10-18T12:12:39+00:00","author":"murielkayser","twitter_card":"summary_large_image","twitter_misc":{"\u00c9crit par":"murielkayser","Dur\u00e9e de lecture estim\u00e9e":"1 minute"},"schema":{"@context":"https:\/\/schema.org","@graph":[{"@type":"Article","@id":"https:\/\/bierger.remich.lu\/lb\/2022\/10\/18\/polizei-einbruchspravention-keller-und-gemeinschaftsgaragen\/#article","isPartOf":{"@id":"https:\/\/bierger.remich.lu\/lb\/2022\/10\/18\/polizei-einbruchspravention-keller-und-gemeinschaftsgaragen\/"},"author":{"name":"murielkayser","@id":"https:\/\/bierger.remich.lu\/de\/#\/schema\/person\/5babce1f1102bf4d794591f52f77f7ac"},"headline":"Police | Campagne \u00ab\u00a0Pr\u00e9vention cambriolages caves et garages communs\u00a0\u00bb","datePublished":"2022-10-18T12:12:39+00:00","mainEntityOfPage":{"@id":"https:\/\/bierger.remich.lu\/lb\/2022\/10\/18\/polizei-einbruchspravention-keller-und-gemeinschaftsgaragen\/"},"wordCount":265,"commentCount":0,"articleSection":["Uncategorized"],"inLanguage":"fr-FR","potentialAction":[{"@type":"CommentAction","name":"Comment","target":["https:\/\/bierger.remich.lu\/lb\/2022\/10\/18\/polizei-einbruchspravention-keller-und-gemeinschaftsgaragen\/#respond"]}]},{"@type":"WebPage","@id":"https:\/\/bierger.remich.lu\/lb\/2022\/10\/18\/polizei-einbruchspravention-keller-und-gemeinschaftsgaragen\/","url":"https:\/\/bierger.remich.lu\/lb\/2022\/10\/18\/polizei-einbruchspravention-keller-und-gemeinschaftsgaragen\/","name":"Police | Campagne \"Pr\u00e9vention cambriolages caves et garages communs\" - Ville de Remich","isPartOf":{"@id":"https:\/\/bierger.remich.lu\/de\/#website"},"datePublished":"2022-10-18T12:12:39+00:00","author":{"@id":"https:\/\/bierger.remich.lu\/de\/#\/schema\/person\/5babce1f1102bf4d794591f52f77f7ac"},"breadcrumb":{"@id":"https:\/\/bierger.remich.lu\/lb\/2022\/10\/18\/polizei-einbruchspravention-keller-und-gemeinschaftsgaragen\/#breadcrumb"},"inLanguage":"fr-FR","potentialAction":[{"@type":"ReadAction","target":["https:\/\/bierger.remich.lu\/lb\/2022\/10\/18\/polizei-einbruchspravention-keller-und-gemeinschaftsgaragen\/"]}]},{"@type":"BreadcrumbList","@id":"https:\/\/bierger.remich.lu\/lb\/2022\/10\/18\/polizei-einbruchspravention-keller-und-gemeinschaftsgaragen\/#breadcrumb","itemListElement":[{"@type":"ListItem","position":1,"name":"Startseite","item":"https:\/\/bierger.remich.lu\/de\/"},{"@type":"ListItem","position":2,"name":"Police | Campagne &#8220;Pr\u00e9vention cambriolages caves et garages communs&#8221;"}]},{"@type":"WebSite","@id":"https:\/\/bierger.remich.lu\/de\/#website","url":"https:\/\/bierger.remich.lu\/de\/","name":"Ville de Remich","description":"","potentialAction":[{"@type":"SearchAction","target":{"@type":"EntryPoint","urlTemplate":"https:\/\/bierger.remich.lu\/de\/?s={search_term_string}"},"query-input":{"@type":"PropertyValueSpecification","valueRequired":true,"valueName":"search_term_string"}}],"inLanguage":"fr-FR"},{"@type":"Person","@id":"https:\/\/bierger.remich.lu\/de\/#\/schema\/person\/5babce1f1102bf4d794591f52f77f7ac","name":"murielkayser","image":{"@type":"ImageObject","inLanguage":"fr-FR","@id":"https:\/\/bierger.remich.lu\/de\/#\/schema\/person\/image\/","url":"https:\/\/secure.gravatar.com\/avatar\/929f45c18759f15bc69ebb2c989dc3f1733d348e81e97f979f32017e6ca077ee?s=96&d=mm&r=g","contentUrl":"https:\/\/secure.gravatar.com\/avatar\/929f45c18759f15bc69ebb2c989dc3f1733d348e81e97f979f32017e6ca077ee?s=96&d=mm&r=g","caption":"murielkayser"},"url":"#"}]}},"_links":{"self":[{"href":"https:\/\/bierger.remich.lu\/fr\/wp-json\/wp\/v2\/posts\/11082","targetHints":{"allow":["GET"]}}],"collection":[{"href":"https:\/\/bierger.remich.lu\/fr\/wp-json\/wp\/v2\/posts"}],"about":[{"href":"https:\/\/bierger.remich.lu\/fr\/wp-json\/wp\/v2\/types\/post"}],"author":[{"embeddable":true,"href":"https:\/\/bierger.remich.lu\/fr\/wp-json\/wp\/v2\/users\/4"}],"replies":[{"embeddable":true,"href":"https:\/\/bierger.remich.lu\/fr\/wp-json\/wp\/v2\/comments?post=11082"}],"version-history":[{"count":1,"href":"https:\/\/bierger.remich.lu\/fr\/wp-json\/wp\/v2\/posts\/11082\/revisions"}],"predecessor-version":[{"id":11083,"href":"https:\/\/bierger.remich.lu\/fr\/wp-json\/wp\/v2\/posts\/11082\/revisions\/11083"}],"wp:attachment":[{"href":"https:\/\/bierger.remich.lu\/fr\/wp-json\/wp\/v2\/media?parent=11082"}],"wp:term":[{"taxonomy":"category","embeddable":true,"href":"https:\/\/bierger.remich.lu\/fr\/wp-json\/wp\/v2\/categories?post=11082"},{"taxonomy":"post_tag","embeddable":true,"href":"https:\/\/bierger.remich.lu\/fr\/wp-json\/wp\/v2\/tags?post=11082"}],"curies":[{"name":"wp","href":"https:\/\/api.w.org\/{rel}","templated":true}]}}