{"id":11106,"date":"2022-10-23T10:31:54","date_gmt":"2022-10-23T08:31:54","guid":{"rendered":"https:\/\/bierger.remich.lu\/?p=11106"},"modified":"2022-10-23T10:34:18","modified_gmt":"2022-10-23T08:34:18","slug":"offizielle-einweihung-des-neuen-espace-post-in-remich","status":"publish","type":"post","link":"https:\/\/bierger.remich.lu\/fr\/2022\/10\/23\/offizielle-einweihung-des-neuen-espace-post-in-remich\/","title":{"rendered":"Inauguration officielle du nouvel Espace POST \u00e0 Remich"},"content":{"rendered":"Le vendredi 21 octobre 2022 a eu lieu la c\u00e9r\u00e9monie d\u2019inauguration officielle du nouvel Espace POST \u00e0 Remich, en pr\u00e9sence notamment du Bourgmestre de la Ville de Remich, Jacques Sitz, des \u00e9chevins Rita Wallerich et Jean-Paul Kieffer ainsi que de Cliff Konsbruck, Directeur de POST Telecom et directeur g\u00e9n\u00e9ral adjoint de POST Luxembourg, de Mario Treinen, Directeur de POST Courrier et de Gabriel de La Bourdonnaye, Directeur de POST Finance.<\/p>\n<p>Lors de son allocution, Cliff Konsbruck a pr\u00e9cis\u00e9 : \u00ab Avec ce nouvel Espace POST \u00e0 Remich, nous disposons d\u00e9sormais, en plus de l\u2019offre de services postaux d\u00e9j\u00e0 existante, \u00e9galement d\u2019un point de vente dans la r\u00e9gion de la Moselle pour nos produits et services de t\u00e9l\u00e9communication. Les services financiers de POST compl\u00e8tent l&rsquo;offre propos\u00e9e. \u00bb<\/p>\n<p>Le Point POST existant a \u00e9t\u00e9 converti en un point de vente du type Espace POST qui est ouvert du lundi au samedi de 9h00 \u00e0 18h00 et dispose d\u2019un parking r\u00e9serv\u00e9 aux clients.<\/p>\n<p>Notons que le Point POST de la galerie commerciale du Cactus Remich reste \u00e0 disposition des clients pour les op\u00e9rations postales.<\/p>\n<p><em>Contact presse :\u00a0Paul Rausch, Responsable Relations presse (press@post.lu)<\/em><\/p>\n<img loading=\"lazy\" decoding=\"async\" class=\"alignnone size-medium wp-image-11107\" src=\"https:\/\/bierger.remich.lu\/wp-content\/uploads\/sites\/3\/2022\/10\/Cerenomie-Inauguration-officielle-Espace-POST-Remich-scaled-300x200.jpg\" alt=\"\" width=\"300\" height=\"200\" srcset=\"https:\/\/bierger.remich.lu\/wp-content\/uploads\/sites\/3\/2022\/10\/Cerenomie-Inauguration-officielle-Espace-POST-Remich-scaled-300x200.jpg 300w, https:\/\/bierger.remich.lu\/wp-content\/uploads\/sites\/3\/2022\/10\/Cerenomie-Inauguration-officielle-Espace-POST-Remich-scaled-1024x683.jpg 1024w\" sizes=\"auto, (max-width: 300px) 100vw, 300px\" \/> <img loading=\"lazy\" decoding=\"async\" class=\"alignnone size-medium wp-image-11108\" src=\"https:\/\/bierger.remich.lu\/wp-content\/uploads\/sites\/3\/2022\/10\/Espace-POST-Remich-1-scaled-300x200.jpg\" alt=\"\" width=\"300\" height=\"200\" srcset=\"https:\/\/bierger.remich.lu\/wp-content\/uploads\/sites\/3\/2022\/10\/Espace-POST-Remich-1-scaled-300x200.jpg 300w, https:\/\/bierger.remich.lu\/wp-content\/uploads\/sites\/3\/2022\/10\/Espace-POST-Remich-1-scaled-1024x683.jpg 1024w\" sizes=\"auto, (max-width: 300px) 100vw, 300px\" \/> <img loading=\"lazy\" decoding=\"async\" class=\"alignnone size-medium wp-image-11109\" src=\"https:\/\/bierger.remich.lu\/wp-content\/uploads\/sites\/3\/2022\/10\/Espace-POST-Temich-2-scaled-300x200.jpg\" alt=\"\" width=\"300\" height=\"200\" srcset=\"https:\/\/bierger.remich.lu\/wp-content\/uploads\/sites\/3\/2022\/10\/Espace-POST-Temich-2-scaled-300x200.jpg 300w, https:\/\/bierger.remich.lu\/wp-content\/uploads\/sites\/3\/2022\/10\/Espace-POST-Temich-2-scaled-1024x683.jpg 1024w\" sizes=\"auto, (max-width: 300px) 100vw, 300px\" \/>\n<p><em>\u00a9<\/em><i><span lang=\"FR-CH\">POST Luxembourg<\/span><\/i>","protected":false},"excerpt":{"rendered":"<p>Le vendredi 21 octobre 2022 a eu lieu la c\u00e9r\u00e9monie d\u2019inauguration officielle du nouvel Espace POST \u00e0 Remich, en pr\u00e9sence notamment du Bourgmestre de la Ville de Remich, Jacques Sitz, des \u00e9chevins Rita Wallerich et Jean-Paul Kieffer ainsi que de Cliff Konsbruck, Directeur de POST Telecom et directeur g\u00e9n\u00e9ral adjoint de POST Luxembourg, de Mario&#8230;  <a class=\"excerpt-read-more\" href=\"https:\/\/bierger.remich.lu\/fr\/2022\/10\/23\/offizielle-einweihung-des-neuen-espace-post-in-remich\/\" title=\"ReadInauguration officielle du nouvel Espace POST \u00e0 Remich\">Lire la suite \u00bb<\/a><\/p>\n","protected":false},"author":2,"featured_media":0,"comment_status":"open","ping_status":"open","sticky":false,"template":"","format":"standard","meta":{"_acf_changed":false,"xn-wppe-expiration":[],"xn-wppe-expiration-action":[],"xn-wppe-expiration-prefix":[],"footnotes":"","_links_to":"","_links_to_target":""},"categories":[1],"tags":[],"class_list":["post-11106","post","type-post","status-publish","format-standard","hentry","category-news"],"acf":[],"yoast_head":"<!-- This site is optimized with the Yoast SEO plugin v26.7 - https:\/\/yoast.com\/wordpress\/plugins\/seo\/ -->\n<title>Inauguration officielle du nouvel Espace POST \u00e0 Remich - Ville de Remich<\/title>\n<meta name=\"robots\" content=\"index, follow, max-snippet:-1, max-image-preview:large, max-video-preview:-1\" \/>\n<link rel=\"canonical\" href=\"https:\/\/bierger.remich.lu\/de\/2022\/10\/23\/offizielle-einweihung-des-neuen-espace-post-in-remich\/\" \/>\n<meta property=\"og:locale\" content=\"fr_FR\" \/>\n<meta property=\"og:type\" content=\"article\" \/>\n<meta property=\"og:title\" content=\"Inauguration officielle du nouvel Espace POST \u00e0 Remich - Ville de Remich\" \/>\n<meta property=\"og:description\" content=\"Le vendredi 21 octobre 2022 a eu lieu la c\u00e9r\u00e9monie d\u2019inauguration officielle du nouvel Espace POST \u00e0 Remich, en pr\u00e9sence notamment du Bourgmestre de la Ville de Remich, Jacques Sitz, des \u00e9chevins Rita Wallerich et Jean-Paul Kieffer ainsi que de Cliff Konsbruck, Directeur de POST Telecom et directeur g\u00e9n\u00e9ral adjoint de POST Luxembourg, de Mario... Lire la suite \u00bb\" \/>\n<meta property=\"og:url\" content=\"https:\/\/bierger.remich.lu\/de\/2022\/10\/23\/offizielle-einweihung-des-neuen-espace-post-in-remich\/\" \/>\n<meta property=\"og:site_name\" content=\"Ville de Remich\" \/>\n<meta property=\"article:published_time\" content=\"2022-10-23T08:31:54+00:00\" \/>\n<meta property=\"article:modified_time\" content=\"2022-10-23T08:34:18+00:00\" \/>\n<meta property=\"og:image\" content=\"https:\/\/bierger.remich.lu\/wp-content\/uploads\/sites\/3\/2022\/10\/Cerenomie-Inauguration-officielle-Espace-POST-Remich-scaled-300x200.jpg\" \/>\n<meta name=\"author\" content=\"carolesitz\" \/>\n<meta name=\"twitter:card\" content=\"summary_large_image\" \/>\n<meta name=\"twitter:label1\" content=\"\u00c9crit par\" \/>\n\t<meta name=\"twitter:data1\" content=\"carolesitz\" \/>\n\t<meta name=\"twitter:label2\" content=\"Dur\u00e9e de lecture estim\u00e9e\" \/>\n\t<meta name=\"twitter:data2\" content=\"2 minutes\" \/>\n<script type=\"application\/ld+json\" class=\"yoast-schema-graph\">{\"@context\":\"https:\/\/schema.org\",\"@graph\":[{\"@type\":\"Article\",\"@id\":\"https:\/\/bierger.remich.lu\/de\/2022\/10\/23\/offizielle-einweihung-des-neuen-espace-post-in-remich\/#article\",\"isPartOf\":{\"@id\":\"https:\/\/bierger.remich.lu\/de\/2022\/10\/23\/offizielle-einweihung-des-neuen-espace-post-in-remich\/\"},\"author\":{\"name\":\"carolesitz\",\"@id\":\"https:\/\/bierger.remich.lu\/de\/#\/schema\/person\/2f4d1c58be815d7d2a723780582c5ea0\"},\"headline\":\"Inauguration officielle du nouvel Espace POST \u00e0 Remich\",\"datePublished\":\"2022-10-23T08:31:54+00:00\",\"dateModified\":\"2022-10-23T08:34:18+00:00\",\"mainEntityOfPage\":{\"@id\":\"https:\/\/bierger.remich.lu\/de\/2022\/10\/23\/offizielle-einweihung-des-neuen-espace-post-in-remich\/\"},\"wordCount\":403,\"commentCount\":0,\"image\":{\"@id\":\"https:\/\/bierger.remich.lu\/de\/2022\/10\/23\/offizielle-einweihung-des-neuen-espace-post-in-remich\/#primaryimage\"},\"thumbnailUrl\":\"https:\/\/bierger.remich.lu\/wp-content\/uploads\/sites\/3\/2022\/10\/Cerenomie-Inauguration-officielle-Espace-POST-Remich-scaled-300x200.jpg\",\"articleSection\":[\"Uncategorized\"],\"inLanguage\":\"fr-FR\",\"potentialAction\":[{\"@type\":\"CommentAction\",\"name\":\"Comment\",\"target\":[\"https:\/\/bierger.remich.lu\/de\/2022\/10\/23\/offizielle-einweihung-des-neuen-espace-post-in-remich\/#respond\"]}]},{\"@type\":\"WebPage\",\"@id\":\"https:\/\/bierger.remich.lu\/de\/2022\/10\/23\/offizielle-einweihung-des-neuen-espace-post-in-remich\/\",\"url\":\"https:\/\/bierger.remich.lu\/de\/2022\/10\/23\/offizielle-einweihung-des-neuen-espace-post-in-remich\/\",\"name\":\"Inauguration officielle du nouvel Espace POST \u00e0 Remich - Ville de Remich\",\"isPartOf\":{\"@id\":\"https:\/\/bierger.remich.lu\/de\/#website\"},\"primaryImageOfPage\":{\"@id\":\"https:\/\/bierger.remich.lu\/de\/2022\/10\/23\/offizielle-einweihung-des-neuen-espace-post-in-remich\/#primaryimage\"},\"image\":{\"@id\":\"https:\/\/bierger.remich.lu\/de\/2022\/10\/23\/offizielle-einweihung-des-neuen-espace-post-in-remich\/#primaryimage\"},\"thumbnailUrl\":\"https:\/\/bierger.remich.lu\/wp-content\/uploads\/sites\/3\/2022\/10\/Cerenomie-Inauguration-officielle-Espace-POST-Remich-scaled-300x200.jpg\",\"datePublished\":\"2022-10-23T08:31:54+00:00\",\"dateModified\":\"2022-10-23T08:34:18+00:00\",\"author\":{\"@id\":\"https:\/\/bierger.remich.lu\/de\/#\/schema\/person\/2f4d1c58be815d7d2a723780582c5ea0\"},\"breadcrumb\":{\"@id\":\"https:\/\/bierger.remich.lu\/de\/2022\/10\/23\/offizielle-einweihung-des-neuen-espace-post-in-remich\/#breadcrumb\"},\"inLanguage\":\"fr-FR\",\"potentialAction\":[{\"@type\":\"ReadAction\",\"target\":[\"https:\/\/bierger.remich.lu\/de\/2022\/10\/23\/offizielle-einweihung-des-neuen-espace-post-in-remich\/\"]}]},{\"@type\":\"ImageObject\",\"inLanguage\":\"fr-FR\",\"@id\":\"https:\/\/bierger.remich.lu\/de\/2022\/10\/23\/offizielle-einweihung-des-neuen-espace-post-in-remich\/#primaryimage\",\"url\":\"https:\/\/bierger.remich.lu\/wp-content\/uploads\/sites\/3\/2022\/10\/Cerenomie-Inauguration-officielle-Espace-POST-Remich-scaled-300x200.jpg\",\"contentUrl\":\"https:\/\/bierger.remich.lu\/wp-content\/uploads\/sites\/3\/2022\/10\/Cerenomie-Inauguration-officielle-Espace-POST-Remich-scaled-300x200.jpg\"},{\"@type\":\"BreadcrumbList\",\"@id\":\"https:\/\/bierger.remich.lu\/de\/2022\/10\/23\/offizielle-einweihung-des-neuen-espace-post-in-remich\/#breadcrumb\",\"itemListElement\":[{\"@type\":\"ListItem\",\"position\":1,\"name\":\"Startseite\",\"item\":\"https:\/\/bierger.remich.lu\/de\/\"},{\"@type\":\"ListItem\",\"position\":2,\"name\":\"Offizielle Einweihung des neuen Espace POST in Remich\"}]},{\"@type\":\"WebSite\",\"@id\":\"https:\/\/bierger.remich.lu\/de\/#website\",\"url\":\"https:\/\/bierger.remich.lu\/de\/\",\"name\":\"Ville de Remich\",\"description\":\"\",\"potentialAction\":[{\"@type\":\"SearchAction\",\"target\":{\"@type\":\"EntryPoint\",\"urlTemplate\":\"https:\/\/bierger.remich.lu\/de\/?s={search_term_string}\"},\"query-input\":{\"@type\":\"PropertyValueSpecification\",\"valueRequired\":true,\"valueName\":\"search_term_string\"}}],\"inLanguage\":\"fr-FR\"},{\"@type\":\"Person\",\"@id\":\"https:\/\/bierger.remich.lu\/de\/#\/schema\/person\/2f4d1c58be815d7d2a723780582c5ea0\",\"name\":\"carolesitz\",\"image\":{\"@type\":\"ImageObject\",\"inLanguage\":\"fr-FR\",\"@id\":\"https:\/\/bierger.remich.lu\/de\/#\/schema\/person\/image\/\",\"url\":\"https:\/\/secure.gravatar.com\/avatar\/7085eef214126b2aad5cba674a30c015ce05951f082b5b560ff52555ccb605ba?s=96&d=mm&r=g\",\"contentUrl\":\"https:\/\/secure.gravatar.com\/avatar\/7085eef214126b2aad5cba674a30c015ce05951f082b5b560ff52555ccb605ba?s=96&d=mm&r=g\",\"caption\":\"carolesitz\"},\"url\":\"#\"}]}<\/script>\n<!-- \/ Yoast SEO plugin. -->","yoast_head_json":{"title":"Inauguration officielle du nouvel Espace POST \u00e0 Remich - Ville de Remich","robots":{"index":"index","follow":"follow","max-snippet":"max-snippet:-1","max-image-preview":"max-image-preview:large","max-video-preview":"max-video-preview:-1"},"canonical":"https:\/\/bierger.remich.lu\/de\/2022\/10\/23\/offizielle-einweihung-des-neuen-espace-post-in-remich\/","og_locale":"fr_FR","og_type":"article","og_title":"Inauguration officielle du nouvel Espace POST \u00e0 Remich - Ville de Remich","og_description":"Le vendredi 21 octobre 2022 a eu lieu la c\u00e9r\u00e9monie d\u2019inauguration officielle du nouvel Espace POST \u00e0 Remich, en pr\u00e9sence notamment du Bourgmestre de la Ville de Remich, Jacques Sitz, des \u00e9chevins Rita Wallerich et Jean-Paul Kieffer ainsi que de Cliff Konsbruck, Directeur de POST Telecom et directeur g\u00e9n\u00e9ral adjoint de POST Luxembourg, de Mario... Lire la suite \u00bb","og_url":"https:\/\/bierger.remich.lu\/de\/2022\/10\/23\/offizielle-einweihung-des-neuen-espace-post-in-remich\/","og_site_name":"Ville de Remich","article_published_time":"2022-10-23T08:31:54+00:00","article_modified_time":"2022-10-23T08:34:18+00:00","og_image":[{"url":"https:\/\/bierger.remich.lu\/wp-content\/uploads\/sites\/3\/2022\/10\/Cerenomie-Inauguration-officielle-Espace-POST-Remich-scaled-300x200.jpg","type":"","width":"","height":""}],"author":"carolesitz","twitter_card":"summary_large_image","twitter_misc":{"\u00c9crit par":"carolesitz","Dur\u00e9e de lecture estim\u00e9e":"2 minutes"},"schema":{"@context":"https:\/\/schema.org","@graph":[{"@type":"Article","@id":"https:\/\/bierger.remich.lu\/de\/2022\/10\/23\/offizielle-einweihung-des-neuen-espace-post-in-remich\/#article","isPartOf":{"@id":"https:\/\/bierger.remich.lu\/de\/2022\/10\/23\/offizielle-einweihung-des-neuen-espace-post-in-remich\/"},"author":{"name":"carolesitz","@id":"https:\/\/bierger.remich.lu\/de\/#\/schema\/person\/2f4d1c58be815d7d2a723780582c5ea0"},"headline":"Inauguration officielle du nouvel Espace POST \u00e0 Remich","datePublished":"2022-10-23T08:31:54+00:00","dateModified":"2022-10-23T08:34:18+00:00","mainEntityOfPage":{"@id":"https:\/\/bierger.remich.lu\/de\/2022\/10\/23\/offizielle-einweihung-des-neuen-espace-post-in-remich\/"},"wordCount":403,"commentCount":0,"image":{"@id":"https:\/\/bierger.remich.lu\/de\/2022\/10\/23\/offizielle-einweihung-des-neuen-espace-post-in-remich\/#primaryimage"},"thumbnailUrl":"https:\/\/bierger.remich.lu\/wp-content\/uploads\/sites\/3\/2022\/10\/Cerenomie-Inauguration-officielle-Espace-POST-Remich-scaled-300x200.jpg","articleSection":["Uncategorized"],"inLanguage":"fr-FR","potentialAction":[{"@type":"CommentAction","name":"Comment","target":["https:\/\/bierger.remich.lu\/de\/2022\/10\/23\/offizielle-einweihung-des-neuen-espace-post-in-remich\/#respond"]}]},{"@type":"WebPage","@id":"https:\/\/bierger.remich.lu\/de\/2022\/10\/23\/offizielle-einweihung-des-neuen-espace-post-in-remich\/","url":"https:\/\/bierger.remich.lu\/de\/2022\/10\/23\/offizielle-einweihung-des-neuen-espace-post-in-remich\/","name":"Inauguration officielle du nouvel Espace POST \u00e0 Remich - Ville de Remich","isPartOf":{"@id":"https:\/\/bierger.remich.lu\/de\/#website"},"primaryImageOfPage":{"@id":"https:\/\/bierger.remich.lu\/de\/2022\/10\/23\/offizielle-einweihung-des-neuen-espace-post-in-remich\/#primaryimage"},"image":{"@id":"https:\/\/bierger.remich.lu\/de\/2022\/10\/23\/offizielle-einweihung-des-neuen-espace-post-in-remich\/#primaryimage"},"thumbnailUrl":"https:\/\/bierger.remich.lu\/wp-content\/uploads\/sites\/3\/2022\/10\/Cerenomie-Inauguration-officielle-Espace-POST-Remich-scaled-300x200.jpg","datePublished":"2022-10-23T08:31:54+00:00","dateModified":"2022-10-23T08:34:18+00:00","author":{"@id":"https:\/\/bierger.remich.lu\/de\/#\/schema\/person\/2f4d1c58be815d7d2a723780582c5ea0"},"breadcrumb":{"@id":"https:\/\/bierger.remich.lu\/de\/2022\/10\/23\/offizielle-einweihung-des-neuen-espace-post-in-remich\/#breadcrumb"},"inLanguage":"fr-FR","potentialAction":[{"@type":"ReadAction","target":["https:\/\/bierger.remich.lu\/de\/2022\/10\/23\/offizielle-einweihung-des-neuen-espace-post-in-remich\/"]}]},{"@type":"ImageObject","inLanguage":"fr-FR","@id":"https:\/\/bierger.remich.lu\/de\/2022\/10\/23\/offizielle-einweihung-des-neuen-espace-post-in-remich\/#primaryimage","url":"https:\/\/bierger.remich.lu\/wp-content\/uploads\/sites\/3\/2022\/10\/Cerenomie-Inauguration-officielle-Espace-POST-Remich-scaled-300x200.jpg","contentUrl":"https:\/\/bierger.remich.lu\/wp-content\/uploads\/sites\/3\/2022\/10\/Cerenomie-Inauguration-officielle-Espace-POST-Remich-scaled-300x200.jpg"},{"@type":"BreadcrumbList","@id":"https:\/\/bierger.remich.lu\/de\/2022\/10\/23\/offizielle-einweihung-des-neuen-espace-post-in-remich\/#breadcrumb","itemListElement":[{"@type":"ListItem","position":1,"name":"Startseite","item":"https:\/\/bierger.remich.lu\/de\/"},{"@type":"ListItem","position":2,"name":"Offizielle Einweihung des neuen Espace POST in Remich"}]},{"@type":"WebSite","@id":"https:\/\/bierger.remich.lu\/de\/#website","url":"https:\/\/bierger.remich.lu\/de\/","name":"Ville de Remich","description":"","potentialAction":[{"@type":"SearchAction","target":{"@type":"EntryPoint","urlTemplate":"https:\/\/bierger.remich.lu\/de\/?s={search_term_string}"},"query-input":{"@type":"PropertyValueSpecification","valueRequired":true,"valueName":"search_term_string"}}],"inLanguage":"fr-FR"},{"@type":"Person","@id":"https:\/\/bierger.remich.lu\/de\/#\/schema\/person\/2f4d1c58be815d7d2a723780582c5ea0","name":"carolesitz","image":{"@type":"ImageObject","inLanguage":"fr-FR","@id":"https:\/\/bierger.remich.lu\/de\/#\/schema\/person\/image\/","url":"https:\/\/secure.gravatar.com\/avatar\/7085eef214126b2aad5cba674a30c015ce05951f082b5b560ff52555ccb605ba?s=96&d=mm&r=g","contentUrl":"https:\/\/secure.gravatar.com\/avatar\/7085eef214126b2aad5cba674a30c015ce05951f082b5b560ff52555ccb605ba?s=96&d=mm&r=g","caption":"carolesitz"},"url":"#"}]}},"_links":{"self":[{"href":"https:\/\/bierger.remich.lu\/fr\/wp-json\/wp\/v2\/posts\/11106","targetHints":{"allow":["GET"]}}],"collection":[{"href":"https:\/\/bierger.remich.lu\/fr\/wp-json\/wp\/v2\/posts"}],"about":[{"href":"https:\/\/bierger.remich.lu\/fr\/wp-json\/wp\/v2\/types\/post"}],"author":[{"embeddable":true,"href":"https:\/\/bierger.remich.lu\/fr\/wp-json\/wp\/v2\/users\/2"}],"replies":[{"embeddable":true,"href":"https:\/\/bierger.remich.lu\/fr\/wp-json\/wp\/v2\/comments?post=11106"}],"version-history":[{"count":1,"href":"https:\/\/bierger.remich.lu\/fr\/wp-json\/wp\/v2\/posts\/11106\/revisions"}],"predecessor-version":[{"id":11110,"href":"https:\/\/bierger.remich.lu\/fr\/wp-json\/wp\/v2\/posts\/11106\/revisions\/11110"}],"wp:attachment":[{"href":"https:\/\/bierger.remich.lu\/fr\/wp-json\/wp\/v2\/media?parent=11106"}],"wp:term":[{"taxonomy":"category","embeddable":true,"href":"https:\/\/bierger.remich.lu\/fr\/wp-json\/wp\/v2\/categories?post=11106"},{"taxonomy":"post_tag","embeddable":true,"href":"https:\/\/bierger.remich.lu\/fr\/wp-json\/wp\/v2\/tags?post=11106"}],"curies":[{"name":"wp","href":"https:\/\/api.w.org\/{rel}","templated":true}]}}