{"id":11837,"date":"2023-02-07T14:55:25","date_gmt":"2023-02-07T13:55:25","guid":{"rendered":"https:\/\/bierger.remich.lu\/?p=11837"},"modified":"2023-02-07T14:56:48","modified_gmt":"2023-02-07T13:56:48","slug":"09-02-2023-coupe-scolaire-pedestre-zu-reimech","status":"publish","type":"post","link":"https:\/\/bierger.remich.lu\/fr\/2023\/02\/07\/09-02-2023-coupe-scolaire-pedestre-zu-reimech\/","title":{"rendered":"09.02.2023 | Coupe scolaire p\u00e9destre \u00e0 Remich"},"content":{"rendered":"<div class=\"x11i5rnm xat24cr x1mh8g0r x1vvkbs xdj266r x126k92a\"><\/div>\n<div class=\"x11i5rnm xat24cr x1mh8g0r x1vvkbs xtlvy1s x126k92a\">\n<div dir=\"auto\"><\/div>\n<div dir=\"auto\">Le 09 f\u00e9vrier 2023 aura lieu la Coupe scolaire p\u00e9destre entre 08h00-12h00 \u00e0 Remich.<\/div>\n<div dir=\"auto\"><strong><em>Soyez prudents, les \u00e9l\u00e8ves du cycle 2.2 doivent faire preuve du comportement correct et prudent en tant que pi\u00e9ton.<\/em><\/strong><\/div>\n<div dir=\"auto\"><\/div>\n<\/div>\n<div class=\"x11i5rnm xat24cr x1mh8g0r x1vvkbs xtlvy1s x126k92a\">\n<p>D\u00e9part sur le parking pr\u00e8s du Centre scolaire et sportif \u00ab Gew\u00e4nnchen \u00bb<\/p>\n<div dir=\"auto\"><span class=\"x3nfvp2 x1j61x8r x1fcty0u xdj266r xhhsvwb xat24cr xgzva0m xxymvpz xlup9mm x1kky2od\"><img loading=\"lazy\" decoding=\"async\" src=\"https:\/\/static.xx.fbcdn.net\/images\/emoji.php\/v9\/t2d\/1\/16\/1f4cd.png\" alt=\"\ud83d\udccd\" width=\"16\" height=\"16\" \/><\/span>Rue des Champs<\/div>\n<div dir=\"auto\"><span class=\"x3nfvp2 x1j61x8r x1fcty0u xdj266r xhhsvwb xat24cr xgzva0m xxymvpz xlup9mm x1kky2od\"><img loading=\"lazy\" decoding=\"async\" src=\"https:\/\/static.xx.fbcdn.net\/images\/emoji.php\/v9\/t2d\/1\/16\/1f4cd.png\" alt=\"\ud83d\udccd\" width=\"16\" height=\"16\" \/><\/span>Rue des Jardins<\/div>\n<div dir=\"auto\"><span class=\"x3nfvp2 x1j61x8r x1fcty0u xdj266r xhhsvwb xat24cr xgzva0m xxymvpz xlup9mm x1kky2od\"><img loading=\"lazy\" decoding=\"async\" src=\"https:\/\/static.xx.fbcdn.net\/images\/emoji.php\/v9\/t2d\/1\/16\/1f4cd.png\" alt=\"\ud83d\udccd\" width=\"16\" height=\"16\" \/><\/span>Rue de la Gare<\/div>\n<div dir=\"auto\"><span class=\"x3nfvp2 x1j61x8r x1fcty0u xdj266r xhhsvwb xat24cr xgzva0m xxymvpz xlup9mm x1kky2od\"><img loading=\"lazy\" decoding=\"async\" src=\"https:\/\/static.xx.fbcdn.net\/images\/emoji.php\/v9\/t2d\/1\/16\/1f4cd.png\" alt=\"\ud83d\udccd\" width=\"16\" height=\"16\" \/><\/span>Rue Neuve<\/div>\n<div dir=\"auto\"><span class=\"x3nfvp2 x1j61x8r x1fcty0u xdj266r xhhsvwb xat24cr xgzva0m xxymvpz xlup9mm x1kky2od\"><img loading=\"lazy\" decoding=\"async\" src=\"https:\/\/static.xx.fbcdn.net\/images\/emoji.php\/v9\/t2d\/1\/16\/1f4cd.png\" alt=\"\ud83d\udccd\" width=\"16\" height=\"16\" \/><\/span>Place du March\u00e9<\/div>\n<div dir=\"auto\"><span class=\"x3nfvp2 x1j61x8r x1fcty0u xdj266r xhhsvwb xat24cr xgzva0m xxymvpz xlup9mm x1kky2od\"><img loading=\"lazy\" decoding=\"async\" src=\"https:\/\/static.xx.fbcdn.net\/images\/emoji.php\/v9\/t2d\/1\/16\/1f4cd.png\" alt=\"\ud83d\udccd\" width=\"16\" height=\"16\" \/><\/span>Rue Enz<\/div>\n<\/div>","protected":false},"excerpt":{"rendered":"<p>Le 09 f\u00e9vrier 2023 aura lieu la Coupe scolaire p\u00e9destre entre 08h00-12h00 \u00e0 Remich. Soyez prudents, les \u00e9l\u00e8ves du cycle 2.2 doivent faire preuve du comportement correct et prudent en tant que pi\u00e9ton. D\u00e9part sur le parking pr\u00e8s du Centre scolaire et sportif \u00ab Gew\u00e4nnchen \u00bb Rue des Champs Rue des Jardins Rue de la&#8230;  <a class=\"excerpt-read-more\" href=\"https:\/\/bierger.remich.lu\/fr\/2023\/02\/07\/09-02-2023-coupe-scolaire-pedestre-zu-reimech\/\" title=\"Read09.02.2023 | Coupe scolaire p\u00e9destre \u00e0 Remich\">Lire la suite \u00bb<\/a><\/p>\n","protected":false},"author":2,"featured_media":0,"comment_status":"open","ping_status":"open","sticky":false,"template":"","format":"standard","meta":{"_acf_changed":false,"xn-wppe-expiration":[],"xn-wppe-expiration-action":[],"xn-wppe-expiration-prefix":[],"footnotes":"","_links_to":"","_links_to_target":""},"categories":[1],"tags":[],"class_list":["post-11837","post","type-post","status-publish","format-standard","hentry","category-news","keyword-kinder"],"acf":[],"yoast_head":"<!-- This site is optimized with the Yoast SEO plugin v26.7 - https:\/\/yoast.com\/wordpress\/plugins\/seo\/ -->\n<title>09.02.2023 | Coupe scolaire p\u00e9destre \u00e0 Remich - Ville de Remich<\/title>\n<meta name=\"robots\" content=\"index, follow, max-snippet:-1, max-image-preview:large, max-video-preview:-1\" \/>\n<link rel=\"canonical\" href=\"https:\/\/bierger.remich.lu\/fr\/2023\/02\/07\/09-02-2023-coupe-scolaire-pedestre-zu-reimech\/\" \/>\n<meta property=\"og:locale\" content=\"fr_FR\" \/>\n<meta property=\"og:type\" content=\"article\" \/>\n<meta property=\"og:title\" content=\"09.02.2023 | Coupe scolaire p\u00e9destre \u00e0 Remich - Ville de Remich\" \/>\n<meta property=\"og:description\" content=\"Le 09 f\u00e9vrier 2023 aura lieu la Coupe scolaire p\u00e9destre entre 08h00-12h00 \u00e0 Remich. Soyez prudents, les \u00e9l\u00e8ves du cycle 2.2 doivent faire preuve du comportement correct et prudent en tant que pi\u00e9ton. D\u00e9part sur le parking pr\u00e8s du Centre scolaire et sportif \u00ab Gew\u00e4nnchen \u00bb Rue des Champs Rue des Jardins Rue de la... Lire la suite \u00bb\" \/>\n<meta property=\"og:url\" content=\"https:\/\/bierger.remich.lu\/fr\/2023\/02\/07\/09-02-2023-coupe-scolaire-pedestre-zu-reimech\/\" \/>\n<meta property=\"og:site_name\" content=\"Ville de Remich\" \/>\n<meta property=\"article:published_time\" content=\"2023-02-07T13:55:25+00:00\" \/>\n<meta property=\"article:modified_time\" content=\"2023-02-07T13:56:48+00:00\" \/>\n<meta property=\"og:image\" content=\"https:\/\/static.xx.fbcdn.net\/images\/emoji.php\/v9\/t2d\/1\/16\/1f4cd.png\" \/>\n<meta name=\"author\" content=\"carolesitz\" \/>\n<meta name=\"twitter:card\" content=\"summary_large_image\" \/>\n<meta name=\"twitter:label1\" content=\"\u00c9crit par\" \/>\n\t<meta name=\"twitter:data1\" content=\"carolesitz\" \/>\n\t<meta name=\"twitter:label2\" content=\"Dur\u00e9e de lecture estim\u00e9e\" \/>\n\t<meta name=\"twitter:data2\" content=\"1 minute\" \/>\n<script type=\"application\/ld+json\" class=\"yoast-schema-graph\">{\"@context\":\"https:\/\/schema.org\",\"@graph\":[{\"@type\":\"Article\",\"@id\":\"https:\/\/bierger.remich.lu\/fr\/2023\/02\/07\/09-02-2023-coupe-scolaire-pedestre-zu-reimech\/#article\",\"isPartOf\":{\"@id\":\"https:\/\/bierger.remich.lu\/fr\/2023\/02\/07\/09-02-2023-coupe-scolaire-pedestre-zu-reimech\/\"},\"author\":{\"name\":\"carolesitz\",\"@id\":\"https:\/\/bierger.remich.lu\/de\/#\/schema\/person\/2f4d1c58be815d7d2a723780582c5ea0\"},\"headline\":\"09.02.2023 | Coupe scolaire p\u00e9destre \u00e0 Remich\",\"datePublished\":\"2023-02-07T13:55:25+00:00\",\"dateModified\":\"2023-02-07T13:56:48+00:00\",\"mainEntityOfPage\":{\"@id\":\"https:\/\/bierger.remich.lu\/fr\/2023\/02\/07\/09-02-2023-coupe-scolaire-pedestre-zu-reimech\/\"},\"wordCount\":145,\"commentCount\":0,\"image\":{\"@id\":\"https:\/\/bierger.remich.lu\/fr\/2023\/02\/07\/09-02-2023-coupe-scolaire-pedestre-zu-reimech\/#primaryimage\"},\"thumbnailUrl\":\"https:\/\/static.xx.fbcdn.net\/images\/emoji.php\/v9\/t2d\/1\/16\/1f4cd.png\",\"articleSection\":[\"Uncategorized\"],\"inLanguage\":\"fr-FR\",\"potentialAction\":[{\"@type\":\"CommentAction\",\"name\":\"Comment\",\"target\":[\"https:\/\/bierger.remich.lu\/fr\/2023\/02\/07\/09-02-2023-coupe-scolaire-pedestre-zu-reimech\/#respond\"]}]},{\"@type\":\"WebPage\",\"@id\":\"https:\/\/bierger.remich.lu\/fr\/2023\/02\/07\/09-02-2023-coupe-scolaire-pedestre-zu-reimech\/\",\"url\":\"https:\/\/bierger.remich.lu\/fr\/2023\/02\/07\/09-02-2023-coupe-scolaire-pedestre-zu-reimech\/\",\"name\":\"09.02.2023 | Coupe scolaire p\u00e9destre \u00e0 Remich - Ville de Remich\",\"isPartOf\":{\"@id\":\"https:\/\/bierger.remich.lu\/de\/#website\"},\"primaryImageOfPage\":{\"@id\":\"https:\/\/bierger.remich.lu\/fr\/2023\/02\/07\/09-02-2023-coupe-scolaire-pedestre-zu-reimech\/#primaryimage\"},\"image\":{\"@id\":\"https:\/\/bierger.remich.lu\/fr\/2023\/02\/07\/09-02-2023-coupe-scolaire-pedestre-zu-reimech\/#primaryimage\"},\"thumbnailUrl\":\"https:\/\/static.xx.fbcdn.net\/images\/emoji.php\/v9\/t2d\/1\/16\/1f4cd.png\",\"datePublished\":\"2023-02-07T13:55:25+00:00\",\"dateModified\":\"2023-02-07T13:56:48+00:00\",\"author\":{\"@id\":\"https:\/\/bierger.remich.lu\/de\/#\/schema\/person\/2f4d1c58be815d7d2a723780582c5ea0\"},\"breadcrumb\":{\"@id\":\"https:\/\/bierger.remich.lu\/fr\/2023\/02\/07\/09-02-2023-coupe-scolaire-pedestre-zu-reimech\/#breadcrumb\"},\"inLanguage\":\"fr-FR\",\"potentialAction\":[{\"@type\":\"ReadAction\",\"target\":[\"https:\/\/bierger.remich.lu\/fr\/2023\/02\/07\/09-02-2023-coupe-scolaire-pedestre-zu-reimech\/\"]}]},{\"@type\":\"ImageObject\",\"inLanguage\":\"fr-FR\",\"@id\":\"https:\/\/bierger.remich.lu\/fr\/2023\/02\/07\/09-02-2023-coupe-scolaire-pedestre-zu-reimech\/#primaryimage\",\"url\":\"https:\/\/static.xx.fbcdn.net\/images\/emoji.php\/v9\/t2d\/1\/16\/1f4cd.png\",\"contentUrl\":\"https:\/\/static.xx.fbcdn.net\/images\/emoji.php\/v9\/t2d\/1\/16\/1f4cd.png\"},{\"@type\":\"BreadcrumbList\",\"@id\":\"https:\/\/bierger.remich.lu\/fr\/2023\/02\/07\/09-02-2023-coupe-scolaire-pedestre-zu-reimech\/#breadcrumb\",\"itemListElement\":[{\"@type\":\"ListItem\",\"position\":1,\"name\":\"Startseite\",\"item\":\"https:\/\/bierger.remich.lu\/de\/\"},{\"@type\":\"ListItem\",\"position\":2,\"name\":\"09.02.2023 | Coupe scolaire p\u00e9destre \u00e0 Remich\"}]},{\"@type\":\"WebSite\",\"@id\":\"https:\/\/bierger.remich.lu\/de\/#website\",\"url\":\"https:\/\/bierger.remich.lu\/de\/\",\"name\":\"Ville de Remich\",\"description\":\"\",\"potentialAction\":[{\"@type\":\"SearchAction\",\"target\":{\"@type\":\"EntryPoint\",\"urlTemplate\":\"https:\/\/bierger.remich.lu\/de\/?s={search_term_string}\"},\"query-input\":{\"@type\":\"PropertyValueSpecification\",\"valueRequired\":true,\"valueName\":\"search_term_string\"}}],\"inLanguage\":\"fr-FR\"},{\"@type\":\"Person\",\"@id\":\"https:\/\/bierger.remich.lu\/de\/#\/schema\/person\/2f4d1c58be815d7d2a723780582c5ea0\",\"name\":\"carolesitz\",\"image\":{\"@type\":\"ImageObject\",\"inLanguage\":\"fr-FR\",\"@id\":\"https:\/\/bierger.remich.lu\/de\/#\/schema\/person\/image\/\",\"url\":\"https:\/\/secure.gravatar.com\/avatar\/7085eef214126b2aad5cba674a30c015ce05951f082b5b560ff52555ccb605ba?s=96&d=mm&r=g\",\"contentUrl\":\"https:\/\/secure.gravatar.com\/avatar\/7085eef214126b2aad5cba674a30c015ce05951f082b5b560ff52555ccb605ba?s=96&d=mm&r=g\",\"caption\":\"carolesitz\"},\"url\":\"#\"}]}<\/script>\n<!-- \/ Yoast SEO plugin. -->","yoast_head_json":{"title":"09.02.2023 | Coupe scolaire p\u00e9destre \u00e0 Remich - Ville de Remich","robots":{"index":"index","follow":"follow","max-snippet":"max-snippet:-1","max-image-preview":"max-image-preview:large","max-video-preview":"max-video-preview:-1"},"canonical":"https:\/\/bierger.remich.lu\/fr\/2023\/02\/07\/09-02-2023-coupe-scolaire-pedestre-zu-reimech\/","og_locale":"fr_FR","og_type":"article","og_title":"09.02.2023 | Coupe scolaire p\u00e9destre \u00e0 Remich - Ville de Remich","og_description":"Le 09 f\u00e9vrier 2023 aura lieu la Coupe scolaire p\u00e9destre entre 08h00-12h00 \u00e0 Remich. Soyez prudents, les \u00e9l\u00e8ves du cycle 2.2 doivent faire preuve du comportement correct et prudent en tant que pi\u00e9ton. D\u00e9part sur le parking pr\u00e8s du Centre scolaire et sportif \u00ab Gew\u00e4nnchen \u00bb Rue des Champs Rue des Jardins Rue de la... Lire la suite \u00bb","og_url":"https:\/\/bierger.remich.lu\/fr\/2023\/02\/07\/09-02-2023-coupe-scolaire-pedestre-zu-reimech\/","og_site_name":"Ville de Remich","article_published_time":"2023-02-07T13:55:25+00:00","article_modified_time":"2023-02-07T13:56:48+00:00","og_image":[{"url":"https:\/\/static.xx.fbcdn.net\/images\/emoji.php\/v9\/t2d\/1\/16\/1f4cd.png","type":"","width":"","height":""}],"author":"carolesitz","twitter_card":"summary_large_image","twitter_misc":{"\u00c9crit par":"carolesitz","Dur\u00e9e de lecture estim\u00e9e":"1 minute"},"schema":{"@context":"https:\/\/schema.org","@graph":[{"@type":"Article","@id":"https:\/\/bierger.remich.lu\/fr\/2023\/02\/07\/09-02-2023-coupe-scolaire-pedestre-zu-reimech\/#article","isPartOf":{"@id":"https:\/\/bierger.remich.lu\/fr\/2023\/02\/07\/09-02-2023-coupe-scolaire-pedestre-zu-reimech\/"},"author":{"name":"carolesitz","@id":"https:\/\/bierger.remich.lu\/de\/#\/schema\/person\/2f4d1c58be815d7d2a723780582c5ea0"},"headline":"09.02.2023 | Coupe scolaire p\u00e9destre \u00e0 Remich","datePublished":"2023-02-07T13:55:25+00:00","dateModified":"2023-02-07T13:56:48+00:00","mainEntityOfPage":{"@id":"https:\/\/bierger.remich.lu\/fr\/2023\/02\/07\/09-02-2023-coupe-scolaire-pedestre-zu-reimech\/"},"wordCount":145,"commentCount":0,"image":{"@id":"https:\/\/bierger.remich.lu\/fr\/2023\/02\/07\/09-02-2023-coupe-scolaire-pedestre-zu-reimech\/#primaryimage"},"thumbnailUrl":"https:\/\/static.xx.fbcdn.net\/images\/emoji.php\/v9\/t2d\/1\/16\/1f4cd.png","articleSection":["Uncategorized"],"inLanguage":"fr-FR","potentialAction":[{"@type":"CommentAction","name":"Comment","target":["https:\/\/bierger.remich.lu\/fr\/2023\/02\/07\/09-02-2023-coupe-scolaire-pedestre-zu-reimech\/#respond"]}]},{"@type":"WebPage","@id":"https:\/\/bierger.remich.lu\/fr\/2023\/02\/07\/09-02-2023-coupe-scolaire-pedestre-zu-reimech\/","url":"https:\/\/bierger.remich.lu\/fr\/2023\/02\/07\/09-02-2023-coupe-scolaire-pedestre-zu-reimech\/","name":"09.02.2023 | Coupe scolaire p\u00e9destre \u00e0 Remich - Ville de Remich","isPartOf":{"@id":"https:\/\/bierger.remich.lu\/de\/#website"},"primaryImageOfPage":{"@id":"https:\/\/bierger.remich.lu\/fr\/2023\/02\/07\/09-02-2023-coupe-scolaire-pedestre-zu-reimech\/#primaryimage"},"image":{"@id":"https:\/\/bierger.remich.lu\/fr\/2023\/02\/07\/09-02-2023-coupe-scolaire-pedestre-zu-reimech\/#primaryimage"},"thumbnailUrl":"https:\/\/static.xx.fbcdn.net\/images\/emoji.php\/v9\/t2d\/1\/16\/1f4cd.png","datePublished":"2023-02-07T13:55:25+00:00","dateModified":"2023-02-07T13:56:48+00:00","author":{"@id":"https:\/\/bierger.remich.lu\/de\/#\/schema\/person\/2f4d1c58be815d7d2a723780582c5ea0"},"breadcrumb":{"@id":"https:\/\/bierger.remich.lu\/fr\/2023\/02\/07\/09-02-2023-coupe-scolaire-pedestre-zu-reimech\/#breadcrumb"},"inLanguage":"fr-FR","potentialAction":[{"@type":"ReadAction","target":["https:\/\/bierger.remich.lu\/fr\/2023\/02\/07\/09-02-2023-coupe-scolaire-pedestre-zu-reimech\/"]}]},{"@type":"ImageObject","inLanguage":"fr-FR","@id":"https:\/\/bierger.remich.lu\/fr\/2023\/02\/07\/09-02-2023-coupe-scolaire-pedestre-zu-reimech\/#primaryimage","url":"https:\/\/static.xx.fbcdn.net\/images\/emoji.php\/v9\/t2d\/1\/16\/1f4cd.png","contentUrl":"https:\/\/static.xx.fbcdn.net\/images\/emoji.php\/v9\/t2d\/1\/16\/1f4cd.png"},{"@type":"BreadcrumbList","@id":"https:\/\/bierger.remich.lu\/fr\/2023\/02\/07\/09-02-2023-coupe-scolaire-pedestre-zu-reimech\/#breadcrumb","itemListElement":[{"@type":"ListItem","position":1,"name":"Startseite","item":"https:\/\/bierger.remich.lu\/de\/"},{"@type":"ListItem","position":2,"name":"09.02.2023 | Coupe scolaire p\u00e9destre \u00e0 Remich"}]},{"@type":"WebSite","@id":"https:\/\/bierger.remich.lu\/de\/#website","url":"https:\/\/bierger.remich.lu\/de\/","name":"Ville de Remich","description":"","potentialAction":[{"@type":"SearchAction","target":{"@type":"EntryPoint","urlTemplate":"https:\/\/bierger.remich.lu\/de\/?s={search_term_string}"},"query-input":{"@type":"PropertyValueSpecification","valueRequired":true,"valueName":"search_term_string"}}],"inLanguage":"fr-FR"},{"@type":"Person","@id":"https:\/\/bierger.remich.lu\/de\/#\/schema\/person\/2f4d1c58be815d7d2a723780582c5ea0","name":"carolesitz","image":{"@type":"ImageObject","inLanguage":"fr-FR","@id":"https:\/\/bierger.remich.lu\/de\/#\/schema\/person\/image\/","url":"https:\/\/secure.gravatar.com\/avatar\/7085eef214126b2aad5cba674a30c015ce05951f082b5b560ff52555ccb605ba?s=96&d=mm&r=g","contentUrl":"https:\/\/secure.gravatar.com\/avatar\/7085eef214126b2aad5cba674a30c015ce05951f082b5b560ff52555ccb605ba?s=96&d=mm&r=g","caption":"carolesitz"},"url":"#"}]}},"_links":{"self":[{"href":"https:\/\/bierger.remich.lu\/fr\/wp-json\/wp\/v2\/posts\/11837","targetHints":{"allow":["GET"]}}],"collection":[{"href":"https:\/\/bierger.remich.lu\/fr\/wp-json\/wp\/v2\/posts"}],"about":[{"href":"https:\/\/bierger.remich.lu\/fr\/wp-json\/wp\/v2\/types\/post"}],"author":[{"embeddable":true,"href":"https:\/\/bierger.remich.lu\/fr\/wp-json\/wp\/v2\/users\/2"}],"replies":[{"embeddable":true,"href":"https:\/\/bierger.remich.lu\/fr\/wp-json\/wp\/v2\/comments?post=11837"}],"version-history":[{"count":2,"href":"https:\/\/bierger.remich.lu\/fr\/wp-json\/wp\/v2\/posts\/11837\/revisions"}],"predecessor-version":[{"id":11839,"href":"https:\/\/bierger.remich.lu\/fr\/wp-json\/wp\/v2\/posts\/11837\/revisions\/11839"}],"wp:attachment":[{"href":"https:\/\/bierger.remich.lu\/fr\/wp-json\/wp\/v2\/media?parent=11837"}],"wp:term":[{"taxonomy":"category","embeddable":true,"href":"https:\/\/bierger.remich.lu\/fr\/wp-json\/wp\/v2\/categories?post=11837"},{"taxonomy":"post_tag","embeddable":true,"href":"https:\/\/bierger.remich.lu\/fr\/wp-json\/wp\/v2\/tags?post=11837"}],"curies":[{"name":"wp","href":"https:\/\/api.w.org\/{rel}","templated":true}]}}