{"id":11946,"date":"2023-02-17T11:50:18","date_gmt":"2023-02-17T10:50:18","guid":{"rendered":"https:\/\/bierger.remich.lu\/?p=11946"},"modified":"2023-03-13T10:05:31","modified_gmt":"2023-03-13T09:05:31","slug":"bichertheik-offnungszeiten-aufruf","status":"publish","type":"post","link":"https:\/\/bierger.remich.lu\/fr\/2023\/02\/17\/bichertheik-offnungszeiten-aufruf\/","title":{"rendered":"Bicherth\u00e9ik | Horaires et appel"},"content":{"rendered":"Lettre d&rsquo;information de la commune de Schengen concernant le \u00ab\u00a0Bicherth\u00e9ik\u00a0\u00bb \u00e0 Schwebsingen<\/p>\n<p><strong>Heures d&rsquo;ouverture<\/strong> pour la Bicherth\u00e9ik \u00e0 Schwebsange :<\/p>\n<ul>\n<li>Jeudi, le 23 f\u00e9vrier 2023 de 10:00 \u00e0 15:00<\/li>\n<li>Samedi, le 25 f\u00e9vrier 2023 de 09:00 \u00e0 14:00<\/li>\n<li>Samedi, le 4 mars 2023 de 09:00 \u00e0 12:00<\/li>\n<\/ul>\n<p>D&rsquo;autres horaires seront annonc\u00e9s d\u00e8s que possible.<\/p>\n<p><strong>Appel<\/strong><\/p>\n<p>Afin de pouvoir offrir un service client\u00e8le de qualit\u00e9 ainsi que des conseils professionnels, la commune de Schengen recherche plusieurs personnes int\u00e9ress\u00e9es qui souhaiteraient aider (contre r\u00e9mun\u00e9ration) \u00e0 la \u00ab\u00a0Bicherth\u00e9ik\u00a0\u00bb, aux horaires et dates restant \u00e0 convenir.<\/p>\n<p>Les personnes int\u00e9ress\u00e9es peuvent nous contacter : T. (+352) 23 66 40 28 &#8211; 23 | E. secretariat@schengen.lu","protected":false},"excerpt":{"rendered":"<p>Lettre d&rsquo;information de la commune de Schengen concernant le \u00ab\u00a0Bicherth\u00e9ik\u00a0\u00bb \u00e0 Schwebsingen Heures d&rsquo;ouverture pour la Bicherth\u00e9ik \u00e0 Schwebsange : Jeudi, le 23 f\u00e9vrier 2023 de 10:00 \u00e0 15:00 Samedi, le 25 f\u00e9vrier 2023 de 09:00 \u00e0 14:00 Samedi, le 4 mars 2023 de 09:00 \u00e0 12:00 D&rsquo;autres horaires seront annonc\u00e9s d\u00e8s que possible. Appel&#8230;  <a class=\"excerpt-read-more\" href=\"https:\/\/bierger.remich.lu\/fr\/2023\/02\/17\/bichertheik-offnungszeiten-aufruf\/\" title=\"ReadBicherth\u00e9ik | Horaires et appel\">Lire la suite \u00bb<\/a><\/p>\n","protected":false},"author":4,"featured_media":0,"comment_status":"open","ping_status":"open","sticky":false,"template":"","format":"standard","meta":{"_acf_changed":false,"xn-wppe-expiration":[],"xn-wppe-expiration-action":[],"xn-wppe-expiration-prefix":[],"footnotes":"","_links_to":"","_links_to_target":""},"categories":[1],"tags":[],"class_list":["post-11946","post","type-post","status-publish","format-standard","hentry","category-news","keyword-verein"],"acf":[],"yoast_head":"<!-- This site is optimized with the Yoast SEO plugin v26.7 - https:\/\/yoast.com\/wordpress\/plugins\/seo\/ -->\n<title>Bicherth\u00e9ik | Horaires et appel - Ville de Remich<\/title>\n<meta name=\"robots\" content=\"index, follow, max-snippet:-1, max-image-preview:large, max-video-preview:-1\" \/>\n<link rel=\"canonical\" href=\"https:\/\/bierger.remich.lu\/lb\/2023\/02\/17\/bichertheik-offnungszeiten-aufruf\/\" \/>\n<meta property=\"og:locale\" content=\"fr_FR\" \/>\n<meta property=\"og:type\" content=\"article\" \/>\n<meta property=\"og:title\" content=\"Bicherth\u00e9ik | Horaires et appel - Ville de Remich\" \/>\n<meta property=\"og:description\" content=\"Lettre d&rsquo;information de la commune de Schengen concernant le \u00ab\u00a0Bicherth\u00e9ik\u00a0\u00bb \u00e0 Schwebsingen Heures d&rsquo;ouverture pour la Bicherth\u00e9ik \u00e0 Schwebsange : Jeudi, le 23 f\u00e9vrier 2023 de 10:00 \u00e0 15:00 Samedi, le 25 f\u00e9vrier 2023 de 09:00 \u00e0 14:00 Samedi, le 4 mars 2023 de 09:00 \u00e0 12:00 D&rsquo;autres horaires seront annonc\u00e9s d\u00e8s que possible. Appel... Lire la suite \u00bb\" \/>\n<meta property=\"og:url\" content=\"https:\/\/bierger.remich.lu\/lb\/2023\/02\/17\/bichertheik-offnungszeiten-aufruf\/\" \/>\n<meta property=\"og:site_name\" content=\"Ville de Remich\" \/>\n<meta property=\"article:published_time\" content=\"2023-02-17T10:50:18+00:00\" \/>\n<meta property=\"article:modified_time\" content=\"2023-03-13T09:05:31+00:00\" \/>\n<meta name=\"author\" content=\"murielkayser\" \/>\n<meta name=\"twitter:card\" content=\"summary_large_image\" \/>\n<meta name=\"twitter:label1\" content=\"\u00c9crit par\" \/>\n\t<meta name=\"twitter:data1\" content=\"murielkayser\" \/>\n\t<meta name=\"twitter:label2\" content=\"Dur\u00e9e de lecture estim\u00e9e\" \/>\n\t<meta name=\"twitter:data2\" content=\"1 minute\" \/>\n<script type=\"application\/ld+json\" class=\"yoast-schema-graph\">{\"@context\":\"https:\/\/schema.org\",\"@graph\":[{\"@type\":\"Article\",\"@id\":\"https:\/\/bierger.remich.lu\/lb\/2023\/02\/17\/bichertheik-offnungszeiten-aufruf\/#article\",\"isPartOf\":{\"@id\":\"https:\/\/bierger.remich.lu\/lb\/2023\/02\/17\/bichertheik-offnungszeiten-aufruf\/\"},\"author\":{\"name\":\"murielkayser\",\"@id\":\"https:\/\/bierger.remich.lu\/de\/#\/schema\/person\/5babce1f1102bf4d794591f52f77f7ac\"},\"headline\":\"Bicherth\u00e9ik | Horaires et appel\",\"datePublished\":\"2023-02-17T10:50:18+00:00\",\"dateModified\":\"2023-03-13T09:05:31+00:00\",\"mainEntityOfPage\":{\"@id\":\"https:\/\/bierger.remich.lu\/lb\/2023\/02\/17\/bichertheik-offnungszeiten-aufruf\/\"},\"wordCount\":187,\"commentCount\":0,\"articleSection\":[\"Uncategorized\"],\"inLanguage\":\"fr-FR\",\"potentialAction\":[{\"@type\":\"CommentAction\",\"name\":\"Comment\",\"target\":[\"https:\/\/bierger.remich.lu\/lb\/2023\/02\/17\/bichertheik-offnungszeiten-aufruf\/#respond\"]}]},{\"@type\":\"WebPage\",\"@id\":\"https:\/\/bierger.remich.lu\/lb\/2023\/02\/17\/bichertheik-offnungszeiten-aufruf\/\",\"url\":\"https:\/\/bierger.remich.lu\/lb\/2023\/02\/17\/bichertheik-offnungszeiten-aufruf\/\",\"name\":\"Bicherth\u00e9ik | Horaires et appel - Ville de Remich\",\"isPartOf\":{\"@id\":\"https:\/\/bierger.remich.lu\/de\/#website\"},\"datePublished\":\"2023-02-17T10:50:18+00:00\",\"dateModified\":\"2023-03-13T09:05:31+00:00\",\"author\":{\"@id\":\"https:\/\/bierger.remich.lu\/de\/#\/schema\/person\/5babce1f1102bf4d794591f52f77f7ac\"},\"breadcrumb\":{\"@id\":\"https:\/\/bierger.remich.lu\/lb\/2023\/02\/17\/bichertheik-offnungszeiten-aufruf\/#breadcrumb\"},\"inLanguage\":\"fr-FR\",\"potentialAction\":[{\"@type\":\"ReadAction\",\"target\":[\"https:\/\/bierger.remich.lu\/lb\/2023\/02\/17\/bichertheik-offnungszeiten-aufruf\/\"]}]},{\"@type\":\"BreadcrumbList\",\"@id\":\"https:\/\/bierger.remich.lu\/lb\/2023\/02\/17\/bichertheik-offnungszeiten-aufruf\/#breadcrumb\",\"itemListElement\":[{\"@type\":\"ListItem\",\"position\":1,\"name\":\"Startseite\",\"item\":\"https:\/\/bierger.remich.lu\/de\/\"},{\"@type\":\"ListItem\",\"position\":2,\"name\":\"Bicherth\u00e9ik | Horaires et appel\"}]},{\"@type\":\"WebSite\",\"@id\":\"https:\/\/bierger.remich.lu\/de\/#website\",\"url\":\"https:\/\/bierger.remich.lu\/de\/\",\"name\":\"Ville de Remich\",\"description\":\"\",\"potentialAction\":[{\"@type\":\"SearchAction\",\"target\":{\"@type\":\"EntryPoint\",\"urlTemplate\":\"https:\/\/bierger.remich.lu\/de\/?s={search_term_string}\"},\"query-input\":{\"@type\":\"PropertyValueSpecification\",\"valueRequired\":true,\"valueName\":\"search_term_string\"}}],\"inLanguage\":\"fr-FR\"},{\"@type\":\"Person\",\"@id\":\"https:\/\/bierger.remich.lu\/de\/#\/schema\/person\/5babce1f1102bf4d794591f52f77f7ac\",\"name\":\"murielkayser\",\"image\":{\"@type\":\"ImageObject\",\"inLanguage\":\"fr-FR\",\"@id\":\"https:\/\/bierger.remich.lu\/de\/#\/schema\/person\/image\/\",\"url\":\"https:\/\/secure.gravatar.com\/avatar\/929f45c18759f15bc69ebb2c989dc3f1733d348e81e97f979f32017e6ca077ee?s=96&d=mm&r=g\",\"contentUrl\":\"https:\/\/secure.gravatar.com\/avatar\/929f45c18759f15bc69ebb2c989dc3f1733d348e81e97f979f32017e6ca077ee?s=96&d=mm&r=g\",\"caption\":\"murielkayser\"},\"url\":\"#\"}]}<\/script>\n<!-- \/ Yoast SEO plugin. -->","yoast_head_json":{"title":"Bicherth\u00e9ik | Horaires et appel - Ville de Remich","robots":{"index":"index","follow":"follow","max-snippet":"max-snippet:-1","max-image-preview":"max-image-preview:large","max-video-preview":"max-video-preview:-1"},"canonical":"https:\/\/bierger.remich.lu\/lb\/2023\/02\/17\/bichertheik-offnungszeiten-aufruf\/","og_locale":"fr_FR","og_type":"article","og_title":"Bicherth\u00e9ik | Horaires et appel - Ville de Remich","og_description":"Lettre d&rsquo;information de la commune de Schengen concernant le \u00ab\u00a0Bicherth\u00e9ik\u00a0\u00bb \u00e0 Schwebsingen Heures d&rsquo;ouverture pour la Bicherth\u00e9ik \u00e0 Schwebsange : Jeudi, le 23 f\u00e9vrier 2023 de 10:00 \u00e0 15:00 Samedi, le 25 f\u00e9vrier 2023 de 09:00 \u00e0 14:00 Samedi, le 4 mars 2023 de 09:00 \u00e0 12:00 D&rsquo;autres horaires seront annonc\u00e9s d\u00e8s que possible. Appel... Lire la suite \u00bb","og_url":"https:\/\/bierger.remich.lu\/lb\/2023\/02\/17\/bichertheik-offnungszeiten-aufruf\/","og_site_name":"Ville de Remich","article_published_time":"2023-02-17T10:50:18+00:00","article_modified_time":"2023-03-13T09:05:31+00:00","author":"murielkayser","twitter_card":"summary_large_image","twitter_misc":{"\u00c9crit par":"murielkayser","Dur\u00e9e de lecture estim\u00e9e":"1 minute"},"schema":{"@context":"https:\/\/schema.org","@graph":[{"@type":"Article","@id":"https:\/\/bierger.remich.lu\/lb\/2023\/02\/17\/bichertheik-offnungszeiten-aufruf\/#article","isPartOf":{"@id":"https:\/\/bierger.remich.lu\/lb\/2023\/02\/17\/bichertheik-offnungszeiten-aufruf\/"},"author":{"name":"murielkayser","@id":"https:\/\/bierger.remich.lu\/de\/#\/schema\/person\/5babce1f1102bf4d794591f52f77f7ac"},"headline":"Bicherth\u00e9ik | Horaires et appel","datePublished":"2023-02-17T10:50:18+00:00","dateModified":"2023-03-13T09:05:31+00:00","mainEntityOfPage":{"@id":"https:\/\/bierger.remich.lu\/lb\/2023\/02\/17\/bichertheik-offnungszeiten-aufruf\/"},"wordCount":187,"commentCount":0,"articleSection":["Uncategorized"],"inLanguage":"fr-FR","potentialAction":[{"@type":"CommentAction","name":"Comment","target":["https:\/\/bierger.remich.lu\/lb\/2023\/02\/17\/bichertheik-offnungszeiten-aufruf\/#respond"]}]},{"@type":"WebPage","@id":"https:\/\/bierger.remich.lu\/lb\/2023\/02\/17\/bichertheik-offnungszeiten-aufruf\/","url":"https:\/\/bierger.remich.lu\/lb\/2023\/02\/17\/bichertheik-offnungszeiten-aufruf\/","name":"Bicherth\u00e9ik | Horaires et appel - Ville de Remich","isPartOf":{"@id":"https:\/\/bierger.remich.lu\/de\/#website"},"datePublished":"2023-02-17T10:50:18+00:00","dateModified":"2023-03-13T09:05:31+00:00","author":{"@id":"https:\/\/bierger.remich.lu\/de\/#\/schema\/person\/5babce1f1102bf4d794591f52f77f7ac"},"breadcrumb":{"@id":"https:\/\/bierger.remich.lu\/lb\/2023\/02\/17\/bichertheik-offnungszeiten-aufruf\/#breadcrumb"},"inLanguage":"fr-FR","potentialAction":[{"@type":"ReadAction","target":["https:\/\/bierger.remich.lu\/lb\/2023\/02\/17\/bichertheik-offnungszeiten-aufruf\/"]}]},{"@type":"BreadcrumbList","@id":"https:\/\/bierger.remich.lu\/lb\/2023\/02\/17\/bichertheik-offnungszeiten-aufruf\/#breadcrumb","itemListElement":[{"@type":"ListItem","position":1,"name":"Startseite","item":"https:\/\/bierger.remich.lu\/de\/"},{"@type":"ListItem","position":2,"name":"Bicherth\u00e9ik | Horaires et appel"}]},{"@type":"WebSite","@id":"https:\/\/bierger.remich.lu\/de\/#website","url":"https:\/\/bierger.remich.lu\/de\/","name":"Ville de Remich","description":"","potentialAction":[{"@type":"SearchAction","target":{"@type":"EntryPoint","urlTemplate":"https:\/\/bierger.remich.lu\/de\/?s={search_term_string}"},"query-input":{"@type":"PropertyValueSpecification","valueRequired":true,"valueName":"search_term_string"}}],"inLanguage":"fr-FR"},{"@type":"Person","@id":"https:\/\/bierger.remich.lu\/de\/#\/schema\/person\/5babce1f1102bf4d794591f52f77f7ac","name":"murielkayser","image":{"@type":"ImageObject","inLanguage":"fr-FR","@id":"https:\/\/bierger.remich.lu\/de\/#\/schema\/person\/image\/","url":"https:\/\/secure.gravatar.com\/avatar\/929f45c18759f15bc69ebb2c989dc3f1733d348e81e97f979f32017e6ca077ee?s=96&d=mm&r=g","contentUrl":"https:\/\/secure.gravatar.com\/avatar\/929f45c18759f15bc69ebb2c989dc3f1733d348e81e97f979f32017e6ca077ee?s=96&d=mm&r=g","caption":"murielkayser"},"url":"#"}]}},"_links":{"self":[{"href":"https:\/\/bierger.remich.lu\/fr\/wp-json\/wp\/v2\/posts\/11946","targetHints":{"allow":["GET"]}}],"collection":[{"href":"https:\/\/bierger.remich.lu\/fr\/wp-json\/wp\/v2\/posts"}],"about":[{"href":"https:\/\/bierger.remich.lu\/fr\/wp-json\/wp\/v2\/types\/post"}],"author":[{"embeddable":true,"href":"https:\/\/bierger.remich.lu\/fr\/wp-json\/wp\/v2\/users\/4"}],"replies":[{"embeddable":true,"href":"https:\/\/bierger.remich.lu\/fr\/wp-json\/wp\/v2\/comments?post=11946"}],"version-history":[{"count":4,"href":"https:\/\/bierger.remich.lu\/fr\/wp-json\/wp\/v2\/posts\/11946\/revisions"}],"predecessor-version":[{"id":12008,"href":"https:\/\/bierger.remich.lu\/fr\/wp-json\/wp\/v2\/posts\/11946\/revisions\/12008"}],"wp:attachment":[{"href":"https:\/\/bierger.remich.lu\/fr\/wp-json\/wp\/v2\/media?parent=11946"}],"wp:term":[{"taxonomy":"category","embeddable":true,"href":"https:\/\/bierger.remich.lu\/fr\/wp-json\/wp\/v2\/categories?post=11946"},{"taxonomy":"post_tag","embeddable":true,"href":"https:\/\/bierger.remich.lu\/fr\/wp-json\/wp\/v2\/tags?post=11946"}],"curies":[{"name":"wp","href":"https:\/\/api.w.org\/{rel}","templated":true}]}}