{"id":12467,"date":"2023-06-16T08:35:33","date_gmt":"2023-06-16T06:35:33","guid":{"rendered":"https:\/\/bierger.remich.lu\/?p=12467"},"modified":"2023-06-16T08:35:33","modified_gmt":"2023-06-16T06:35:33","slug":"handeln-wir-zusammen-so-koennen-wir-wasser-sparen","status":"publish","type":"post","link":"https:\/\/bierger.remich.lu\/fr\/2023\/06\/16\/handeln-wir-zusammen-so-koennen-wir-wasser-sparen\/","title":{"rendered":"Agissons ensemble ! Voici comment \u00e9conomiser l&rsquo;eau."},"content":{"rendered":"<p style=\"font-weight: 400\"><em><strong>Agissons ensemble\u00a0! Voici comment \u00e9conomiser de l\u2019eau\u00a0!<\/strong><\/em><\/p>\n<ul>\n<li>Privil\u00e9gions les piscines collectives. \u00c9vitons le remplissage et le renouvellement des piscines priv\u00e9es.<\/li>\n<li>Utilisons les stations de lavage car wash. Un syst\u00e8me \u00e0 circuit ferm\u00e9 \u00e9pargne de l\u2019eau potable.<\/li>\n<li>Optimisons l\u2019utilisation de nos lave-linges. Utilisons la capacit\u00e9 maximale de nos machines.<\/li>\n<li>R\u00e9duisons l\u2019arrosage \u00e0 l\u2019eau potable. Nos pelouses ne n\u00e9cessitent pas d\u2019arrosage et se r\u00e9g\u00e9n\u00e8rent rapidement. Arrosons le potager et les nouvelles plantations pendant le coucher de soleil.<\/li>\n<li>\u00c9conomisions l\u2019eau courante pendant le nettoyage des surfaces ext\u00e9rieures. Utilisons l\u2019eau potable avec mod\u00e9ration.<\/li>\n<li>Prenons des douches courtes. Une douche rapide suffit pour se rafra\u00eechir.<\/li>\n<\/ul>","protected":false},"excerpt":{"rendered":"<p>Agissons ensemble\u00a0! Voici comment \u00e9conomiser de l\u2019eau\u00a0! Privil\u00e9gions les piscines collectives. \u00c9vitons le remplissage et le renouvellement des piscines priv\u00e9es. Utilisons les stations de lavage car wash. Un syst\u00e8me \u00e0 circuit ferm\u00e9 \u00e9pargne de l\u2019eau potable. Optimisons l\u2019utilisation de nos lave-linges. Utilisons la capacit\u00e9 maximale de nos machines. R\u00e9duisons l\u2019arrosage \u00e0 l\u2019eau potable. Nos pelouses&#8230;  <a class=\"excerpt-read-more\" href=\"https:\/\/bierger.remich.lu\/fr\/2023\/06\/16\/handeln-wir-zusammen-so-koennen-wir-wasser-sparen\/\" title=\"ReadAgissons ensemble ! Voici comment \u00e9conomiser l&rsquo;eau.\">Lire la suite \u00bb<\/a><\/p>\n","protected":false},"author":2,"featured_media":0,"comment_status":"open","ping_status":"open","sticky":false,"template":"","format":"standard","meta":{"_acf_changed":false,"xn-wppe-expiration":[],"xn-wppe-expiration-action":[],"xn-wppe-expiration-prefix":[],"footnotes":"","_links_to":"","_links_to_target":""},"categories":[1],"tags":[],"class_list":["post-12467","post","type-post","status-publish","format-standard","hentry","category-news","keyword-eau"],"acf":[],"yoast_head":"<!-- This site is optimized with the Yoast SEO plugin v26.7 - https:\/\/yoast.com\/wordpress\/plugins\/seo\/ -->\n<title>Agissons ensemble ! Voici comment \u00e9conomiser l&#039;eau. - Ville de Remich<\/title>\n<meta name=\"robots\" content=\"index, follow, max-snippet:-1, max-image-preview:large, max-video-preview:-1\" \/>\n<link rel=\"canonical\" href=\"https:\/\/bierger.remich.lu\/lb\/2023\/06\/16\/handeln-wir-zusammen-so-koennen-wir-wasser-sparen\/\" \/>\n<meta property=\"og:locale\" content=\"fr_FR\" \/>\n<meta property=\"og:type\" content=\"article\" \/>\n<meta property=\"og:title\" content=\"Agissons ensemble ! Voici comment \u00e9conomiser l&#039;eau. - Ville de Remich\" \/>\n<meta property=\"og:description\" content=\"Agissons ensemble\u00a0! Voici comment \u00e9conomiser de l\u2019eau\u00a0! Privil\u00e9gions les piscines collectives. \u00c9vitons le remplissage et le renouvellement des piscines priv\u00e9es. Utilisons les stations de lavage car wash. Un syst\u00e8me \u00e0 circuit ferm\u00e9 \u00e9pargne de l\u2019eau potable. Optimisons l\u2019utilisation de nos lave-linges. Utilisons la capacit\u00e9 maximale de nos machines. R\u00e9duisons l\u2019arrosage \u00e0 l\u2019eau potable. Nos pelouses... Lire la suite \u00bb\" \/>\n<meta property=\"og:url\" content=\"https:\/\/bierger.remich.lu\/lb\/2023\/06\/16\/handeln-wir-zusammen-so-koennen-wir-wasser-sparen\/\" \/>\n<meta property=\"og:site_name\" content=\"Ville de Remich\" \/>\n<meta property=\"article:published_time\" content=\"2023-06-16T06:35:33+00:00\" \/>\n<meta name=\"author\" content=\"carolesitz\" \/>\n<meta name=\"twitter:card\" content=\"summary_large_image\" \/>\n<meta name=\"twitter:label1\" content=\"\u00c9crit par\" \/>\n\t<meta name=\"twitter:data1\" content=\"carolesitz\" \/>\n\t<meta name=\"twitter:label2\" content=\"Dur\u00e9e de lecture estim\u00e9e\" \/>\n\t<meta name=\"twitter:data2\" content=\"2 minutes\" \/>\n<script type=\"application\/ld+json\" class=\"yoast-schema-graph\">{\"@context\":\"https:\/\/schema.org\",\"@graph\":[{\"@type\":\"Article\",\"@id\":\"https:\/\/bierger.remich.lu\/lb\/2023\/06\/16\/handeln-wir-zusammen-so-koennen-wir-wasser-sparen\/#article\",\"isPartOf\":{\"@id\":\"https:\/\/bierger.remich.lu\/lb\/2023\/06\/16\/handeln-wir-zusammen-so-koennen-wir-wasser-sparen\/\"},\"author\":{\"name\":\"carolesitz\",\"@id\":\"https:\/\/bierger.remich.lu\/de\/#\/schema\/person\/2f4d1c58be815d7d2a723780582c5ea0\"},\"headline\":\"Agissons ensemble ! Voici comment \u00e9conomiser l&rsquo;eau.\",\"datePublished\":\"2023-06-16T06:35:33+00:00\",\"mainEntityOfPage\":{\"@id\":\"https:\/\/bierger.remich.lu\/lb\/2023\/06\/16\/handeln-wir-zusammen-so-koennen-wir-wasser-sparen\/\"},\"wordCount\":474,\"commentCount\":0,\"articleSection\":[\"Uncategorized\"],\"inLanguage\":\"fr-FR\",\"potentialAction\":[{\"@type\":\"CommentAction\",\"name\":\"Comment\",\"target\":[\"https:\/\/bierger.remich.lu\/lb\/2023\/06\/16\/handeln-wir-zusammen-so-koennen-wir-wasser-sparen\/#respond\"]}]},{\"@type\":\"WebPage\",\"@id\":\"https:\/\/bierger.remich.lu\/lb\/2023\/06\/16\/handeln-wir-zusammen-so-koennen-wir-wasser-sparen\/\",\"url\":\"https:\/\/bierger.remich.lu\/lb\/2023\/06\/16\/handeln-wir-zusammen-so-koennen-wir-wasser-sparen\/\",\"name\":\"Agissons ensemble ! Voici comment \u00e9conomiser l'eau. - Ville de Remich\",\"isPartOf\":{\"@id\":\"https:\/\/bierger.remich.lu\/de\/#website\"},\"datePublished\":\"2023-06-16T06:35:33+00:00\",\"author\":{\"@id\":\"https:\/\/bierger.remich.lu\/de\/#\/schema\/person\/2f4d1c58be815d7d2a723780582c5ea0\"},\"breadcrumb\":{\"@id\":\"https:\/\/bierger.remich.lu\/lb\/2023\/06\/16\/handeln-wir-zusammen-so-koennen-wir-wasser-sparen\/#breadcrumb\"},\"inLanguage\":\"fr-FR\",\"potentialAction\":[{\"@type\":\"ReadAction\",\"target\":[\"https:\/\/bierger.remich.lu\/lb\/2023\/06\/16\/handeln-wir-zusammen-so-koennen-wir-wasser-sparen\/\"]}]},{\"@type\":\"BreadcrumbList\",\"@id\":\"https:\/\/bierger.remich.lu\/lb\/2023\/06\/16\/handeln-wir-zusammen-so-koennen-wir-wasser-sparen\/#breadcrumb\",\"itemListElement\":[{\"@type\":\"ListItem\",\"position\":1,\"name\":\"Startseite\",\"item\":\"https:\/\/bierger.remich.lu\/de\/\"},{\"@type\":\"ListItem\",\"position\":2,\"name\":\"Zesummen handelen! Esou k\u00ebnne mir Waasser spueren.\"}]},{\"@type\":\"WebSite\",\"@id\":\"https:\/\/bierger.remich.lu\/de\/#website\",\"url\":\"https:\/\/bierger.remich.lu\/de\/\",\"name\":\"Ville de Remich\",\"description\":\"\",\"potentialAction\":[{\"@type\":\"SearchAction\",\"target\":{\"@type\":\"EntryPoint\",\"urlTemplate\":\"https:\/\/bierger.remich.lu\/de\/?s={search_term_string}\"},\"query-input\":{\"@type\":\"PropertyValueSpecification\",\"valueRequired\":true,\"valueName\":\"search_term_string\"}}],\"inLanguage\":\"fr-FR\"},{\"@type\":\"Person\",\"@id\":\"https:\/\/bierger.remich.lu\/de\/#\/schema\/person\/2f4d1c58be815d7d2a723780582c5ea0\",\"name\":\"carolesitz\",\"image\":{\"@type\":\"ImageObject\",\"inLanguage\":\"fr-FR\",\"@id\":\"https:\/\/bierger.remich.lu\/de\/#\/schema\/person\/image\/\",\"url\":\"https:\/\/secure.gravatar.com\/avatar\/7085eef214126b2aad5cba674a30c015ce05951f082b5b560ff52555ccb605ba?s=96&d=mm&r=g\",\"contentUrl\":\"https:\/\/secure.gravatar.com\/avatar\/7085eef214126b2aad5cba674a30c015ce05951f082b5b560ff52555ccb605ba?s=96&d=mm&r=g\",\"caption\":\"carolesitz\"},\"url\":\"#\"}]}<\/script>\n<!-- \/ Yoast SEO plugin. -->","yoast_head_json":{"title":"Agissons ensemble ! Voici comment \u00e9conomiser l'eau. - Ville de Remich","robots":{"index":"index","follow":"follow","max-snippet":"max-snippet:-1","max-image-preview":"max-image-preview:large","max-video-preview":"max-video-preview:-1"},"canonical":"https:\/\/bierger.remich.lu\/lb\/2023\/06\/16\/handeln-wir-zusammen-so-koennen-wir-wasser-sparen\/","og_locale":"fr_FR","og_type":"article","og_title":"Agissons ensemble ! Voici comment \u00e9conomiser l'eau. - Ville de Remich","og_description":"Agissons ensemble\u00a0! Voici comment \u00e9conomiser de l\u2019eau\u00a0! Privil\u00e9gions les piscines collectives. \u00c9vitons le remplissage et le renouvellement des piscines priv\u00e9es. Utilisons les stations de lavage car wash. Un syst\u00e8me \u00e0 circuit ferm\u00e9 \u00e9pargne de l\u2019eau potable. Optimisons l\u2019utilisation de nos lave-linges. Utilisons la capacit\u00e9 maximale de nos machines. R\u00e9duisons l\u2019arrosage \u00e0 l\u2019eau potable. Nos pelouses... Lire la suite \u00bb","og_url":"https:\/\/bierger.remich.lu\/lb\/2023\/06\/16\/handeln-wir-zusammen-so-koennen-wir-wasser-sparen\/","og_site_name":"Ville de Remich","article_published_time":"2023-06-16T06:35:33+00:00","author":"carolesitz","twitter_card":"summary_large_image","twitter_misc":{"\u00c9crit par":"carolesitz","Dur\u00e9e de lecture estim\u00e9e":"2 minutes"},"schema":{"@context":"https:\/\/schema.org","@graph":[{"@type":"Article","@id":"https:\/\/bierger.remich.lu\/lb\/2023\/06\/16\/handeln-wir-zusammen-so-koennen-wir-wasser-sparen\/#article","isPartOf":{"@id":"https:\/\/bierger.remich.lu\/lb\/2023\/06\/16\/handeln-wir-zusammen-so-koennen-wir-wasser-sparen\/"},"author":{"name":"carolesitz","@id":"https:\/\/bierger.remich.lu\/de\/#\/schema\/person\/2f4d1c58be815d7d2a723780582c5ea0"},"headline":"Agissons ensemble ! Voici comment \u00e9conomiser l&rsquo;eau.","datePublished":"2023-06-16T06:35:33+00:00","mainEntityOfPage":{"@id":"https:\/\/bierger.remich.lu\/lb\/2023\/06\/16\/handeln-wir-zusammen-so-koennen-wir-wasser-sparen\/"},"wordCount":474,"commentCount":0,"articleSection":["Uncategorized"],"inLanguage":"fr-FR","potentialAction":[{"@type":"CommentAction","name":"Comment","target":["https:\/\/bierger.remich.lu\/lb\/2023\/06\/16\/handeln-wir-zusammen-so-koennen-wir-wasser-sparen\/#respond"]}]},{"@type":"WebPage","@id":"https:\/\/bierger.remich.lu\/lb\/2023\/06\/16\/handeln-wir-zusammen-so-koennen-wir-wasser-sparen\/","url":"https:\/\/bierger.remich.lu\/lb\/2023\/06\/16\/handeln-wir-zusammen-so-koennen-wir-wasser-sparen\/","name":"Agissons ensemble ! Voici comment \u00e9conomiser l'eau. - Ville de Remich","isPartOf":{"@id":"https:\/\/bierger.remich.lu\/de\/#website"},"datePublished":"2023-06-16T06:35:33+00:00","author":{"@id":"https:\/\/bierger.remich.lu\/de\/#\/schema\/person\/2f4d1c58be815d7d2a723780582c5ea0"},"breadcrumb":{"@id":"https:\/\/bierger.remich.lu\/lb\/2023\/06\/16\/handeln-wir-zusammen-so-koennen-wir-wasser-sparen\/#breadcrumb"},"inLanguage":"fr-FR","potentialAction":[{"@type":"ReadAction","target":["https:\/\/bierger.remich.lu\/lb\/2023\/06\/16\/handeln-wir-zusammen-so-koennen-wir-wasser-sparen\/"]}]},{"@type":"BreadcrumbList","@id":"https:\/\/bierger.remich.lu\/lb\/2023\/06\/16\/handeln-wir-zusammen-so-koennen-wir-wasser-sparen\/#breadcrumb","itemListElement":[{"@type":"ListItem","position":1,"name":"Startseite","item":"https:\/\/bierger.remich.lu\/de\/"},{"@type":"ListItem","position":2,"name":"Zesummen handelen! Esou k\u00ebnne mir Waasser spueren."}]},{"@type":"WebSite","@id":"https:\/\/bierger.remich.lu\/de\/#website","url":"https:\/\/bierger.remich.lu\/de\/","name":"Ville de Remich","description":"","potentialAction":[{"@type":"SearchAction","target":{"@type":"EntryPoint","urlTemplate":"https:\/\/bierger.remich.lu\/de\/?s={search_term_string}"},"query-input":{"@type":"PropertyValueSpecification","valueRequired":true,"valueName":"search_term_string"}}],"inLanguage":"fr-FR"},{"@type":"Person","@id":"https:\/\/bierger.remich.lu\/de\/#\/schema\/person\/2f4d1c58be815d7d2a723780582c5ea0","name":"carolesitz","image":{"@type":"ImageObject","inLanguage":"fr-FR","@id":"https:\/\/bierger.remich.lu\/de\/#\/schema\/person\/image\/","url":"https:\/\/secure.gravatar.com\/avatar\/7085eef214126b2aad5cba674a30c015ce05951f082b5b560ff52555ccb605ba?s=96&d=mm&r=g","contentUrl":"https:\/\/secure.gravatar.com\/avatar\/7085eef214126b2aad5cba674a30c015ce05951f082b5b560ff52555ccb605ba?s=96&d=mm&r=g","caption":"carolesitz"},"url":"#"}]}},"_links":{"self":[{"href":"https:\/\/bierger.remich.lu\/fr\/wp-json\/wp\/v2\/posts\/12467","targetHints":{"allow":["GET"]}}],"collection":[{"href":"https:\/\/bierger.remich.lu\/fr\/wp-json\/wp\/v2\/posts"}],"about":[{"href":"https:\/\/bierger.remich.lu\/fr\/wp-json\/wp\/v2\/types\/post"}],"author":[{"embeddable":true,"href":"https:\/\/bierger.remich.lu\/fr\/wp-json\/wp\/v2\/users\/2"}],"replies":[{"embeddable":true,"href":"https:\/\/bierger.remich.lu\/fr\/wp-json\/wp\/v2\/comments?post=12467"}],"version-history":[{"count":1,"href":"https:\/\/bierger.remich.lu\/fr\/wp-json\/wp\/v2\/posts\/12467\/revisions"}],"predecessor-version":[{"id":12468,"href":"https:\/\/bierger.remich.lu\/fr\/wp-json\/wp\/v2\/posts\/12467\/revisions\/12468"}],"wp:attachment":[{"href":"https:\/\/bierger.remich.lu\/fr\/wp-json\/wp\/v2\/media?parent=12467"}],"wp:term":[{"taxonomy":"category","embeddable":true,"href":"https:\/\/bierger.remich.lu\/fr\/wp-json\/wp\/v2\/categories?post=12467"},{"taxonomy":"post_tag","embeddable":true,"href":"https:\/\/bierger.remich.lu\/fr\/wp-json\/wp\/v2\/tags?post=12467"}],"curies":[{"name":"wp","href":"https:\/\/api.w.org\/{rel}","templated":true}]}}