{"id":12967,"date":"2023-10-12T11:24:49","date_gmt":"2023-10-12T09:24:49","guid":{"rendered":"https:\/\/bierger.remich.lu\/?p=12967"},"modified":"2023-10-12T11:24:49","modified_gmt":"2023-10-12T09:24:49","slug":"krematorium-hamm-umbauarbeiten","status":"publish","type":"post","link":"https:\/\/bierger.remich.lu\/fr\/2023\/10\/12\/krematorium-hamm-umbauarbeiten\/","title":{"rendered":"Cr\u00e9matorium de Hamm | Travaux en cours"},"content":{"rendered":"<div>\n<p><i><span lang=\"FR-LU\">En raison de travaux au cr\u00e9matoire \u00e0 Hamm entre septembre 2023 et d\u00e9cembre 2024, d\u2019importants temps d\u2019attente pour les c\u00e9r\u00e9monies d\u2019adieu sont possibles.<\/span><\/i><\/p>\n<\/div>\n<div>\n<p><i><span lang=\"FR-LU\">Nous vous informons qu\u2019il est \u00e9galement possible d\u2019organiser une telle c\u00e9r\u00e9monie au cimeti\u00e8re communal.<\/span><\/i><\/p>\n<\/div>\n<div>\n<p><i><span lang=\"FR-LU\">Pour plus d\u2019informations, nous vous prions de contacter l\u2019office des citoyens.<\/span><\/i><\/p>\n<\/div>","protected":false},"excerpt":{"rendered":"<p>En raison de travaux au cr\u00e9matoire \u00e0 Hamm entre septembre 2023 et d\u00e9cembre 2024, d\u2019importants temps d\u2019attente pour les c\u00e9r\u00e9monies d\u2019adieu sont possibles. Nous vous informons qu\u2019il est \u00e9galement possible d\u2019organiser une telle c\u00e9r\u00e9monie au cimeti\u00e8re communal. Pour plus d\u2019informations, nous vous prions de contacter l\u2019office des citoyens.<\/p>\n","protected":false},"author":2,"featured_media":0,"comment_status":"open","ping_status":"open","sticky":false,"template":"","format":"standard","meta":{"_acf_changed":false,"xn-wppe-expiration":[],"xn-wppe-expiration-action":[],"xn-wppe-expiration-prefix":[],"footnotes":"","_links_to":"","_links_to_target":""},"categories":[1],"tags":[],"class_list":["post-12967","post","type-post","status-publish","format-standard","hentry","category-news","keyword-friedhof"],"acf":[],"yoast_head":"<!-- This site is optimized with the Yoast SEO plugin v26.7 - https:\/\/yoast.com\/wordpress\/plugins\/seo\/ -->\n<title>Cr\u00e9matorium de Hamm | Travaux en cours - Ville de Remich<\/title>\n<meta name=\"robots\" content=\"index, follow, max-snippet:-1, max-image-preview:large, max-video-preview:-1\" \/>\n<link rel=\"canonical\" href=\"https:\/\/bierger.remich.lu\/lb\/2023\/10\/12\/krematorium-hamm-umbauarbeiten\/\" \/>\n<meta property=\"og:locale\" content=\"fr_FR\" \/>\n<meta property=\"og:type\" content=\"article\" \/>\n<meta property=\"og:title\" content=\"Cr\u00e9matorium de Hamm | Travaux en cours - Ville de Remich\" \/>\n<meta property=\"og:description\" content=\"En raison de travaux au cr\u00e9matoire \u00e0 Hamm entre septembre 2023 et d\u00e9cembre 2024, d\u2019importants temps d\u2019attente pour les c\u00e9r\u00e9monies d\u2019adieu sont possibles. Nous vous informons qu\u2019il est \u00e9galement possible d\u2019organiser une telle c\u00e9r\u00e9monie au cimeti\u00e8re communal. Pour plus d\u2019informations, nous vous prions de contacter l\u2019office des citoyens.\" \/>\n<meta property=\"og:url\" content=\"https:\/\/bierger.remich.lu\/lb\/2023\/10\/12\/krematorium-hamm-umbauarbeiten\/\" \/>\n<meta property=\"og:site_name\" content=\"Ville de Remich\" \/>\n<meta property=\"article:published_time\" content=\"2023-10-12T09:24:49+00:00\" \/>\n<meta name=\"author\" content=\"carolesitz\" \/>\n<meta name=\"twitter:card\" content=\"summary_large_image\" \/>\n<meta name=\"twitter:label1\" content=\"\u00c9crit par\" \/>\n\t<meta name=\"twitter:data1\" content=\"carolesitz\" \/>\n\t<meta name=\"twitter:label2\" content=\"Dur\u00e9e de lecture estim\u00e9e\" \/>\n\t<meta name=\"twitter:data2\" content=\"1 minute\" \/>\n<script type=\"application\/ld+json\" class=\"yoast-schema-graph\">{\"@context\":\"https:\/\/schema.org\",\"@graph\":[{\"@type\":\"Article\",\"@id\":\"https:\/\/bierger.remich.lu\/lb\/2023\/10\/12\/krematorium-hamm-umbauarbeiten\/#article\",\"isPartOf\":{\"@id\":\"https:\/\/bierger.remich.lu\/lb\/2023\/10\/12\/krematorium-hamm-umbauarbeiten\/\"},\"author\":{\"name\":\"carolesitz\",\"@id\":\"https:\/\/bierger.remich.lu\/de\/#\/schema\/person\/2f4d1c58be815d7d2a723780582c5ea0\"},\"headline\":\"Cr\u00e9matorium de Hamm | Travaux en cours\",\"datePublished\":\"2023-10-12T09:24:49+00:00\",\"mainEntityOfPage\":{\"@id\":\"https:\/\/bierger.remich.lu\/lb\/2023\/10\/12\/krematorium-hamm-umbauarbeiten\/\"},\"wordCount\":246,\"commentCount\":0,\"articleSection\":[\"Uncategorized\"],\"inLanguage\":\"fr-FR\",\"potentialAction\":[{\"@type\":\"CommentAction\",\"name\":\"Comment\",\"target\":[\"https:\/\/bierger.remich.lu\/lb\/2023\/10\/12\/krematorium-hamm-umbauarbeiten\/#respond\"]}]},{\"@type\":\"WebPage\",\"@id\":\"https:\/\/bierger.remich.lu\/lb\/2023\/10\/12\/krematorium-hamm-umbauarbeiten\/\",\"url\":\"https:\/\/bierger.remich.lu\/lb\/2023\/10\/12\/krematorium-hamm-umbauarbeiten\/\",\"name\":\"Cr\u00e9matorium de Hamm | Travaux en cours - Ville de Remich\",\"isPartOf\":{\"@id\":\"https:\/\/bierger.remich.lu\/de\/#website\"},\"datePublished\":\"2023-10-12T09:24:49+00:00\",\"author\":{\"@id\":\"https:\/\/bierger.remich.lu\/de\/#\/schema\/person\/2f4d1c58be815d7d2a723780582c5ea0\"},\"breadcrumb\":{\"@id\":\"https:\/\/bierger.remich.lu\/lb\/2023\/10\/12\/krematorium-hamm-umbauarbeiten\/#breadcrumb\"},\"inLanguage\":\"fr-FR\",\"potentialAction\":[{\"@type\":\"ReadAction\",\"target\":[\"https:\/\/bierger.remich.lu\/lb\/2023\/10\/12\/krematorium-hamm-umbauarbeiten\/\"]}]},{\"@type\":\"BreadcrumbList\",\"@id\":\"https:\/\/bierger.remich.lu\/lb\/2023\/10\/12\/krematorium-hamm-umbauarbeiten\/#breadcrumb\",\"itemListElement\":[{\"@type\":\"ListItem\",\"position\":1,\"name\":\"Startseite\",\"item\":\"https:\/\/bierger.remich.lu\/de\/\"},{\"@type\":\"ListItem\",\"position\":2,\"name\":\"Krematorium Hamm | \u00cbmbauaarbechten\"}]},{\"@type\":\"WebSite\",\"@id\":\"https:\/\/bierger.remich.lu\/de\/#website\",\"url\":\"https:\/\/bierger.remich.lu\/de\/\",\"name\":\"Ville de Remich\",\"description\":\"\",\"potentialAction\":[{\"@type\":\"SearchAction\",\"target\":{\"@type\":\"EntryPoint\",\"urlTemplate\":\"https:\/\/bierger.remich.lu\/de\/?s={search_term_string}\"},\"query-input\":{\"@type\":\"PropertyValueSpecification\",\"valueRequired\":true,\"valueName\":\"search_term_string\"}}],\"inLanguage\":\"fr-FR\"},{\"@type\":\"Person\",\"@id\":\"https:\/\/bierger.remich.lu\/de\/#\/schema\/person\/2f4d1c58be815d7d2a723780582c5ea0\",\"name\":\"carolesitz\",\"image\":{\"@type\":\"ImageObject\",\"inLanguage\":\"fr-FR\",\"@id\":\"https:\/\/bierger.remich.lu\/de\/#\/schema\/person\/image\/\",\"url\":\"https:\/\/secure.gravatar.com\/avatar\/7085eef214126b2aad5cba674a30c015ce05951f082b5b560ff52555ccb605ba?s=96&d=mm&r=g\",\"contentUrl\":\"https:\/\/secure.gravatar.com\/avatar\/7085eef214126b2aad5cba674a30c015ce05951f082b5b560ff52555ccb605ba?s=96&d=mm&r=g\",\"caption\":\"carolesitz\"},\"url\":\"#\"}]}<\/script>\n<!-- \/ Yoast SEO plugin. -->","yoast_head_json":{"title":"Cr\u00e9matorium de Hamm | Travaux en cours - Ville de Remich","robots":{"index":"index","follow":"follow","max-snippet":"max-snippet:-1","max-image-preview":"max-image-preview:large","max-video-preview":"max-video-preview:-1"},"canonical":"https:\/\/bierger.remich.lu\/lb\/2023\/10\/12\/krematorium-hamm-umbauarbeiten\/","og_locale":"fr_FR","og_type":"article","og_title":"Cr\u00e9matorium de Hamm | Travaux en cours - Ville de Remich","og_description":"En raison de travaux au cr\u00e9matoire \u00e0 Hamm entre septembre 2023 et d\u00e9cembre 2024, d\u2019importants temps d\u2019attente pour les c\u00e9r\u00e9monies d\u2019adieu sont possibles. Nous vous informons qu\u2019il est \u00e9galement possible d\u2019organiser une telle c\u00e9r\u00e9monie au cimeti\u00e8re communal. Pour plus d\u2019informations, nous vous prions de contacter l\u2019office des citoyens.","og_url":"https:\/\/bierger.remich.lu\/lb\/2023\/10\/12\/krematorium-hamm-umbauarbeiten\/","og_site_name":"Ville de Remich","article_published_time":"2023-10-12T09:24:49+00:00","author":"carolesitz","twitter_card":"summary_large_image","twitter_misc":{"\u00c9crit par":"carolesitz","Dur\u00e9e de lecture estim\u00e9e":"1 minute"},"schema":{"@context":"https:\/\/schema.org","@graph":[{"@type":"Article","@id":"https:\/\/bierger.remich.lu\/lb\/2023\/10\/12\/krematorium-hamm-umbauarbeiten\/#article","isPartOf":{"@id":"https:\/\/bierger.remich.lu\/lb\/2023\/10\/12\/krematorium-hamm-umbauarbeiten\/"},"author":{"name":"carolesitz","@id":"https:\/\/bierger.remich.lu\/de\/#\/schema\/person\/2f4d1c58be815d7d2a723780582c5ea0"},"headline":"Cr\u00e9matorium de Hamm | Travaux en cours","datePublished":"2023-10-12T09:24:49+00:00","mainEntityOfPage":{"@id":"https:\/\/bierger.remich.lu\/lb\/2023\/10\/12\/krematorium-hamm-umbauarbeiten\/"},"wordCount":246,"commentCount":0,"articleSection":["Uncategorized"],"inLanguage":"fr-FR","potentialAction":[{"@type":"CommentAction","name":"Comment","target":["https:\/\/bierger.remich.lu\/lb\/2023\/10\/12\/krematorium-hamm-umbauarbeiten\/#respond"]}]},{"@type":"WebPage","@id":"https:\/\/bierger.remich.lu\/lb\/2023\/10\/12\/krematorium-hamm-umbauarbeiten\/","url":"https:\/\/bierger.remich.lu\/lb\/2023\/10\/12\/krematorium-hamm-umbauarbeiten\/","name":"Cr\u00e9matorium de Hamm | Travaux en cours - Ville de Remich","isPartOf":{"@id":"https:\/\/bierger.remich.lu\/de\/#website"},"datePublished":"2023-10-12T09:24:49+00:00","author":{"@id":"https:\/\/bierger.remich.lu\/de\/#\/schema\/person\/2f4d1c58be815d7d2a723780582c5ea0"},"breadcrumb":{"@id":"https:\/\/bierger.remich.lu\/lb\/2023\/10\/12\/krematorium-hamm-umbauarbeiten\/#breadcrumb"},"inLanguage":"fr-FR","potentialAction":[{"@type":"ReadAction","target":["https:\/\/bierger.remich.lu\/lb\/2023\/10\/12\/krematorium-hamm-umbauarbeiten\/"]}]},{"@type":"BreadcrumbList","@id":"https:\/\/bierger.remich.lu\/lb\/2023\/10\/12\/krematorium-hamm-umbauarbeiten\/#breadcrumb","itemListElement":[{"@type":"ListItem","position":1,"name":"Startseite","item":"https:\/\/bierger.remich.lu\/de\/"},{"@type":"ListItem","position":2,"name":"Krematorium Hamm | \u00cbmbauaarbechten"}]},{"@type":"WebSite","@id":"https:\/\/bierger.remich.lu\/de\/#website","url":"https:\/\/bierger.remich.lu\/de\/","name":"Ville de Remich","description":"","potentialAction":[{"@type":"SearchAction","target":{"@type":"EntryPoint","urlTemplate":"https:\/\/bierger.remich.lu\/de\/?s={search_term_string}"},"query-input":{"@type":"PropertyValueSpecification","valueRequired":true,"valueName":"search_term_string"}}],"inLanguage":"fr-FR"},{"@type":"Person","@id":"https:\/\/bierger.remich.lu\/de\/#\/schema\/person\/2f4d1c58be815d7d2a723780582c5ea0","name":"carolesitz","image":{"@type":"ImageObject","inLanguage":"fr-FR","@id":"https:\/\/bierger.remich.lu\/de\/#\/schema\/person\/image\/","url":"https:\/\/secure.gravatar.com\/avatar\/7085eef214126b2aad5cba674a30c015ce05951f082b5b560ff52555ccb605ba?s=96&d=mm&r=g","contentUrl":"https:\/\/secure.gravatar.com\/avatar\/7085eef214126b2aad5cba674a30c015ce05951f082b5b560ff52555ccb605ba?s=96&d=mm&r=g","caption":"carolesitz"},"url":"#"}]}},"_links":{"self":[{"href":"https:\/\/bierger.remich.lu\/fr\/wp-json\/wp\/v2\/posts\/12967","targetHints":{"allow":["GET"]}}],"collection":[{"href":"https:\/\/bierger.remich.lu\/fr\/wp-json\/wp\/v2\/posts"}],"about":[{"href":"https:\/\/bierger.remich.lu\/fr\/wp-json\/wp\/v2\/types\/post"}],"author":[{"embeddable":true,"href":"https:\/\/bierger.remich.lu\/fr\/wp-json\/wp\/v2\/users\/2"}],"replies":[{"embeddable":true,"href":"https:\/\/bierger.remich.lu\/fr\/wp-json\/wp\/v2\/comments?post=12967"}],"version-history":[{"count":1,"href":"https:\/\/bierger.remich.lu\/fr\/wp-json\/wp\/v2\/posts\/12967\/revisions"}],"predecessor-version":[{"id":12968,"href":"https:\/\/bierger.remich.lu\/fr\/wp-json\/wp\/v2\/posts\/12967\/revisions\/12968"}],"wp:attachment":[{"href":"https:\/\/bierger.remich.lu\/fr\/wp-json\/wp\/v2\/media?parent=12967"}],"wp:term":[{"taxonomy":"category","embeddable":true,"href":"https:\/\/bierger.remich.lu\/fr\/wp-json\/wp\/v2\/categories?post=12967"},{"taxonomy":"post_tag","embeddable":true,"href":"https:\/\/bierger.remich.lu\/fr\/wp-json\/wp\/v2\/tags?post=12967"}],"curies":[{"name":"wp","href":"https:\/\/api.w.org\/{rel}","templated":true}]}}