{"id":13224,"date":"2023-12-19T09:57:15","date_gmt":"2023-12-19T08:57:15","guid":{"rendered":"https:\/\/bierger.remich.lu\/?p=13224"},"modified":"2023-12-19T09:57:15","modified_gmt":"2023-12-19T08:57:15","slug":"das-klimateam-der-stadt-remich-ist-auf-der-suche-nach-neuen-mitgliedern","status":"publish","type":"post","link":"https:\/\/bierger.remich.lu\/fr\/2023\/12\/19\/das-klimateam-der-stadt-remich-ist-auf-der-suche-nach-neuen-mitgliedern\/","title":{"rendered":"L\u2019\u00e9quipe climat de la Ville de Remich est \u00e0 la recherche de membres motiv\u00e9s."},"content":{"rendered":"<p style=\"font-weight: 400\"><strong>L\u2019\u00e9quipe climat de la Ville de Remich est \u00e0 la recherche de membres motiv\u00e9s.<\/strong><\/p>\n<p style=\"font-weight: 400\">La mise en place d\u2019une \u00e9quipe climat, dont la mission est l\u2019ex\u00e9cution des mesures EEA (European Energy Award), est obligatoire dans le cadre du pacte climat auquel la Ville de Remich adh\u00e8re depuis 2012. L\u2019\u00e9quipe climat a pour mission principale l\u2019ex\u00e9cution des mesures dans les domaines de la lutte contre les changements climatiques, de l\u2019\u00e9nergie et de la mobilit\u00e9, proc\u00e8de \u00e0 l\u2019auto\u00e9valuation de la politique \u00e9nerg\u00e9tique et climatique de la commune, selon les exigences du programme EEA et \u00e9tablit un programme d\u2019action pour la commune.<\/p>\n<p style=\"font-weight: 400\"><img loading=\"lazy\" decoding=\"async\" class=\"size-medium wp-image-13225 alignleft\" src=\"https:\/\/bierger.remich.lu\/wp-content\/uploads\/sites\/3\/2023\/12\/AE_7055-4-300x200.jpg\" alt=\"\" width=\"300\" height=\"200\" srcset=\"https:\/\/bierger.remich.lu\/wp-content\/uploads\/sites\/3\/2023\/12\/AE_7055-4-300x200.jpg 300w, https:\/\/bierger.remich.lu\/wp-content\/uploads\/sites\/3\/2023\/12\/AE_7055-4-1024x683.jpg 1024w\" sizes=\"auto, (max-width: 300px) 100vw, 300px\" \/>Cette \u00e9quipe qui s\u2019appelle \u00ab Klimateam \u00bb est compos\u00e9e d\u2019un conseiller climat, de repr\u00e9sentants politiques, de l\u2019administration communale, de commissions municipales, d\u2019experts, de responsables d\u2019entreprises et de citoyens int\u00e9ress\u00e9s.<\/p>\n<p style=\"font-weight: 400\"><strong>Int\u00e9ress\u00e9(e) ?<\/strong><\/p>\n<p style=\"font-weight: 400\">Envoyez-nous votre candidature jusqu\u2019au 01.02.2024 :<\/p>\n<p style=\"font-weight: 400\">Ville de Remich | B.P. 9 | L-5501 Remich<\/p>\n<p style=\"font-weight: 400\">info@remich.lu<\/p>","protected":false},"excerpt":{"rendered":"<p>L\u2019\u00e9quipe climat de la Ville de Remich est \u00e0 la recherche de membres motiv\u00e9s. La mise en place d\u2019une \u00e9quipe climat, dont la mission est l\u2019ex\u00e9cution des mesures EEA (European Energy Award), est obligatoire dans le cadre du pacte climat auquel la Ville de Remich adh\u00e8re depuis 2012. L\u2019\u00e9quipe climat a pour mission principale l\u2019ex\u00e9cution&#8230;  <a class=\"excerpt-read-more\" href=\"https:\/\/bierger.remich.lu\/fr\/2023\/12\/19\/das-klimateam-der-stadt-remich-ist-auf-der-suche-nach-neuen-mitgliedern\/\" title=\"ReadL\u2019\u00e9quipe climat de la Ville de Remich est \u00e0 la recherche de membres motiv\u00e9s.\">Lire la suite \u00bb<\/a><\/p>\n","protected":false},"author":2,"featured_media":0,"comment_status":"open","ping_status":"open","sticky":false,"template":"","format":"standard","meta":{"_acf_changed":false,"xn-wppe-expiration":[],"xn-wppe-expiration-action":[],"xn-wppe-expiration-prefix":[],"footnotes":"","_links_to":"","_links_to_target":""},"categories":[1],"tags":[],"class_list":["post-13224","post","type-post","status-publish","format-standard","hentry","category-news","keyword-energie","keyword-pacte-climat","keyword-equipe-climat","keyword-kommission","keyword-mobilitat"],"acf":[],"yoast_head":"<!-- This site is optimized with the Yoast SEO plugin v26.7 - https:\/\/yoast.com\/wordpress\/plugins\/seo\/ -->\n<title>L\u2019\u00e9quipe climat de la Ville de Remich est \u00e0 la recherche de membres motiv\u00e9s. - Ville de Remich<\/title>\n<meta name=\"robots\" content=\"index, follow, max-snippet:-1, max-image-preview:large, max-video-preview:-1\" \/>\n<link rel=\"canonical\" href=\"https:\/\/bierger.remich.lu\/de\/2023\/12\/19\/das-klimateam-der-stadt-remich-ist-auf-der-suche-nach-neuen-mitgliedern\/\" \/>\n<meta property=\"og:locale\" content=\"fr_FR\" \/>\n<meta property=\"og:type\" content=\"article\" \/>\n<meta property=\"og:title\" content=\"L\u2019\u00e9quipe climat de la Ville de Remich est \u00e0 la recherche de membres motiv\u00e9s. - Ville de Remich\" \/>\n<meta property=\"og:description\" content=\"L\u2019\u00e9quipe climat de la Ville de Remich est \u00e0 la recherche de membres motiv\u00e9s. La mise en place d\u2019une \u00e9quipe climat, dont la mission est l\u2019ex\u00e9cution des mesures EEA (European Energy Award), est obligatoire dans le cadre du pacte climat auquel la Ville de Remich adh\u00e8re depuis 2012. L\u2019\u00e9quipe climat a pour mission principale l\u2019ex\u00e9cution... Lire la suite \u00bb\" \/>\n<meta property=\"og:url\" content=\"https:\/\/bierger.remich.lu\/de\/2023\/12\/19\/das-klimateam-der-stadt-remich-ist-auf-der-suche-nach-neuen-mitgliedern\/\" \/>\n<meta property=\"og:site_name\" content=\"Ville de Remich\" \/>\n<meta property=\"article:published_time\" content=\"2023-12-19T08:57:15+00:00\" \/>\n<meta property=\"og:image\" content=\"https:\/\/bierger.remich.lu\/wp-content\/uploads\/sites\/3\/2023\/12\/AE_7055-4-300x200.jpg\" \/>\n<meta name=\"author\" content=\"carolesitz\" \/>\n<meta name=\"twitter:card\" content=\"summary_large_image\" \/>\n<meta name=\"twitter:label1\" content=\"\u00c9crit par\" \/>\n\t<meta name=\"twitter:data1\" content=\"carolesitz\" \/>\n\t<meta name=\"twitter:label2\" content=\"Dur\u00e9e de lecture estim\u00e9e\" \/>\n\t<meta name=\"twitter:data2\" content=\"3 minutes\" \/>\n<script type=\"application\/ld+json\" class=\"yoast-schema-graph\">{\"@context\":\"https:\/\/schema.org\",\"@graph\":[{\"@type\":\"Article\",\"@id\":\"https:\/\/bierger.remich.lu\/de\/2023\/12\/19\/das-klimateam-der-stadt-remich-ist-auf-der-suche-nach-neuen-mitgliedern\/#article\",\"isPartOf\":{\"@id\":\"https:\/\/bierger.remich.lu\/de\/2023\/12\/19\/das-klimateam-der-stadt-remich-ist-auf-der-suche-nach-neuen-mitgliedern\/\"},\"author\":{\"name\":\"carolesitz\",\"@id\":\"https:\/\/bierger.remich.lu\/de\/#\/schema\/person\/2f4d1c58be815d7d2a723780582c5ea0\"},\"headline\":\"L\u2019\u00e9quipe climat de la Ville de Remich est \u00e0 la recherche de membres motiv\u00e9s.\",\"datePublished\":\"2023-12-19T08:57:15+00:00\",\"mainEntityOfPage\":{\"@id\":\"https:\/\/bierger.remich.lu\/de\/2023\/12\/19\/das-klimateam-der-stadt-remich-ist-auf-der-suche-nach-neuen-mitgliedern\/\"},\"wordCount\":584,\"commentCount\":0,\"image\":{\"@id\":\"https:\/\/bierger.remich.lu\/de\/2023\/12\/19\/das-klimateam-der-stadt-remich-ist-auf-der-suche-nach-neuen-mitgliedern\/#primaryimage\"},\"thumbnailUrl\":\"https:\/\/bierger.remich.lu\/wp-content\/uploads\/sites\/3\/2023\/12\/AE_7055-4-300x200.jpg\",\"articleSection\":[\"Uncategorized\"],\"inLanguage\":\"fr-FR\",\"potentialAction\":[{\"@type\":\"CommentAction\",\"name\":\"Comment\",\"target\":[\"https:\/\/bierger.remich.lu\/de\/2023\/12\/19\/das-klimateam-der-stadt-remich-ist-auf-der-suche-nach-neuen-mitgliedern\/#respond\"]}]},{\"@type\":\"WebPage\",\"@id\":\"https:\/\/bierger.remich.lu\/de\/2023\/12\/19\/das-klimateam-der-stadt-remich-ist-auf-der-suche-nach-neuen-mitgliedern\/\",\"url\":\"https:\/\/bierger.remich.lu\/de\/2023\/12\/19\/das-klimateam-der-stadt-remich-ist-auf-der-suche-nach-neuen-mitgliedern\/\",\"name\":\"L\u2019\u00e9quipe climat de la Ville de Remich est \u00e0 la recherche de membres motiv\u00e9s. - Ville de Remich\",\"isPartOf\":{\"@id\":\"https:\/\/bierger.remich.lu\/de\/#website\"},\"primaryImageOfPage\":{\"@id\":\"https:\/\/bierger.remich.lu\/de\/2023\/12\/19\/das-klimateam-der-stadt-remich-ist-auf-der-suche-nach-neuen-mitgliedern\/#primaryimage\"},\"image\":{\"@id\":\"https:\/\/bierger.remich.lu\/de\/2023\/12\/19\/das-klimateam-der-stadt-remich-ist-auf-der-suche-nach-neuen-mitgliedern\/#primaryimage\"},\"thumbnailUrl\":\"https:\/\/bierger.remich.lu\/wp-content\/uploads\/sites\/3\/2023\/12\/AE_7055-4-300x200.jpg\",\"datePublished\":\"2023-12-19T08:57:15+00:00\",\"author\":{\"@id\":\"https:\/\/bierger.remich.lu\/de\/#\/schema\/person\/2f4d1c58be815d7d2a723780582c5ea0\"},\"breadcrumb\":{\"@id\":\"https:\/\/bierger.remich.lu\/de\/2023\/12\/19\/das-klimateam-der-stadt-remich-ist-auf-der-suche-nach-neuen-mitgliedern\/#breadcrumb\"},\"inLanguage\":\"fr-FR\",\"potentialAction\":[{\"@type\":\"ReadAction\",\"target\":[\"https:\/\/bierger.remich.lu\/de\/2023\/12\/19\/das-klimateam-der-stadt-remich-ist-auf-der-suche-nach-neuen-mitgliedern\/\"]}]},{\"@type\":\"ImageObject\",\"inLanguage\":\"fr-FR\",\"@id\":\"https:\/\/bierger.remich.lu\/de\/2023\/12\/19\/das-klimateam-der-stadt-remich-ist-auf-der-suche-nach-neuen-mitgliedern\/#primaryimage\",\"url\":\"https:\/\/bierger.remich.lu\/wp-content\/uploads\/sites\/3\/2023\/12\/AE_7055-4-300x200.jpg\",\"contentUrl\":\"https:\/\/bierger.remich.lu\/wp-content\/uploads\/sites\/3\/2023\/12\/AE_7055-4-300x200.jpg\"},{\"@type\":\"BreadcrumbList\",\"@id\":\"https:\/\/bierger.remich.lu\/de\/2023\/12\/19\/das-klimateam-der-stadt-remich-ist-auf-der-suche-nach-neuen-mitgliedern\/#breadcrumb\",\"itemListElement\":[{\"@type\":\"ListItem\",\"position\":1,\"name\":\"Startseite\",\"item\":\"https:\/\/bierger.remich.lu\/de\/\"},{\"@type\":\"ListItem\",\"position\":2,\"name\":\"Das Klimateam der Stadt Remich ist auf der Suche nach neuen Mitgliedern.\"}]},{\"@type\":\"WebSite\",\"@id\":\"https:\/\/bierger.remich.lu\/de\/#website\",\"url\":\"https:\/\/bierger.remich.lu\/de\/\",\"name\":\"Ville de Remich\",\"description\":\"\",\"potentialAction\":[{\"@type\":\"SearchAction\",\"target\":{\"@type\":\"EntryPoint\",\"urlTemplate\":\"https:\/\/bierger.remich.lu\/de\/?s={search_term_string}\"},\"query-input\":{\"@type\":\"PropertyValueSpecification\",\"valueRequired\":true,\"valueName\":\"search_term_string\"}}],\"inLanguage\":\"fr-FR\"},{\"@type\":\"Person\",\"@id\":\"https:\/\/bierger.remich.lu\/de\/#\/schema\/person\/2f4d1c58be815d7d2a723780582c5ea0\",\"name\":\"carolesitz\",\"image\":{\"@type\":\"ImageObject\",\"inLanguage\":\"fr-FR\",\"@id\":\"https:\/\/bierger.remich.lu\/de\/#\/schema\/person\/image\/\",\"url\":\"https:\/\/secure.gravatar.com\/avatar\/7085eef214126b2aad5cba674a30c015ce05951f082b5b560ff52555ccb605ba?s=96&d=mm&r=g\",\"contentUrl\":\"https:\/\/secure.gravatar.com\/avatar\/7085eef214126b2aad5cba674a30c015ce05951f082b5b560ff52555ccb605ba?s=96&d=mm&r=g\",\"caption\":\"carolesitz\"},\"url\":\"#\"}]}<\/script>\n<!-- \/ Yoast SEO plugin. -->","yoast_head_json":{"title":"L\u2019\u00e9quipe climat de la Ville de Remich est \u00e0 la recherche de membres motiv\u00e9s. - Ville de Remich","robots":{"index":"index","follow":"follow","max-snippet":"max-snippet:-1","max-image-preview":"max-image-preview:large","max-video-preview":"max-video-preview:-1"},"canonical":"https:\/\/bierger.remich.lu\/de\/2023\/12\/19\/das-klimateam-der-stadt-remich-ist-auf-der-suche-nach-neuen-mitgliedern\/","og_locale":"fr_FR","og_type":"article","og_title":"L\u2019\u00e9quipe climat de la Ville de Remich est \u00e0 la recherche de membres motiv\u00e9s. - Ville de Remich","og_description":"L\u2019\u00e9quipe climat de la Ville de Remich est \u00e0 la recherche de membres motiv\u00e9s. La mise en place d\u2019une \u00e9quipe climat, dont la mission est l\u2019ex\u00e9cution des mesures EEA (European Energy Award), est obligatoire dans le cadre du pacte climat auquel la Ville de Remich adh\u00e8re depuis 2012. L\u2019\u00e9quipe climat a pour mission principale l\u2019ex\u00e9cution... Lire la suite \u00bb","og_url":"https:\/\/bierger.remich.lu\/de\/2023\/12\/19\/das-klimateam-der-stadt-remich-ist-auf-der-suche-nach-neuen-mitgliedern\/","og_site_name":"Ville de Remich","article_published_time":"2023-12-19T08:57:15+00:00","og_image":[{"url":"https:\/\/bierger.remich.lu\/wp-content\/uploads\/sites\/3\/2023\/12\/AE_7055-4-300x200.jpg","type":"","width":"","height":""}],"author":"carolesitz","twitter_card":"summary_large_image","twitter_misc":{"\u00c9crit par":"carolesitz","Dur\u00e9e de lecture estim\u00e9e":"3 minutes"},"schema":{"@context":"https:\/\/schema.org","@graph":[{"@type":"Article","@id":"https:\/\/bierger.remich.lu\/de\/2023\/12\/19\/das-klimateam-der-stadt-remich-ist-auf-der-suche-nach-neuen-mitgliedern\/#article","isPartOf":{"@id":"https:\/\/bierger.remich.lu\/de\/2023\/12\/19\/das-klimateam-der-stadt-remich-ist-auf-der-suche-nach-neuen-mitgliedern\/"},"author":{"name":"carolesitz","@id":"https:\/\/bierger.remich.lu\/de\/#\/schema\/person\/2f4d1c58be815d7d2a723780582c5ea0"},"headline":"L\u2019\u00e9quipe climat de la Ville de Remich est \u00e0 la recherche de membres motiv\u00e9s.","datePublished":"2023-12-19T08:57:15+00:00","mainEntityOfPage":{"@id":"https:\/\/bierger.remich.lu\/de\/2023\/12\/19\/das-klimateam-der-stadt-remich-ist-auf-der-suche-nach-neuen-mitgliedern\/"},"wordCount":584,"commentCount":0,"image":{"@id":"https:\/\/bierger.remich.lu\/de\/2023\/12\/19\/das-klimateam-der-stadt-remich-ist-auf-der-suche-nach-neuen-mitgliedern\/#primaryimage"},"thumbnailUrl":"https:\/\/bierger.remich.lu\/wp-content\/uploads\/sites\/3\/2023\/12\/AE_7055-4-300x200.jpg","articleSection":["Uncategorized"],"inLanguage":"fr-FR","potentialAction":[{"@type":"CommentAction","name":"Comment","target":["https:\/\/bierger.remich.lu\/de\/2023\/12\/19\/das-klimateam-der-stadt-remich-ist-auf-der-suche-nach-neuen-mitgliedern\/#respond"]}]},{"@type":"WebPage","@id":"https:\/\/bierger.remich.lu\/de\/2023\/12\/19\/das-klimateam-der-stadt-remich-ist-auf-der-suche-nach-neuen-mitgliedern\/","url":"https:\/\/bierger.remich.lu\/de\/2023\/12\/19\/das-klimateam-der-stadt-remich-ist-auf-der-suche-nach-neuen-mitgliedern\/","name":"L\u2019\u00e9quipe climat de la Ville de Remich est \u00e0 la recherche de membres motiv\u00e9s. - Ville de Remich","isPartOf":{"@id":"https:\/\/bierger.remich.lu\/de\/#website"},"primaryImageOfPage":{"@id":"https:\/\/bierger.remich.lu\/de\/2023\/12\/19\/das-klimateam-der-stadt-remich-ist-auf-der-suche-nach-neuen-mitgliedern\/#primaryimage"},"image":{"@id":"https:\/\/bierger.remich.lu\/de\/2023\/12\/19\/das-klimateam-der-stadt-remich-ist-auf-der-suche-nach-neuen-mitgliedern\/#primaryimage"},"thumbnailUrl":"https:\/\/bierger.remich.lu\/wp-content\/uploads\/sites\/3\/2023\/12\/AE_7055-4-300x200.jpg","datePublished":"2023-12-19T08:57:15+00:00","author":{"@id":"https:\/\/bierger.remich.lu\/de\/#\/schema\/person\/2f4d1c58be815d7d2a723780582c5ea0"},"breadcrumb":{"@id":"https:\/\/bierger.remich.lu\/de\/2023\/12\/19\/das-klimateam-der-stadt-remich-ist-auf-der-suche-nach-neuen-mitgliedern\/#breadcrumb"},"inLanguage":"fr-FR","potentialAction":[{"@type":"ReadAction","target":["https:\/\/bierger.remich.lu\/de\/2023\/12\/19\/das-klimateam-der-stadt-remich-ist-auf-der-suche-nach-neuen-mitgliedern\/"]}]},{"@type":"ImageObject","inLanguage":"fr-FR","@id":"https:\/\/bierger.remich.lu\/de\/2023\/12\/19\/das-klimateam-der-stadt-remich-ist-auf-der-suche-nach-neuen-mitgliedern\/#primaryimage","url":"https:\/\/bierger.remich.lu\/wp-content\/uploads\/sites\/3\/2023\/12\/AE_7055-4-300x200.jpg","contentUrl":"https:\/\/bierger.remich.lu\/wp-content\/uploads\/sites\/3\/2023\/12\/AE_7055-4-300x200.jpg"},{"@type":"BreadcrumbList","@id":"https:\/\/bierger.remich.lu\/de\/2023\/12\/19\/das-klimateam-der-stadt-remich-ist-auf-der-suche-nach-neuen-mitgliedern\/#breadcrumb","itemListElement":[{"@type":"ListItem","position":1,"name":"Startseite","item":"https:\/\/bierger.remich.lu\/de\/"},{"@type":"ListItem","position":2,"name":"Das Klimateam der Stadt Remich ist auf der Suche nach neuen Mitgliedern."}]},{"@type":"WebSite","@id":"https:\/\/bierger.remich.lu\/de\/#website","url":"https:\/\/bierger.remich.lu\/de\/","name":"Ville de Remich","description":"","potentialAction":[{"@type":"SearchAction","target":{"@type":"EntryPoint","urlTemplate":"https:\/\/bierger.remich.lu\/de\/?s={search_term_string}"},"query-input":{"@type":"PropertyValueSpecification","valueRequired":true,"valueName":"search_term_string"}}],"inLanguage":"fr-FR"},{"@type":"Person","@id":"https:\/\/bierger.remich.lu\/de\/#\/schema\/person\/2f4d1c58be815d7d2a723780582c5ea0","name":"carolesitz","image":{"@type":"ImageObject","inLanguage":"fr-FR","@id":"https:\/\/bierger.remich.lu\/de\/#\/schema\/person\/image\/","url":"https:\/\/secure.gravatar.com\/avatar\/7085eef214126b2aad5cba674a30c015ce05951f082b5b560ff52555ccb605ba?s=96&d=mm&r=g","contentUrl":"https:\/\/secure.gravatar.com\/avatar\/7085eef214126b2aad5cba674a30c015ce05951f082b5b560ff52555ccb605ba?s=96&d=mm&r=g","caption":"carolesitz"},"url":"#"}]}},"_links":{"self":[{"href":"https:\/\/bierger.remich.lu\/fr\/wp-json\/wp\/v2\/posts\/13224","targetHints":{"allow":["GET"]}}],"collection":[{"href":"https:\/\/bierger.remich.lu\/fr\/wp-json\/wp\/v2\/posts"}],"about":[{"href":"https:\/\/bierger.remich.lu\/fr\/wp-json\/wp\/v2\/types\/post"}],"author":[{"embeddable":true,"href":"https:\/\/bierger.remich.lu\/fr\/wp-json\/wp\/v2\/users\/2"}],"replies":[{"embeddable":true,"href":"https:\/\/bierger.remich.lu\/fr\/wp-json\/wp\/v2\/comments?post=13224"}],"version-history":[{"count":1,"href":"https:\/\/bierger.remich.lu\/fr\/wp-json\/wp\/v2\/posts\/13224\/revisions"}],"predecessor-version":[{"id":13226,"href":"https:\/\/bierger.remich.lu\/fr\/wp-json\/wp\/v2\/posts\/13224\/revisions\/13226"}],"wp:attachment":[{"href":"https:\/\/bierger.remich.lu\/fr\/wp-json\/wp\/v2\/media?parent=13224"}],"wp:term":[{"taxonomy":"category","embeddable":true,"href":"https:\/\/bierger.remich.lu\/fr\/wp-json\/wp\/v2\/categories?post=13224"},{"taxonomy":"post_tag","embeddable":true,"href":"https:\/\/bierger.remich.lu\/fr\/wp-json\/wp\/v2\/tags?post=13224"}],"curies":[{"name":"wp","href":"https:\/\/api.w.org\/{rel}","templated":true}]}}