{"id":13295,"date":"2024-01-17T05:33:09","date_gmt":"2024-01-17T04:33:09","guid":{"rendered":"https:\/\/bierger.remich.lu\/?p=13295"},"modified":"2024-01-18T08:55:25","modified_gmt":"2024-01-18T07:55:25","slug":"gemeindeverwaltung-und-dienste-geschlossen-17-01-2024","status":"publish","type":"post","link":"https:\/\/bierger.remich.lu\/fr\/2024\/01\/17\/gemeindeverwaltung-und-dienste-geschlossen-17-01-2024\/","title":{"rendered":"Services communaux ferm\u00e9s | 17.01.2024"},"content":{"rendered":"<div class=\"\" data-block=\"true\" data-editor=\"c4ok0\" data-offset-key=\"6u9ad-0-0\">\n<div class=\"_1mf _1mj\" data-offset-key=\"6u9ad-0-0\"><span data-offset-key=\"6u9ad-0-0\">\u203c\ufe0f\ud83c\udf28\u2744\ufe0f\ud83d\udca6<\/span><\/div>\n<\/div>\n<div class=\"\" data-block=\"true\" data-editor=\"c4ok0\" data-offset-key=\"8evb2-0-0\">\n<div class=\"_1mf _1mj\" data-offset-key=\"8evb2-0-0\">\n<div class=\"\" data-block=\"true\" data-editor=\"c4ok0\" data-offset-key=\"4j9r1-0-0\">\n<div data-offset-key=\"4j9r1-0-0\"><\/div>\n<div class=\"_1mf _1mj\" data-offset-key=\"4j9r1-0-0\"><span data-offset-key=\"4j9r1-0-0\">Suite aux alertes m\u00e9t\u00e9orologiques et les recommandations officielles de rester \u00e0 la maison le plus possible, les services suivants ne seront pas assur\u00e9s le 17.01.2024 :<\/span><\/div>\n<\/div>\n<div class=\"\" data-block=\"true\" data-editor=\"c4ok0\" data-offset-key=\"3g9ck-0-0\">\n<ul>\n<li class=\"_1mf _1mj\" data-offset-key=\"3g9ck-0-0\"><span data-offset-key=\"3g9ck-0-0\">tous les services communaux resteront ferm\u00e9s<\/span><\/li>\n<li class=\"_1mf _1mj\" data-offset-key=\"3g9ck-0-0\">les \u00e9coles et Maison Relais resteront ferm\u00e9es, un accueil d\u2019urgence sera organis\u00e9<\/li>\n<li class=\"_1mf _1mj\" data-offset-key=\"3g9ck-0-0\">pas de transport scolaire<\/li>\n<li class=\"_1mf _1mj\" data-offset-key=\"3g9ck-0-0\">la navette municipale ne fonctionnera pas<\/li>\n<li class=\"_1mf _1mj\" data-offset-key=\"3g9ck-0-0\">la patinoire restera ferm\u00e9e.<\/li>\n<\/ul>\n<\/div>\n<div class=\"\" data-block=\"true\" data-editor=\"c4ok0\" data-offset-key=\"bmpcd-0-0\">\n<div class=\"_1mf _1mj\" data-offset-key=\"bmpcd-0-0\"><span data-offset-key=\"bmpcd-0-0\">En cas d\u2019urgence (fuite d\u2019eau, d\u00e9c\u00e8s\u2026.) vous pouvez contacter le service d\u2019urgence du service technique : \ud83d\udcde(+352) 621 154 691.<\/span><\/div>\n<\/div>\n<\/div>\n<\/div>\n<div class=\"\" data-block=\"true\" data-editor=\"c4ok0\" data-offset-key=\"78frp-0-0\"><\/div>","protected":false},"excerpt":{"rendered":"<p>\u203c\ufe0f\ud83c\udf28\u2744\ufe0f\ud83d\udca6 Suite aux alertes m\u00e9t\u00e9orologiques et les recommandations officielles de rester \u00e0 la maison le plus possible, les services suivants ne seront pas assur\u00e9s le 17.01.2024 : tous les services communaux resteront ferm\u00e9s les \u00e9coles et Maison Relais resteront ferm\u00e9es, un accueil d\u2019urgence sera organis\u00e9 pas de transport scolaire la navette municipale ne fonctionnera pas&#8230;  <a class=\"excerpt-read-more\" href=\"https:\/\/bierger.remich.lu\/fr\/2024\/01\/17\/gemeindeverwaltung-und-dienste-geschlossen-17-01-2024\/\" title=\"ReadServices communaux ferm\u00e9s | 17.01.2024\">Lire la suite \u00bb<\/a><\/p>\n","protected":false},"author":4,"featured_media":0,"comment_status":"open","ping_status":"open","sticky":false,"template":"","format":"standard","meta":{"_acf_changed":false,"xn-wppe-expiration":[],"xn-wppe-expiration-action":[],"xn-wppe-expiration-prefix":[],"footnotes":"","_links_to":"","_links_to_target":""},"categories":[1],"tags":[],"class_list":["post-13295","post","type-post","status-publish","format-standard","hentry","category-news","keyword-maison-relais","keyword-schule","keyword-eau"],"acf":[],"yoast_head":"<!-- This site is optimized with the Yoast SEO plugin v26.7 - https:\/\/yoast.com\/wordpress\/plugins\/seo\/ -->\n<title>Services communaux ferm\u00e9s | 17.01.2024 - Ville de Remich<\/title>\n<meta name=\"robots\" content=\"index, follow, max-snippet:-1, max-image-preview:large, max-video-preview:-1\" \/>\n<link rel=\"canonical\" href=\"https:\/\/bierger.remich.lu\/en\/2024\/01\/17\/gemeindeverwaltung-und-dienste-geschlossen-17-01-2024\/\" \/>\n<meta property=\"og:locale\" content=\"fr_FR\" \/>\n<meta property=\"og:type\" content=\"article\" \/>\n<meta property=\"og:title\" content=\"Services communaux ferm\u00e9s | 17.01.2024 - Ville de Remich\" \/>\n<meta property=\"og:description\" content=\"\u203c\ufe0f\ud83c\udf28\u2744\ufe0f\ud83d\udca6 Suite aux alertes m\u00e9t\u00e9orologiques et les recommandations officielles de rester \u00e0 la maison le plus possible, les services suivants ne seront pas assur\u00e9s le 17.01.2024 : tous les services communaux resteront ferm\u00e9s les \u00e9coles et Maison Relais resteront ferm\u00e9es, un accueil d\u2019urgence sera organis\u00e9 pas de transport scolaire la navette municipale ne fonctionnera pas... Lire la suite \u00bb\" \/>\n<meta property=\"og:url\" content=\"https:\/\/bierger.remich.lu\/en\/2024\/01\/17\/gemeindeverwaltung-und-dienste-geschlossen-17-01-2024\/\" \/>\n<meta property=\"og:site_name\" content=\"Ville de Remich\" \/>\n<meta property=\"article:published_time\" content=\"2024-01-17T04:33:09+00:00\" \/>\n<meta property=\"article:modified_time\" content=\"2024-01-18T07:55:25+00:00\" \/>\n<meta name=\"author\" content=\"murielkayser\" \/>\n<meta name=\"twitter:card\" content=\"summary_large_image\" \/>\n<meta name=\"twitter:label1\" content=\"\u00c9crit par\" \/>\n\t<meta name=\"twitter:data1\" content=\"murielkayser\" \/>\n\t<meta name=\"twitter:label2\" content=\"Dur\u00e9e de lecture estim\u00e9e\" \/>\n\t<meta name=\"twitter:data2\" content=\"1 minute\" \/>\n<script type=\"application\/ld+json\" class=\"yoast-schema-graph\">{\"@context\":\"https:\/\/schema.org\",\"@graph\":[{\"@type\":\"Article\",\"@id\":\"https:\/\/bierger.remich.lu\/en\/2024\/01\/17\/gemeindeverwaltung-und-dienste-geschlossen-17-01-2024\/#article\",\"isPartOf\":{\"@id\":\"https:\/\/bierger.remich.lu\/en\/2024\/01\/17\/gemeindeverwaltung-und-dienste-geschlossen-17-01-2024\/\"},\"author\":{\"name\":\"murielkayser\",\"@id\":\"https:\/\/bierger.remich.lu\/de\/#\/schema\/person\/5babce1f1102bf4d794591f52f77f7ac\"},\"headline\":\"Services communaux ferm\u00e9s | 17.01.2024\",\"datePublished\":\"2024-01-17T04:33:09+00:00\",\"dateModified\":\"2024-01-18T07:55:25+00:00\",\"mainEntityOfPage\":{\"@id\":\"https:\/\/bierger.remich.lu\/en\/2024\/01\/17\/gemeindeverwaltung-und-dienste-geschlossen-17-01-2024\/\"},\"wordCount\":312,\"commentCount\":0,\"inLanguage\":\"fr-FR\",\"potentialAction\":[{\"@type\":\"CommentAction\",\"name\":\"Comment\",\"target\":[\"https:\/\/bierger.remich.lu\/en\/2024\/01\/17\/gemeindeverwaltung-und-dienste-geschlossen-17-01-2024\/#respond\"]}]},{\"@type\":\"WebPage\",\"@id\":\"https:\/\/bierger.remich.lu\/en\/2024\/01\/17\/gemeindeverwaltung-und-dienste-geschlossen-17-01-2024\/\",\"url\":\"https:\/\/bierger.remich.lu\/en\/2024\/01\/17\/gemeindeverwaltung-und-dienste-geschlossen-17-01-2024\/\",\"name\":\"Services communaux ferm\u00e9s | 17.01.2024 - Ville de Remich\",\"isPartOf\":{\"@id\":\"https:\/\/bierger.remich.lu\/de\/#website\"},\"datePublished\":\"2024-01-17T04:33:09+00:00\",\"dateModified\":\"2024-01-18T07:55:25+00:00\",\"author\":{\"@id\":\"https:\/\/bierger.remich.lu\/de\/#\/schema\/person\/5babce1f1102bf4d794591f52f77f7ac\"},\"breadcrumb\":{\"@id\":\"https:\/\/bierger.remich.lu\/en\/2024\/01\/17\/gemeindeverwaltung-und-dienste-geschlossen-17-01-2024\/#breadcrumb\"},\"inLanguage\":\"fr-FR\",\"potentialAction\":[{\"@type\":\"ReadAction\",\"target\":[\"https:\/\/bierger.remich.lu\/en\/2024\/01\/17\/gemeindeverwaltung-und-dienste-geschlossen-17-01-2024\/\"]}]},{\"@type\":\"BreadcrumbList\",\"@id\":\"https:\/\/bierger.remich.lu\/en\/2024\/01\/17\/gemeindeverwaltung-und-dienste-geschlossen-17-01-2024\/#breadcrumb\",\"itemListElement\":[{\"@type\":\"ListItem\",\"position\":1,\"name\":\"Startseite\",\"item\":\"https:\/\/bierger.remich.lu\/de\/\"},{\"@type\":\"ListItem\",\"position\":2,\"name\":\"Municipal services closed | 17.01.2024\"}]},{\"@type\":\"WebSite\",\"@id\":\"https:\/\/bierger.remich.lu\/de\/#website\",\"url\":\"https:\/\/bierger.remich.lu\/de\/\",\"name\":\"Ville de Remich\",\"description\":\"\",\"potentialAction\":[{\"@type\":\"SearchAction\",\"target\":{\"@type\":\"EntryPoint\",\"urlTemplate\":\"https:\/\/bierger.remich.lu\/de\/?s={search_term_string}\"},\"query-input\":{\"@type\":\"PropertyValueSpecification\",\"valueRequired\":true,\"valueName\":\"search_term_string\"}}],\"inLanguage\":\"fr-FR\"},{\"@type\":\"Person\",\"@id\":\"https:\/\/bierger.remich.lu\/de\/#\/schema\/person\/5babce1f1102bf4d794591f52f77f7ac\",\"name\":\"murielkayser\",\"image\":{\"@type\":\"ImageObject\",\"inLanguage\":\"fr-FR\",\"@id\":\"https:\/\/bierger.remich.lu\/de\/#\/schema\/person\/image\/\",\"url\":\"https:\/\/secure.gravatar.com\/avatar\/929f45c18759f15bc69ebb2c989dc3f1733d348e81e97f979f32017e6ca077ee?s=96&d=mm&r=g\",\"contentUrl\":\"https:\/\/secure.gravatar.com\/avatar\/929f45c18759f15bc69ebb2c989dc3f1733d348e81e97f979f32017e6ca077ee?s=96&d=mm&r=g\",\"caption\":\"murielkayser\"},\"url\":\"#\"}]}<\/script>\n<!-- \/ Yoast SEO plugin. -->","yoast_head_json":{"title":"Services communaux ferm\u00e9s | 17.01.2024 - Ville de Remich","robots":{"index":"index","follow":"follow","max-snippet":"max-snippet:-1","max-image-preview":"max-image-preview:large","max-video-preview":"max-video-preview:-1"},"canonical":"https:\/\/bierger.remich.lu\/en\/2024\/01\/17\/gemeindeverwaltung-und-dienste-geschlossen-17-01-2024\/","og_locale":"fr_FR","og_type":"article","og_title":"Services communaux ferm\u00e9s | 17.01.2024 - Ville de Remich","og_description":"\u203c\ufe0f\ud83c\udf28\u2744\ufe0f\ud83d\udca6 Suite aux alertes m\u00e9t\u00e9orologiques et les recommandations officielles de rester \u00e0 la maison le plus possible, les services suivants ne seront pas assur\u00e9s le 17.01.2024 : tous les services communaux resteront ferm\u00e9s les \u00e9coles et Maison Relais resteront ferm\u00e9es, un accueil d\u2019urgence sera organis\u00e9 pas de transport scolaire la navette municipale ne fonctionnera pas... Lire la suite \u00bb","og_url":"https:\/\/bierger.remich.lu\/en\/2024\/01\/17\/gemeindeverwaltung-und-dienste-geschlossen-17-01-2024\/","og_site_name":"Ville de Remich","article_published_time":"2024-01-17T04:33:09+00:00","article_modified_time":"2024-01-18T07:55:25+00:00","author":"murielkayser","twitter_card":"summary_large_image","twitter_misc":{"\u00c9crit par":"murielkayser","Dur\u00e9e de lecture estim\u00e9e":"1 minute"},"schema":{"@context":"https:\/\/schema.org","@graph":[{"@type":"Article","@id":"https:\/\/bierger.remich.lu\/en\/2024\/01\/17\/gemeindeverwaltung-und-dienste-geschlossen-17-01-2024\/#article","isPartOf":{"@id":"https:\/\/bierger.remich.lu\/en\/2024\/01\/17\/gemeindeverwaltung-und-dienste-geschlossen-17-01-2024\/"},"author":{"name":"murielkayser","@id":"https:\/\/bierger.remich.lu\/de\/#\/schema\/person\/5babce1f1102bf4d794591f52f77f7ac"},"headline":"Services communaux ferm\u00e9s | 17.01.2024","datePublished":"2024-01-17T04:33:09+00:00","dateModified":"2024-01-18T07:55:25+00:00","mainEntityOfPage":{"@id":"https:\/\/bierger.remich.lu\/en\/2024\/01\/17\/gemeindeverwaltung-und-dienste-geschlossen-17-01-2024\/"},"wordCount":312,"commentCount":0,"inLanguage":"fr-FR","potentialAction":[{"@type":"CommentAction","name":"Comment","target":["https:\/\/bierger.remich.lu\/en\/2024\/01\/17\/gemeindeverwaltung-und-dienste-geschlossen-17-01-2024\/#respond"]}]},{"@type":"WebPage","@id":"https:\/\/bierger.remich.lu\/en\/2024\/01\/17\/gemeindeverwaltung-und-dienste-geschlossen-17-01-2024\/","url":"https:\/\/bierger.remich.lu\/en\/2024\/01\/17\/gemeindeverwaltung-und-dienste-geschlossen-17-01-2024\/","name":"Services communaux ferm\u00e9s | 17.01.2024 - Ville de Remich","isPartOf":{"@id":"https:\/\/bierger.remich.lu\/de\/#website"},"datePublished":"2024-01-17T04:33:09+00:00","dateModified":"2024-01-18T07:55:25+00:00","author":{"@id":"https:\/\/bierger.remich.lu\/de\/#\/schema\/person\/5babce1f1102bf4d794591f52f77f7ac"},"breadcrumb":{"@id":"https:\/\/bierger.remich.lu\/en\/2024\/01\/17\/gemeindeverwaltung-und-dienste-geschlossen-17-01-2024\/#breadcrumb"},"inLanguage":"fr-FR","potentialAction":[{"@type":"ReadAction","target":["https:\/\/bierger.remich.lu\/en\/2024\/01\/17\/gemeindeverwaltung-und-dienste-geschlossen-17-01-2024\/"]}]},{"@type":"BreadcrumbList","@id":"https:\/\/bierger.remich.lu\/en\/2024\/01\/17\/gemeindeverwaltung-und-dienste-geschlossen-17-01-2024\/#breadcrumb","itemListElement":[{"@type":"ListItem","position":1,"name":"Startseite","item":"https:\/\/bierger.remich.lu\/de\/"},{"@type":"ListItem","position":2,"name":"Municipal services closed | 17.01.2024"}]},{"@type":"WebSite","@id":"https:\/\/bierger.remich.lu\/de\/#website","url":"https:\/\/bierger.remich.lu\/de\/","name":"Ville de Remich","description":"","potentialAction":[{"@type":"SearchAction","target":{"@type":"EntryPoint","urlTemplate":"https:\/\/bierger.remich.lu\/de\/?s={search_term_string}"},"query-input":{"@type":"PropertyValueSpecification","valueRequired":true,"valueName":"search_term_string"}}],"inLanguage":"fr-FR"},{"@type":"Person","@id":"https:\/\/bierger.remich.lu\/de\/#\/schema\/person\/5babce1f1102bf4d794591f52f77f7ac","name":"murielkayser","image":{"@type":"ImageObject","inLanguage":"fr-FR","@id":"https:\/\/bierger.remich.lu\/de\/#\/schema\/person\/image\/","url":"https:\/\/secure.gravatar.com\/avatar\/929f45c18759f15bc69ebb2c989dc3f1733d348e81e97f979f32017e6ca077ee?s=96&d=mm&r=g","contentUrl":"https:\/\/secure.gravatar.com\/avatar\/929f45c18759f15bc69ebb2c989dc3f1733d348e81e97f979f32017e6ca077ee?s=96&d=mm&r=g","caption":"murielkayser"},"url":"#"}]}},"_links":{"self":[{"href":"https:\/\/bierger.remich.lu\/fr\/wp-json\/wp\/v2\/posts\/13295","targetHints":{"allow":["GET"]}}],"collection":[{"href":"https:\/\/bierger.remich.lu\/fr\/wp-json\/wp\/v2\/posts"}],"about":[{"href":"https:\/\/bierger.remich.lu\/fr\/wp-json\/wp\/v2\/types\/post"}],"author":[{"embeddable":true,"href":"https:\/\/bierger.remich.lu\/fr\/wp-json\/wp\/v2\/users\/4"}],"replies":[{"embeddable":true,"href":"https:\/\/bierger.remich.lu\/fr\/wp-json\/wp\/v2\/comments?post=13295"}],"version-history":[{"count":1,"href":"https:\/\/bierger.remich.lu\/fr\/wp-json\/wp\/v2\/posts\/13295\/revisions"}],"predecessor-version":[{"id":13296,"href":"https:\/\/bierger.remich.lu\/fr\/wp-json\/wp\/v2\/posts\/13295\/revisions\/13296"}],"wp:attachment":[{"href":"https:\/\/bierger.remich.lu\/fr\/wp-json\/wp\/v2\/media?parent=13295"}],"wp:term":[{"taxonomy":"category","embeddable":true,"href":"https:\/\/bierger.remich.lu\/fr\/wp-json\/wp\/v2\/categories?post=13295"},{"taxonomy":"post_tag","embeddable":true,"href":"https:\/\/bierger.remich.lu\/fr\/wp-json\/wp\/v2\/tags?post=13295"}],"curies":[{"name":"wp","href":"https:\/\/api.w.org\/{rel}","templated":true}]}}