{"id":13358,"date":"2024-01-26T12:18:33","date_gmt":"2024-01-26T11:18:33","guid":{"rendered":"https:\/\/bierger.remich.lu\/?p=13358"},"modified":"2024-01-26T12:23:06","modified_gmt":"2024-01-26T11:23:06","slug":"aktion-wildstauden-2024-sias","status":"publish","type":"post","link":"https:\/\/bierger.remich.lu\/fr\/2024\/01\/26\/aktion-wildstauden-2024-sias\/","title":{"rendered":"Action plantes vivaces 2024 | SIAS"},"content":{"rendered":"En collaboration avec la station biologique SIAS, notre commune s\u2019engage \u00e0 augmenter les sources de pollen et de nectar pour les pollinisateurs dans nos villages.<\/p>\n<p>Le coll\u00e8ge des bourgmestre et \u00e9chevins a d\u00e9cid\u00e9 de soutenir les citoyens dans l\u2019am\u00e9nagement \u00e9cologique de leurs jardins et de leurs balcons. C&rsquo;est pourquoi nous lan\u00e7ons cette ann\u00e9e encore une action en collaboration avec le SIAS, gr\u00e2ce \u00e0 laquelle vous pouvez valoriser l\u2019esth\u00e9tique et l\u2019\u00e9cologie de votre jardin et ainsi cr\u00e9er une source de nourriture pour les insectes pollinisateurs.<\/p>\n<p>Nous offrons \u00e0 chaque m\u00e9nage de la Ville de Remich un paquet de 6 plantes vivaces \u00e0 planter dans les alentours de la maison. Afin de participer \u00e0 cette action gratuite il faudra remplir le formulaire de participation et le remettre pour le 28 f\u00e9vrier 2024 au plus tard \u00e0 la Ville de Remich.<\/p>\n<p>Ce paquet est gratuit et doit \u00eatre plant\u00e9 sur le terrain du requ\u00e9rant. Il est pr\u00e9f\u00e9rable de planter les plantes vivaces dans un endroit ensoleill\u00e9 (vous recevrez un guide de plantation contenant des informations sur les diff\u00e9rentes plantes vivaces). Vous devez pr\u00e9voir une surface d&rsquo;un m\u00e8tre carr\u00e9 pour les 6 plantes vivaces.<\/p>\n<p>Les plantes vivaces vont \u00eatre distribu\u00e9es en printemps 2024.<\/p>\n<p><strong>Plus d\u2019informations:<\/strong><\/p>\n<p>Tom Dall\u2019Armellina (station biologique SIAS)<br \/>\nT. (+352) 34 94 10 \u2013 32<br \/>\nE. t.dallarmellina@sias.lu<\/p>\n<p>Vous trouvez plus d\u2019informations sur les diff\u00e9rentes plantes vivaces et leur r\u00f4le dans la nature sur : <a href=\"http:\/\/www.sias.lu\">www.sias.lu<\/a>","protected":false},"excerpt":{"rendered":"<p>En collaboration avec la station biologique SIAS, notre commune s\u2019engage \u00e0 augmenter les sources de pollen et de nectar pour les pollinisateurs dans nos villages. Le coll\u00e8ge des bourgmestre et \u00e9chevins a d\u00e9cid\u00e9 de soutenir les citoyens dans l\u2019am\u00e9nagement \u00e9cologique de leurs jardins et de leurs balcons. C&rsquo;est pourquoi nous lan\u00e7ons cette ann\u00e9e encore une&#8230;  <a class=\"excerpt-read-more\" href=\"https:\/\/bierger.remich.lu\/fr\/2024\/01\/26\/aktion-wildstauden-2024-sias\/\" title=\"ReadAction plantes vivaces 2024 | SIAS\">Lire la suite \u00bb<\/a><\/p>\n","protected":false},"author":4,"featured_media":0,"comment_status":"open","ping_status":"open","sticky":false,"template":"","format":"standard","meta":{"_acf_changed":false,"xn-wppe-expiration":[],"xn-wppe-expiration-action":[],"xn-wppe-expiration-prefix":[],"footnotes":"","_links_to":"","_links_to_target":""},"categories":[1],"tags":[],"class_list":["post-13358","post","type-post","status-publish","format-standard","hentry","category-news","keyword-umwelt"],"acf":[],"yoast_head":"<!-- This site is optimized with the Yoast SEO plugin v26.7 - https:\/\/yoast.com\/wordpress\/plugins\/seo\/ -->\n<title>Action plantes vivaces 2024 | SIAS - Ville de Remich<\/title>\n<meta name=\"robots\" content=\"index, follow, max-snippet:-1, max-image-preview:large, max-video-preview:-1\" \/>\n<link rel=\"canonical\" href=\"https:\/\/bierger.remich.lu\/lb\/2024\/01\/26\/aktion-wildstauden-2024-sias\/\" \/>\n<meta property=\"og:locale\" content=\"fr_FR\" \/>\n<meta property=\"og:type\" content=\"article\" \/>\n<meta property=\"og:title\" content=\"Action plantes vivaces 2024 | SIAS - Ville de Remich\" \/>\n<meta property=\"og:description\" content=\"En collaboration avec la station biologique SIAS, notre commune s\u2019engage \u00e0 augmenter les sources de pollen et de nectar pour les pollinisateurs dans nos villages. Le coll\u00e8ge des bourgmestre et \u00e9chevins a d\u00e9cid\u00e9 de soutenir les citoyens dans l\u2019am\u00e9nagement \u00e9cologique de leurs jardins et de leurs balcons. C&rsquo;est pourquoi nous lan\u00e7ons cette ann\u00e9e encore une... Lire la suite \u00bb\" \/>\n<meta property=\"og:url\" content=\"https:\/\/bierger.remich.lu\/lb\/2024\/01\/26\/aktion-wildstauden-2024-sias\/\" \/>\n<meta property=\"og:site_name\" content=\"Ville de Remich\" \/>\n<meta property=\"article:published_time\" content=\"2024-01-26T11:18:33+00:00\" \/>\n<meta property=\"article:modified_time\" content=\"2024-01-26T11:23:06+00:00\" \/>\n<meta name=\"author\" content=\"murielkayser\" \/>\n<meta name=\"twitter:card\" content=\"summary_large_image\" \/>\n<meta name=\"twitter:label1\" content=\"\u00c9crit par\" \/>\n\t<meta name=\"twitter:data1\" content=\"murielkayser\" \/>\n\t<meta name=\"twitter:label2\" content=\"Dur\u00e9e de lecture estim\u00e9e\" \/>\n\t<meta name=\"twitter:data2\" content=\"4 minutes\" \/>\n<script type=\"application\/ld+json\" class=\"yoast-schema-graph\">{\"@context\":\"https:\/\/schema.org\",\"@graph\":[{\"@type\":\"Article\",\"@id\":\"https:\/\/bierger.remich.lu\/lb\/2024\/01\/26\/aktion-wildstauden-2024-sias\/#article\",\"isPartOf\":{\"@id\":\"https:\/\/bierger.remich.lu\/lb\/2024\/01\/26\/aktion-wildstauden-2024-sias\/\"},\"author\":{\"name\":\"murielkayser\",\"@id\":\"https:\/\/bierger.remich.lu\/de\/#\/schema\/person\/5babce1f1102bf4d794591f52f77f7ac\"},\"headline\":\"Action plantes vivaces 2024 | SIAS\",\"datePublished\":\"2024-01-26T11:18:33+00:00\",\"dateModified\":\"2024-01-26T11:23:06+00:00\",\"mainEntityOfPage\":{\"@id\":\"https:\/\/bierger.remich.lu\/lb\/2024\/01\/26\/aktion-wildstauden-2024-sias\/\"},\"wordCount\":917,\"commentCount\":0,\"articleSection\":[\"Uncategorized\"],\"inLanguage\":\"fr-FR\",\"potentialAction\":[{\"@type\":\"CommentAction\",\"name\":\"Comment\",\"target\":[\"https:\/\/bierger.remich.lu\/lb\/2024\/01\/26\/aktion-wildstauden-2024-sias\/#respond\"]}]},{\"@type\":\"WebPage\",\"@id\":\"https:\/\/bierger.remich.lu\/lb\/2024\/01\/26\/aktion-wildstauden-2024-sias\/\",\"url\":\"https:\/\/bierger.remich.lu\/lb\/2024\/01\/26\/aktion-wildstauden-2024-sias\/\",\"name\":\"Action plantes vivaces 2024 | SIAS - Ville de Remich\",\"isPartOf\":{\"@id\":\"https:\/\/bierger.remich.lu\/de\/#website\"},\"datePublished\":\"2024-01-26T11:18:33+00:00\",\"dateModified\":\"2024-01-26T11:23:06+00:00\",\"author\":{\"@id\":\"https:\/\/bierger.remich.lu\/de\/#\/schema\/person\/5babce1f1102bf4d794591f52f77f7ac\"},\"breadcrumb\":{\"@id\":\"https:\/\/bierger.remich.lu\/lb\/2024\/01\/26\/aktion-wildstauden-2024-sias\/#breadcrumb\"},\"inLanguage\":\"fr-FR\",\"potentialAction\":[{\"@type\":\"ReadAction\",\"target\":[\"https:\/\/bierger.remich.lu\/lb\/2024\/01\/26\/aktion-wildstauden-2024-sias\/\"]}]},{\"@type\":\"BreadcrumbList\",\"@id\":\"https:\/\/bierger.remich.lu\/lb\/2024\/01\/26\/aktion-wildstauden-2024-sias\/#breadcrumb\",\"itemListElement\":[{\"@type\":\"ListItem\",\"position\":1,\"name\":\"Startseite\",\"item\":\"https:\/\/bierger.remich.lu\/de\/\"},{\"@type\":\"ListItem\",\"position\":2,\"name\":\"Aktioun W\u00ebllstauden 2024 | SIAS\"}]},{\"@type\":\"WebSite\",\"@id\":\"https:\/\/bierger.remich.lu\/de\/#website\",\"url\":\"https:\/\/bierger.remich.lu\/de\/\",\"name\":\"Ville de Remich\",\"description\":\"\",\"potentialAction\":[{\"@type\":\"SearchAction\",\"target\":{\"@type\":\"EntryPoint\",\"urlTemplate\":\"https:\/\/bierger.remich.lu\/de\/?s={search_term_string}\"},\"query-input\":{\"@type\":\"PropertyValueSpecification\",\"valueRequired\":true,\"valueName\":\"search_term_string\"}}],\"inLanguage\":\"fr-FR\"},{\"@type\":\"Person\",\"@id\":\"https:\/\/bierger.remich.lu\/de\/#\/schema\/person\/5babce1f1102bf4d794591f52f77f7ac\",\"name\":\"murielkayser\",\"image\":{\"@type\":\"ImageObject\",\"inLanguage\":\"fr-FR\",\"@id\":\"https:\/\/bierger.remich.lu\/de\/#\/schema\/person\/image\/\",\"url\":\"https:\/\/secure.gravatar.com\/avatar\/929f45c18759f15bc69ebb2c989dc3f1733d348e81e97f979f32017e6ca077ee?s=96&d=mm&r=g\",\"contentUrl\":\"https:\/\/secure.gravatar.com\/avatar\/929f45c18759f15bc69ebb2c989dc3f1733d348e81e97f979f32017e6ca077ee?s=96&d=mm&r=g\",\"caption\":\"murielkayser\"},\"url\":\"#\"}]}<\/script>\n<!-- \/ Yoast SEO plugin. -->","yoast_head_json":{"title":"Action plantes vivaces 2024 | SIAS - Ville de Remich","robots":{"index":"index","follow":"follow","max-snippet":"max-snippet:-1","max-image-preview":"max-image-preview:large","max-video-preview":"max-video-preview:-1"},"canonical":"https:\/\/bierger.remich.lu\/lb\/2024\/01\/26\/aktion-wildstauden-2024-sias\/","og_locale":"fr_FR","og_type":"article","og_title":"Action plantes vivaces 2024 | SIAS - Ville de Remich","og_description":"En collaboration avec la station biologique SIAS, notre commune s\u2019engage \u00e0 augmenter les sources de pollen et de nectar pour les pollinisateurs dans nos villages. Le coll\u00e8ge des bourgmestre et \u00e9chevins a d\u00e9cid\u00e9 de soutenir les citoyens dans l\u2019am\u00e9nagement \u00e9cologique de leurs jardins et de leurs balcons. C&rsquo;est pourquoi nous lan\u00e7ons cette ann\u00e9e encore une... Lire la suite \u00bb","og_url":"https:\/\/bierger.remich.lu\/lb\/2024\/01\/26\/aktion-wildstauden-2024-sias\/","og_site_name":"Ville de Remich","article_published_time":"2024-01-26T11:18:33+00:00","article_modified_time":"2024-01-26T11:23:06+00:00","author":"murielkayser","twitter_card":"summary_large_image","twitter_misc":{"\u00c9crit par":"murielkayser","Dur\u00e9e de lecture estim\u00e9e":"4 minutes"},"schema":{"@context":"https:\/\/schema.org","@graph":[{"@type":"Article","@id":"https:\/\/bierger.remich.lu\/lb\/2024\/01\/26\/aktion-wildstauden-2024-sias\/#article","isPartOf":{"@id":"https:\/\/bierger.remich.lu\/lb\/2024\/01\/26\/aktion-wildstauden-2024-sias\/"},"author":{"name":"murielkayser","@id":"https:\/\/bierger.remich.lu\/de\/#\/schema\/person\/5babce1f1102bf4d794591f52f77f7ac"},"headline":"Action plantes vivaces 2024 | SIAS","datePublished":"2024-01-26T11:18:33+00:00","dateModified":"2024-01-26T11:23:06+00:00","mainEntityOfPage":{"@id":"https:\/\/bierger.remich.lu\/lb\/2024\/01\/26\/aktion-wildstauden-2024-sias\/"},"wordCount":917,"commentCount":0,"articleSection":["Uncategorized"],"inLanguage":"fr-FR","potentialAction":[{"@type":"CommentAction","name":"Comment","target":["https:\/\/bierger.remich.lu\/lb\/2024\/01\/26\/aktion-wildstauden-2024-sias\/#respond"]}]},{"@type":"WebPage","@id":"https:\/\/bierger.remich.lu\/lb\/2024\/01\/26\/aktion-wildstauden-2024-sias\/","url":"https:\/\/bierger.remich.lu\/lb\/2024\/01\/26\/aktion-wildstauden-2024-sias\/","name":"Action plantes vivaces 2024 | SIAS - Ville de Remich","isPartOf":{"@id":"https:\/\/bierger.remich.lu\/de\/#website"},"datePublished":"2024-01-26T11:18:33+00:00","dateModified":"2024-01-26T11:23:06+00:00","author":{"@id":"https:\/\/bierger.remich.lu\/de\/#\/schema\/person\/5babce1f1102bf4d794591f52f77f7ac"},"breadcrumb":{"@id":"https:\/\/bierger.remich.lu\/lb\/2024\/01\/26\/aktion-wildstauden-2024-sias\/#breadcrumb"},"inLanguage":"fr-FR","potentialAction":[{"@type":"ReadAction","target":["https:\/\/bierger.remich.lu\/lb\/2024\/01\/26\/aktion-wildstauden-2024-sias\/"]}]},{"@type":"BreadcrumbList","@id":"https:\/\/bierger.remich.lu\/lb\/2024\/01\/26\/aktion-wildstauden-2024-sias\/#breadcrumb","itemListElement":[{"@type":"ListItem","position":1,"name":"Startseite","item":"https:\/\/bierger.remich.lu\/de\/"},{"@type":"ListItem","position":2,"name":"Aktioun W\u00ebllstauden 2024 | SIAS"}]},{"@type":"WebSite","@id":"https:\/\/bierger.remich.lu\/de\/#website","url":"https:\/\/bierger.remich.lu\/de\/","name":"Ville de Remich","description":"","potentialAction":[{"@type":"SearchAction","target":{"@type":"EntryPoint","urlTemplate":"https:\/\/bierger.remich.lu\/de\/?s={search_term_string}"},"query-input":{"@type":"PropertyValueSpecification","valueRequired":true,"valueName":"search_term_string"}}],"inLanguage":"fr-FR"},{"@type":"Person","@id":"https:\/\/bierger.remich.lu\/de\/#\/schema\/person\/5babce1f1102bf4d794591f52f77f7ac","name":"murielkayser","image":{"@type":"ImageObject","inLanguage":"fr-FR","@id":"https:\/\/bierger.remich.lu\/de\/#\/schema\/person\/image\/","url":"https:\/\/secure.gravatar.com\/avatar\/929f45c18759f15bc69ebb2c989dc3f1733d348e81e97f979f32017e6ca077ee?s=96&d=mm&r=g","contentUrl":"https:\/\/secure.gravatar.com\/avatar\/929f45c18759f15bc69ebb2c989dc3f1733d348e81e97f979f32017e6ca077ee?s=96&d=mm&r=g","caption":"murielkayser"},"url":"#"}]}},"_links":{"self":[{"href":"https:\/\/bierger.remich.lu\/fr\/wp-json\/wp\/v2\/posts\/13358","targetHints":{"allow":["GET"]}}],"collection":[{"href":"https:\/\/bierger.remich.lu\/fr\/wp-json\/wp\/v2\/posts"}],"about":[{"href":"https:\/\/bierger.remich.lu\/fr\/wp-json\/wp\/v2\/types\/post"}],"author":[{"embeddable":true,"href":"https:\/\/bierger.remich.lu\/fr\/wp-json\/wp\/v2\/users\/4"}],"replies":[{"embeddable":true,"href":"https:\/\/bierger.remich.lu\/fr\/wp-json\/wp\/v2\/comments?post=13358"}],"version-history":[{"count":6,"href":"https:\/\/bierger.remich.lu\/fr\/wp-json\/wp\/v2\/posts\/13358\/revisions"}],"predecessor-version":[{"id":13364,"href":"https:\/\/bierger.remich.lu\/fr\/wp-json\/wp\/v2\/posts\/13358\/revisions\/13364"}],"wp:attachment":[{"href":"https:\/\/bierger.remich.lu\/fr\/wp-json\/wp\/v2\/media?parent=13358"}],"wp:term":[{"taxonomy":"category","embeddable":true,"href":"https:\/\/bierger.remich.lu\/fr\/wp-json\/wp\/v2\/categories?post=13358"},{"taxonomy":"post_tag","embeddable":true,"href":"https:\/\/bierger.remich.lu\/fr\/wp-json\/wp\/v2\/tags?post=13358"}],"curies":[{"name":"wp","href":"https:\/\/api.w.org\/{rel}","templated":true}]}}