{"id":13520,"date":"2024-02-21T08:27:18","date_gmt":"2024-02-21T07:27:18","guid":{"rendered":"https:\/\/bierger.remich.lu\/?p=13520"},"modified":"2024-02-21T08:27:18","modified_gmt":"2024-02-21T07:27:18","slug":"rare-disease-day-sensibiliseierungskampagne","status":"publish","type":"post","link":"https:\/\/bierger.remich.lu\/fr\/2024\/02\/21\/rare-disease-day-sensibiliseierungskampagne\/","title":{"rendered":"Rare Disease Day | Campagne de sensibilisation"},"content":{"rendered":"Le 29 f\u00e9vrier 2024 aura lieu le 17<sup>e<\/sup> Rare Disease Day (journ\u00e9e internationale des maladies rares) afin de sensibiliser le public aux maladies rares.<\/p>\n<p>La Ville de Remich soutient cette action et participe \u00e0 la \u00ab\u00a0Global Chain of Lights\u00a0\u00bb &#8211; l&rsquo;illumination de b\u00e2timents et monuments publics symboliques dans le monde entier aux couleurs du Rare Disease Day, avec l&rsquo;illumination de la maison communale du 21 au 29 f\u00e9vrier 2024.<\/p>\n<p><img loading=\"lazy\" decoding=\"async\" class=\"alignnone size-medium wp-image-13528\" src=\"https:\/\/bierger.remich.lu\/wp-content\/uploads\/sites\/3\/2024\/02\/Rare-Disease-Day-2024-facts-1080x1080_FR2-300x300.jpg\" alt=\"\" width=\"300\" height=\"300\" srcset=\"https:\/\/bierger.remich.lu\/wp-content\/uploads\/sites\/3\/2024\/02\/Rare-Disease-Day-2024-facts-1080x1080_FR2-300x300.jpg 300w, https:\/\/bierger.remich.lu\/wp-content\/uploads\/sites\/3\/2024\/02\/Rare-Disease-Day-2024-facts-1080x1080_FR2-150x150.jpg 150w, https:\/\/bierger.remich.lu\/wp-content\/uploads\/sites\/3\/2024\/02\/Rare-Disease-Day-2024-facts-1080x1080_FR2-1024x1024.jpg 1024w, https:\/\/bierger.remich.lu\/wp-content\/uploads\/sites\/3\/2024\/02\/Rare-Disease-Day-2024-facts-1080x1080_FR2.jpg 1080w\" sizes=\"auto, (max-width: 300px) 100vw, 300px\" \/><img loading=\"lazy\" decoding=\"async\" class=\"alignnone size-medium wp-image-13529\" src=\"https:\/\/bierger.remich.lu\/wp-content\/uploads\/sites\/3\/2024\/02\/Rare-Disease-Day-2024-facts-1080x1080_FR3-300x300.jpg\" alt=\"\" width=\"300\" height=\"300\" srcset=\"https:\/\/bierger.remich.lu\/wp-content\/uploads\/sites\/3\/2024\/02\/Rare-Disease-Day-2024-facts-1080x1080_FR3-300x300.jpg 300w, https:\/\/bierger.remich.lu\/wp-content\/uploads\/sites\/3\/2024\/02\/Rare-Disease-Day-2024-facts-1080x1080_FR3-150x150.jpg 150w, https:\/\/bierger.remich.lu\/wp-content\/uploads\/sites\/3\/2024\/02\/Rare-Disease-Day-2024-facts-1080x1080_FR3-1024x1024.jpg 1024w, https:\/\/bierger.remich.lu\/wp-content\/uploads\/sites\/3\/2024\/02\/Rare-Disease-Day-2024-facts-1080x1080_FR3.jpg 1080w\" sizes=\"auto, (max-width: 300px) 100vw, 300px\" \/><img loading=\"lazy\" decoding=\"async\" class=\"alignnone size-medium wp-image-13530\" src=\"https:\/\/bierger.remich.lu\/wp-content\/uploads\/sites\/3\/2024\/02\/Rare-Disease-Day-2024-facts-1080x1080_FR4-300x300.jpg\" alt=\"\" width=\"300\" height=\"300\" srcset=\"https:\/\/bierger.remich.lu\/wp-content\/uploads\/sites\/3\/2024\/02\/Rare-Disease-Day-2024-facts-1080x1080_FR4-300x300.jpg 300w, https:\/\/bierger.remich.lu\/wp-content\/uploads\/sites\/3\/2024\/02\/Rare-Disease-Day-2024-facts-1080x1080_FR4-150x150.jpg 150w, https:\/\/bierger.remich.lu\/wp-content\/uploads\/sites\/3\/2024\/02\/Rare-Disease-Day-2024-facts-1080x1080_FR4-1024x1024.jpg 1024w, https:\/\/bierger.remich.lu\/wp-content\/uploads\/sites\/3\/2024\/02\/Rare-Disease-Day-2024-facts-1080x1080_FR4.jpg 1080w\" sizes=\"auto, (max-width: 300px) 100vw, 300px\" \/><img loading=\"lazy\" decoding=\"async\" class=\"alignnone size-medium wp-image-13531\" src=\"https:\/\/bierger.remich.lu\/wp-content\/uploads\/sites\/3\/2024\/02\/Rare-Disease-Day-2024-facts-1080x1080_FR5-300x300.jpg\" alt=\"\" width=\"300\" height=\"300\" srcset=\"https:\/\/bierger.remich.lu\/wp-content\/uploads\/sites\/3\/2024\/02\/Rare-Disease-Day-2024-facts-1080x1080_FR5-300x300.jpg 300w, https:\/\/bierger.remich.lu\/wp-content\/uploads\/sites\/3\/2024\/02\/Rare-Disease-Day-2024-facts-1080x1080_FR5-150x150.jpg 150w, https:\/\/bierger.remich.lu\/wp-content\/uploads\/sites\/3\/2024\/02\/Rare-Disease-Day-2024-facts-1080x1080_FR5-1024x1024.jpg 1024w, https:\/\/bierger.remich.lu\/wp-content\/uploads\/sites\/3\/2024\/02\/Rare-Disease-Day-2024-facts-1080x1080_FR5.jpg 1080w\" sizes=\"auto, (max-width: 300px) 100vw, 300px\" \/><img loading=\"lazy\" decoding=\"async\" class=\"alignnone size-medium wp-image-13532\" src=\"https:\/\/bierger.remich.lu\/wp-content\/uploads\/sites\/3\/2024\/02\/Rare-Disease-Day-2024-facts-1080x1080_FR6-300x300.jpg\" alt=\"\" width=\"300\" height=\"300\" srcset=\"https:\/\/bierger.remich.lu\/wp-content\/uploads\/sites\/3\/2024\/02\/Rare-Disease-Day-2024-facts-1080x1080_FR6-300x300.jpg 300w, https:\/\/bierger.remich.lu\/wp-content\/uploads\/sites\/3\/2024\/02\/Rare-Disease-Day-2024-facts-1080x1080_FR6-150x150.jpg 150w, https:\/\/bierger.remich.lu\/wp-content\/uploads\/sites\/3\/2024\/02\/Rare-Disease-Day-2024-facts-1080x1080_FR6-1024x1024.jpg 1024w, https:\/\/bierger.remich.lu\/wp-content\/uploads\/sites\/3\/2024\/02\/Rare-Disease-Day-2024-facts-1080x1080_FR6.jpg 1080w\" sizes=\"auto, (max-width: 300px) 100vw, 300px\" \/>","protected":false},"excerpt":{"rendered":"<p>Le 29 f\u00e9vrier 2024 aura lieu le 17e Rare Disease Day (journ\u00e9e internationale des maladies rares) afin de sensibiliser le public aux maladies rares. La Ville de Remich soutient cette action et participe \u00e0 la \u00ab\u00a0Global Chain of Lights\u00a0\u00bb &#8211; l&rsquo;illumination de b\u00e2timents et monuments publics symboliques dans le monde entier aux couleurs du Rare&#8230;  <a class=\"excerpt-read-more\" href=\"https:\/\/bierger.remich.lu\/fr\/2024\/02\/21\/rare-disease-day-sensibiliseierungskampagne\/\" title=\"ReadRare Disease Day | Campagne de sensibilisation\">Lire la suite \u00bb<\/a><\/p>\n","protected":false},"author":4,"featured_media":0,"comment_status":"open","ping_status":"open","sticky":false,"template":"","format":"standard","meta":{"_acf_changed":false,"xn-wppe-expiration":[],"xn-wppe-expiration-action":[],"xn-wppe-expiration-prefix":[],"footnotes":"","_links_to":"","_links_to_target":""},"categories":[1],"tags":[],"class_list":["post-13520","post","type-post","status-publish","format-standard","hentry","category-news"],"acf":[],"yoast_head":"<!-- This site is optimized with the Yoast SEO plugin v26.7 - https:\/\/yoast.com\/wordpress\/plugins\/seo\/ -->\n<title>Rare Disease Day | Campagne de sensibilisation - Ville de Remich<\/title>\n<meta name=\"robots\" content=\"index, follow, max-snippet:-1, max-image-preview:large, max-video-preview:-1\" \/>\n<link rel=\"canonical\" href=\"https:\/\/bierger.remich.lu\/lb\/2024\/02\/21\/rare-disease-day-sensibiliseierungskampagne\/\" \/>\n<meta property=\"og:locale\" content=\"fr_FR\" \/>\n<meta property=\"og:type\" content=\"article\" \/>\n<meta property=\"og:title\" content=\"Rare Disease Day | Campagne de sensibilisation - Ville de Remich\" \/>\n<meta property=\"og:description\" content=\"Le 29 f\u00e9vrier 2024 aura lieu le 17e Rare Disease Day (journ\u00e9e internationale des maladies rares) afin de sensibiliser le public aux maladies rares. La Ville de Remich soutient cette action et participe \u00e0 la \u00ab\u00a0Global Chain of Lights\u00a0\u00bb &#8211; l&rsquo;illumination de b\u00e2timents et monuments publics symboliques dans le monde entier aux couleurs du Rare... Lire la suite \u00bb\" \/>\n<meta property=\"og:url\" content=\"https:\/\/bierger.remich.lu\/lb\/2024\/02\/21\/rare-disease-day-sensibiliseierungskampagne\/\" \/>\n<meta property=\"og:site_name\" content=\"Ville de Remich\" \/>\n<meta property=\"article:published_time\" content=\"2024-02-21T07:27:18+00:00\" \/>\n<meta property=\"og:image\" content=\"https:\/\/bierger.remich.lu\/wp-content\/uploads\/sites\/3\/2024\/02\/Rare-Disease-Day-2024-facts-1080x1080_LU2-300x300.jpg\" \/>\n<meta name=\"author\" content=\"murielkayser\" \/>\n<meta name=\"twitter:card\" content=\"summary_large_image\" \/>\n<meta name=\"twitter:label1\" content=\"\u00c9crit par\" \/>\n\t<meta name=\"twitter:data1\" content=\"murielkayser\" \/>\n\t<meta name=\"twitter:label2\" content=\"Dur\u00e9e de lecture estim\u00e9e\" \/>\n\t<meta name=\"twitter:data2\" content=\"1 minute\" \/>\n<script type=\"application\/ld+json\" class=\"yoast-schema-graph\">{\"@context\":\"https:\/\/schema.org\",\"@graph\":[{\"@type\":\"Article\",\"@id\":\"https:\/\/bierger.remich.lu\/lb\/2024\/02\/21\/rare-disease-day-sensibiliseierungskampagne\/#article\",\"isPartOf\":{\"@id\":\"https:\/\/bierger.remich.lu\/lb\/2024\/02\/21\/rare-disease-day-sensibiliseierungskampagne\/\"},\"author\":{\"name\":\"murielkayser\",\"@id\":\"https:\/\/bierger.remich.lu\/de\/#\/schema\/person\/5babce1f1102bf4d794591f52f77f7ac\"},\"headline\":\"Rare Disease Day | Campagne de sensibilisation\",\"datePublished\":\"2024-02-21T07:27:18+00:00\",\"mainEntityOfPage\":{\"@id\":\"https:\/\/bierger.remich.lu\/lb\/2024\/02\/21\/rare-disease-day-sensibiliseierungskampagne\/\"},\"wordCount\":294,\"commentCount\":0,\"image\":{\"@id\":\"https:\/\/bierger.remich.lu\/lb\/2024\/02\/21\/rare-disease-day-sensibiliseierungskampagne\/#primaryimage\"},\"thumbnailUrl\":\"https:\/\/bierger.remich.lu\/wp-content\/uploads\/sites\/3\/2024\/02\/Rare-Disease-Day-2024-facts-1080x1080_LU2-300x300.jpg\",\"articleSection\":[\"Uncategorized\"],\"inLanguage\":\"fr-FR\",\"potentialAction\":[{\"@type\":\"CommentAction\",\"name\":\"Comment\",\"target\":[\"https:\/\/bierger.remich.lu\/lb\/2024\/02\/21\/rare-disease-day-sensibiliseierungskampagne\/#respond\"]}]},{\"@type\":\"WebPage\",\"@id\":\"https:\/\/bierger.remich.lu\/lb\/2024\/02\/21\/rare-disease-day-sensibiliseierungskampagne\/\",\"url\":\"https:\/\/bierger.remich.lu\/lb\/2024\/02\/21\/rare-disease-day-sensibiliseierungskampagne\/\",\"name\":\"Rare Disease Day | Campagne de sensibilisation - Ville de Remich\",\"isPartOf\":{\"@id\":\"https:\/\/bierger.remich.lu\/de\/#website\"},\"primaryImageOfPage\":{\"@id\":\"https:\/\/bierger.remich.lu\/lb\/2024\/02\/21\/rare-disease-day-sensibiliseierungskampagne\/#primaryimage\"},\"image\":{\"@id\":\"https:\/\/bierger.remich.lu\/lb\/2024\/02\/21\/rare-disease-day-sensibiliseierungskampagne\/#primaryimage\"},\"thumbnailUrl\":\"https:\/\/bierger.remich.lu\/wp-content\/uploads\/sites\/3\/2024\/02\/Rare-Disease-Day-2024-facts-1080x1080_LU2-300x300.jpg\",\"datePublished\":\"2024-02-21T07:27:18+00:00\",\"author\":{\"@id\":\"https:\/\/bierger.remich.lu\/de\/#\/schema\/person\/5babce1f1102bf4d794591f52f77f7ac\"},\"breadcrumb\":{\"@id\":\"https:\/\/bierger.remich.lu\/lb\/2024\/02\/21\/rare-disease-day-sensibiliseierungskampagne\/#breadcrumb\"},\"inLanguage\":\"fr-FR\",\"potentialAction\":[{\"@type\":\"ReadAction\",\"target\":[\"https:\/\/bierger.remich.lu\/lb\/2024\/02\/21\/rare-disease-day-sensibiliseierungskampagne\/\"]}]},{\"@type\":\"ImageObject\",\"inLanguage\":\"fr-FR\",\"@id\":\"https:\/\/bierger.remich.lu\/lb\/2024\/02\/21\/rare-disease-day-sensibiliseierungskampagne\/#primaryimage\",\"url\":\"https:\/\/bierger.remich.lu\/wp-content\/uploads\/sites\/3\/2024\/02\/Rare-Disease-Day-2024-facts-1080x1080_LU2-300x300.jpg\",\"contentUrl\":\"https:\/\/bierger.remich.lu\/wp-content\/uploads\/sites\/3\/2024\/02\/Rare-Disease-Day-2024-facts-1080x1080_LU2-300x300.jpg\"},{\"@type\":\"BreadcrumbList\",\"@id\":\"https:\/\/bierger.remich.lu\/lb\/2024\/02\/21\/rare-disease-day-sensibiliseierungskampagne\/#breadcrumb\",\"itemListElement\":[{\"@type\":\"ListItem\",\"position\":1,\"name\":\"Startseite\",\"item\":\"https:\/\/bierger.remich.lu\/de\/\"},{\"@type\":\"ListItem\",\"position\":2,\"name\":\"Rare Disease Day | Sensibilis\u00e9ierungscampagne\"}]},{\"@type\":\"WebSite\",\"@id\":\"https:\/\/bierger.remich.lu\/de\/#website\",\"url\":\"https:\/\/bierger.remich.lu\/de\/\",\"name\":\"Ville de Remich\",\"description\":\"\",\"potentialAction\":[{\"@type\":\"SearchAction\",\"target\":{\"@type\":\"EntryPoint\",\"urlTemplate\":\"https:\/\/bierger.remich.lu\/de\/?s={search_term_string}\"},\"query-input\":{\"@type\":\"PropertyValueSpecification\",\"valueRequired\":true,\"valueName\":\"search_term_string\"}}],\"inLanguage\":\"fr-FR\"},{\"@type\":\"Person\",\"@id\":\"https:\/\/bierger.remich.lu\/de\/#\/schema\/person\/5babce1f1102bf4d794591f52f77f7ac\",\"name\":\"murielkayser\",\"image\":{\"@type\":\"ImageObject\",\"inLanguage\":\"fr-FR\",\"@id\":\"https:\/\/bierger.remich.lu\/de\/#\/schema\/person\/image\/\",\"url\":\"https:\/\/secure.gravatar.com\/avatar\/929f45c18759f15bc69ebb2c989dc3f1733d348e81e97f979f32017e6ca077ee?s=96&d=mm&r=g\",\"contentUrl\":\"https:\/\/secure.gravatar.com\/avatar\/929f45c18759f15bc69ebb2c989dc3f1733d348e81e97f979f32017e6ca077ee?s=96&d=mm&r=g\",\"caption\":\"murielkayser\"},\"url\":\"#\"}]}<\/script>\n<!-- \/ Yoast SEO plugin. -->","yoast_head_json":{"title":"Rare Disease Day | Campagne de sensibilisation - Ville de Remich","robots":{"index":"index","follow":"follow","max-snippet":"max-snippet:-1","max-image-preview":"max-image-preview:large","max-video-preview":"max-video-preview:-1"},"canonical":"https:\/\/bierger.remich.lu\/lb\/2024\/02\/21\/rare-disease-day-sensibiliseierungskampagne\/","og_locale":"fr_FR","og_type":"article","og_title":"Rare Disease Day | Campagne de sensibilisation - Ville de Remich","og_description":"Le 29 f\u00e9vrier 2024 aura lieu le 17e Rare Disease Day (journ\u00e9e internationale des maladies rares) afin de sensibiliser le public aux maladies rares. La Ville de Remich soutient cette action et participe \u00e0 la \u00ab\u00a0Global Chain of Lights\u00a0\u00bb &#8211; l&rsquo;illumination de b\u00e2timents et monuments publics symboliques dans le monde entier aux couleurs du Rare... Lire la suite \u00bb","og_url":"https:\/\/bierger.remich.lu\/lb\/2024\/02\/21\/rare-disease-day-sensibiliseierungskampagne\/","og_site_name":"Ville de Remich","article_published_time":"2024-02-21T07:27:18+00:00","og_image":[{"url":"https:\/\/bierger.remich.lu\/wp-content\/uploads\/sites\/3\/2024\/02\/Rare-Disease-Day-2024-facts-1080x1080_LU2-300x300.jpg","type":"","width":"","height":""}],"author":"murielkayser","twitter_card":"summary_large_image","twitter_misc":{"\u00c9crit par":"murielkayser","Dur\u00e9e de lecture estim\u00e9e":"1 minute"},"schema":{"@context":"https:\/\/schema.org","@graph":[{"@type":"Article","@id":"https:\/\/bierger.remich.lu\/lb\/2024\/02\/21\/rare-disease-day-sensibiliseierungskampagne\/#article","isPartOf":{"@id":"https:\/\/bierger.remich.lu\/lb\/2024\/02\/21\/rare-disease-day-sensibiliseierungskampagne\/"},"author":{"name":"murielkayser","@id":"https:\/\/bierger.remich.lu\/de\/#\/schema\/person\/5babce1f1102bf4d794591f52f77f7ac"},"headline":"Rare Disease Day | Campagne de sensibilisation","datePublished":"2024-02-21T07:27:18+00:00","mainEntityOfPage":{"@id":"https:\/\/bierger.remich.lu\/lb\/2024\/02\/21\/rare-disease-day-sensibiliseierungskampagne\/"},"wordCount":294,"commentCount":0,"image":{"@id":"https:\/\/bierger.remich.lu\/lb\/2024\/02\/21\/rare-disease-day-sensibiliseierungskampagne\/#primaryimage"},"thumbnailUrl":"https:\/\/bierger.remich.lu\/wp-content\/uploads\/sites\/3\/2024\/02\/Rare-Disease-Day-2024-facts-1080x1080_LU2-300x300.jpg","articleSection":["Uncategorized"],"inLanguage":"fr-FR","potentialAction":[{"@type":"CommentAction","name":"Comment","target":["https:\/\/bierger.remich.lu\/lb\/2024\/02\/21\/rare-disease-day-sensibiliseierungskampagne\/#respond"]}]},{"@type":"WebPage","@id":"https:\/\/bierger.remich.lu\/lb\/2024\/02\/21\/rare-disease-day-sensibiliseierungskampagne\/","url":"https:\/\/bierger.remich.lu\/lb\/2024\/02\/21\/rare-disease-day-sensibiliseierungskampagne\/","name":"Rare Disease Day | Campagne de sensibilisation - Ville de Remich","isPartOf":{"@id":"https:\/\/bierger.remich.lu\/de\/#website"},"primaryImageOfPage":{"@id":"https:\/\/bierger.remich.lu\/lb\/2024\/02\/21\/rare-disease-day-sensibiliseierungskampagne\/#primaryimage"},"image":{"@id":"https:\/\/bierger.remich.lu\/lb\/2024\/02\/21\/rare-disease-day-sensibiliseierungskampagne\/#primaryimage"},"thumbnailUrl":"https:\/\/bierger.remich.lu\/wp-content\/uploads\/sites\/3\/2024\/02\/Rare-Disease-Day-2024-facts-1080x1080_LU2-300x300.jpg","datePublished":"2024-02-21T07:27:18+00:00","author":{"@id":"https:\/\/bierger.remich.lu\/de\/#\/schema\/person\/5babce1f1102bf4d794591f52f77f7ac"},"breadcrumb":{"@id":"https:\/\/bierger.remich.lu\/lb\/2024\/02\/21\/rare-disease-day-sensibiliseierungskampagne\/#breadcrumb"},"inLanguage":"fr-FR","potentialAction":[{"@type":"ReadAction","target":["https:\/\/bierger.remich.lu\/lb\/2024\/02\/21\/rare-disease-day-sensibiliseierungskampagne\/"]}]},{"@type":"ImageObject","inLanguage":"fr-FR","@id":"https:\/\/bierger.remich.lu\/lb\/2024\/02\/21\/rare-disease-day-sensibiliseierungskampagne\/#primaryimage","url":"https:\/\/bierger.remich.lu\/wp-content\/uploads\/sites\/3\/2024\/02\/Rare-Disease-Day-2024-facts-1080x1080_LU2-300x300.jpg","contentUrl":"https:\/\/bierger.remich.lu\/wp-content\/uploads\/sites\/3\/2024\/02\/Rare-Disease-Day-2024-facts-1080x1080_LU2-300x300.jpg"},{"@type":"BreadcrumbList","@id":"https:\/\/bierger.remich.lu\/lb\/2024\/02\/21\/rare-disease-day-sensibiliseierungskampagne\/#breadcrumb","itemListElement":[{"@type":"ListItem","position":1,"name":"Startseite","item":"https:\/\/bierger.remich.lu\/de\/"},{"@type":"ListItem","position":2,"name":"Rare Disease Day | Sensibilis\u00e9ierungscampagne"}]},{"@type":"WebSite","@id":"https:\/\/bierger.remich.lu\/de\/#website","url":"https:\/\/bierger.remich.lu\/de\/","name":"Ville de Remich","description":"","potentialAction":[{"@type":"SearchAction","target":{"@type":"EntryPoint","urlTemplate":"https:\/\/bierger.remich.lu\/de\/?s={search_term_string}"},"query-input":{"@type":"PropertyValueSpecification","valueRequired":true,"valueName":"search_term_string"}}],"inLanguage":"fr-FR"},{"@type":"Person","@id":"https:\/\/bierger.remich.lu\/de\/#\/schema\/person\/5babce1f1102bf4d794591f52f77f7ac","name":"murielkayser","image":{"@type":"ImageObject","inLanguage":"fr-FR","@id":"https:\/\/bierger.remich.lu\/de\/#\/schema\/person\/image\/","url":"https:\/\/secure.gravatar.com\/avatar\/929f45c18759f15bc69ebb2c989dc3f1733d348e81e97f979f32017e6ca077ee?s=96&d=mm&r=g","contentUrl":"https:\/\/secure.gravatar.com\/avatar\/929f45c18759f15bc69ebb2c989dc3f1733d348e81e97f979f32017e6ca077ee?s=96&d=mm&r=g","caption":"murielkayser"},"url":"#"}]}},"_links":{"self":[{"href":"https:\/\/bierger.remich.lu\/fr\/wp-json\/wp\/v2\/posts\/13520","targetHints":{"allow":["GET"]}}],"collection":[{"href":"https:\/\/bierger.remich.lu\/fr\/wp-json\/wp\/v2\/posts"}],"about":[{"href":"https:\/\/bierger.remich.lu\/fr\/wp-json\/wp\/v2\/types\/post"}],"author":[{"embeddable":true,"href":"https:\/\/bierger.remich.lu\/fr\/wp-json\/wp\/v2\/users\/4"}],"replies":[{"embeddable":true,"href":"https:\/\/bierger.remich.lu\/fr\/wp-json\/wp\/v2\/comments?post=13520"}],"version-history":[{"count":2,"href":"https:\/\/bierger.remich.lu\/fr\/wp-json\/wp\/v2\/posts\/13520\/revisions"}],"predecessor-version":[{"id":13540,"href":"https:\/\/bierger.remich.lu\/fr\/wp-json\/wp\/v2\/posts\/13520\/revisions\/13540"}],"wp:attachment":[{"href":"https:\/\/bierger.remich.lu\/fr\/wp-json\/wp\/v2\/media?parent=13520"}],"wp:term":[{"taxonomy":"category","embeddable":true,"href":"https:\/\/bierger.remich.lu\/fr\/wp-json\/wp\/v2\/categories?post=13520"},{"taxonomy":"post_tag","embeddable":true,"href":"https:\/\/bierger.remich.lu\/fr\/wp-json\/wp\/v2\/tags?post=13520"}],"curies":[{"name":"wp","href":"https:\/\/api.w.org\/{rel}","templated":true}]}}