{"id":13821,"date":"2024-03-20T08:00:11","date_gmt":"2024-03-20T07:00:11","guid":{"rendered":"https:\/\/bierger.remich.lu\/?p=13821"},"modified":"2024-03-19T17:49:07","modified_gmt":"2024-03-19T16:49:07","slug":"28-03-2024-informationsversammlung-arbeiten-an-der-n10","status":"publish","type":"post","link":"https:\/\/bierger.remich.lu\/fr\/2024\/03\/20\/28-03-2024-informationsversammlung-arbeiten-an-der-n10\/","title":{"rendered":"28.03.2024 | Soir\u00e9e d&rsquo;information \u00ab\u00a0R\u00e9am\u00e9nagement de la N10&Prime;"},"content":{"rendered":"Le coll\u00e8ge \u00e9chevinal de la Ville de Remich invite les habitant(e)s \u00e0 une r\u00e9union\u00a0 d\u2019information sur le r\u00e9am\u00e9nagement de la N10 dans le cadre de la 1re phase du renouvellement de l\u2019Esplanade.<\/p>\n<p><b>Quand<\/b> <b>:<\/b><\/p>\n<p><b>Le <\/b><b>jeud<\/b><b>i<\/b><b>, <\/b><b>28 mars 2024 <\/b><b>\u00e0 19:00 <\/b><b>heures <\/b><b>au CEFOS\u00a0 (12, rue du<\/b> <b>Ch\u00e2teau).<\/b><\/p>\n<p>Une traduction simultan\u00e9e en fran\u00e7ais et anglais est garantie.<\/p>\n<p>Pour des raisons d\u2019organisation, merci de bien vouloir nous confirmer votre pr\u00e9sence\u00a0 jusqu\u2019au 26 mars 2024 :<\/p>\n<ul>\n<li>T. (+352) 23 69 2-1<\/li>\n<li>E. <a href=\"mailto:info@remich.lu\">info<\/a><a href=\"mailto:info@remich.lu\">@remich.lu<\/a><\/li>\n<\/ul>\n<p>Nous esp\u00e9rons vous accueillir en grand nombre.","protected":false},"excerpt":{"rendered":"<p>Le coll\u00e8ge \u00e9chevinal de la Ville de Remich invite les habitant(e)s \u00e0 une r\u00e9union\u00a0 d\u2019information sur le r\u00e9am\u00e9nagement de la N10 dans le cadre de la 1re phase du renouvellement de l\u2019Esplanade. Quand : Le jeudi, 28 mars 2024 \u00e0 19:00 heures au CEFOS\u00a0 (12, rue du Ch\u00e2teau). Une traduction simultan\u00e9e en fran\u00e7ais et anglais&#8230;  <a class=\"excerpt-read-more\" href=\"https:\/\/bierger.remich.lu\/fr\/2024\/03\/20\/28-03-2024-informationsversammlung-arbeiten-an-der-n10\/\" title=\"Read28.03.2024 | Soir\u00e9e d&rsquo;information \u00ab\u00a0R\u00e9am\u00e9nagement de la N10&Prime;\">Lire la suite \u00bb<\/a><\/p>\n","protected":false},"author":4,"featured_media":0,"comment_status":"open","ping_status":"open","sticky":false,"template":"","format":"standard","meta":{"_acf_changed":false,"xn-wppe-expiration":[],"xn-wppe-expiration-action":[],"xn-wppe-expiration-prefix":[],"footnotes":"","_links_to":"","_links_to_target":""},"categories":[1],"tags":[],"class_list":["post-13821","post","type-post","status-publish","format-standard","hentry","category-news","keyword-chantier"],"acf":[],"yoast_head":"<!-- This site is optimized with the Yoast SEO plugin v26.7 - https:\/\/yoast.com\/wordpress\/plugins\/seo\/ -->\n<title>28.03.2024 | Soir\u00e9e d&#039;information &quot;R\u00e9am\u00e9nagement de la N10&quot; - Ville de Remich<\/title>\n<meta name=\"robots\" content=\"index, follow, max-snippet:-1, max-image-preview:large, max-video-preview:-1\" \/>\n<link rel=\"canonical\" href=\"https:\/\/bierger.remich.lu\/fr\/2024\/03\/20\/28-03-2024-informationsversammlung-arbeiten-an-der-n10\/\" \/>\n<meta property=\"og:locale\" content=\"fr_FR\" \/>\n<meta property=\"og:type\" content=\"article\" \/>\n<meta property=\"og:title\" content=\"28.03.2024 | Soir\u00e9e d&#039;information &quot;R\u00e9am\u00e9nagement de la N10&quot; - Ville de Remich\" \/>\n<meta property=\"og:description\" content=\"Le coll\u00e8ge \u00e9chevinal de la Ville de Remich invite les habitant(e)s \u00e0 une r\u00e9union\u00a0 d\u2019information sur le r\u00e9am\u00e9nagement de la N10 dans le cadre de la 1re phase du renouvellement de l\u2019Esplanade. Quand : Le jeudi, 28 mars 2024 \u00e0 19:00 heures au CEFOS\u00a0 (12, rue du Ch\u00e2teau). Une traduction simultan\u00e9e en fran\u00e7ais et anglais... Lire la suite \u00bb\" \/>\n<meta property=\"og:url\" content=\"https:\/\/bierger.remich.lu\/fr\/2024\/03\/20\/28-03-2024-informationsversammlung-arbeiten-an-der-n10\/\" \/>\n<meta property=\"og:site_name\" content=\"Ville de Remich\" \/>\n<meta property=\"article:published_time\" content=\"2024-03-20T07:00:11+00:00\" \/>\n<meta name=\"author\" content=\"murielkayser\" \/>\n<meta name=\"twitter:card\" content=\"summary_large_image\" \/>\n<meta name=\"twitter:label1\" content=\"\u00c9crit par\" \/>\n\t<meta name=\"twitter:data1\" content=\"murielkayser\" \/>\n\t<meta name=\"twitter:label2\" content=\"Dur\u00e9e de lecture estim\u00e9e\" \/>\n\t<meta name=\"twitter:data2\" content=\"2 minutes\" \/>\n<script type=\"application\/ld+json\" class=\"yoast-schema-graph\">{\"@context\":\"https:\/\/schema.org\",\"@graph\":[{\"@type\":\"Article\",\"@id\":\"https:\/\/bierger.remich.lu\/fr\/2024\/03\/20\/28-03-2024-informationsversammlung-arbeiten-an-der-n10\/#article\",\"isPartOf\":{\"@id\":\"https:\/\/bierger.remich.lu\/fr\/2024\/03\/20\/28-03-2024-informationsversammlung-arbeiten-an-der-n10\/\"},\"author\":{\"name\":\"murielkayser\",\"@id\":\"https:\/\/bierger.remich.lu\/de\/#\/schema\/person\/5babce1f1102bf4d794591f52f77f7ac\"},\"headline\":\"28.03.2024 | Soir\u00e9e d&rsquo;information \u00ab\u00a0R\u00e9am\u00e9nagement de la N10&Prime;\",\"datePublished\":\"2024-03-20T07:00:11+00:00\",\"mainEntityOfPage\":{\"@id\":\"https:\/\/bierger.remich.lu\/fr\/2024\/03\/20\/28-03-2024-informationsversammlung-arbeiten-an-der-n10\/\"},\"wordCount\":392,\"commentCount\":0,\"articleSection\":[\"Uncategorized\"],\"inLanguage\":\"fr-FR\",\"potentialAction\":[{\"@type\":\"CommentAction\",\"name\":\"Comment\",\"target\":[\"https:\/\/bierger.remich.lu\/fr\/2024\/03\/20\/28-03-2024-informationsversammlung-arbeiten-an-der-n10\/#respond\"]}]},{\"@type\":\"WebPage\",\"@id\":\"https:\/\/bierger.remich.lu\/fr\/2024\/03\/20\/28-03-2024-informationsversammlung-arbeiten-an-der-n10\/\",\"url\":\"https:\/\/bierger.remich.lu\/fr\/2024\/03\/20\/28-03-2024-informationsversammlung-arbeiten-an-der-n10\/\",\"name\":\"28.03.2024 | Soir\u00e9e d'information \\\"R\u00e9am\u00e9nagement de la N10\\\" - Ville de Remich\",\"isPartOf\":{\"@id\":\"https:\/\/bierger.remich.lu\/de\/#website\"},\"datePublished\":\"2024-03-20T07:00:11+00:00\",\"author\":{\"@id\":\"https:\/\/bierger.remich.lu\/de\/#\/schema\/person\/5babce1f1102bf4d794591f52f77f7ac\"},\"breadcrumb\":{\"@id\":\"https:\/\/bierger.remich.lu\/fr\/2024\/03\/20\/28-03-2024-informationsversammlung-arbeiten-an-der-n10\/#breadcrumb\"},\"inLanguage\":\"fr-FR\",\"potentialAction\":[{\"@type\":\"ReadAction\",\"target\":[\"https:\/\/bierger.remich.lu\/fr\/2024\/03\/20\/28-03-2024-informationsversammlung-arbeiten-an-der-n10\/\"]}]},{\"@type\":\"BreadcrumbList\",\"@id\":\"https:\/\/bierger.remich.lu\/fr\/2024\/03\/20\/28-03-2024-informationsversammlung-arbeiten-an-der-n10\/#breadcrumb\",\"itemListElement\":[{\"@type\":\"ListItem\",\"position\":1,\"name\":\"Startseite\",\"item\":\"https:\/\/bierger.remich.lu\/de\/\"},{\"@type\":\"ListItem\",\"position\":2,\"name\":\"28.03.2024 | Soir\u00e9e d&rsquo;information \u00ab\u00a0R\u00e9am\u00e9nagement de la N10\u00a0\u00bb\"}]},{\"@type\":\"WebSite\",\"@id\":\"https:\/\/bierger.remich.lu\/de\/#website\",\"url\":\"https:\/\/bierger.remich.lu\/de\/\",\"name\":\"Ville de Remich\",\"description\":\"\",\"potentialAction\":[{\"@type\":\"SearchAction\",\"target\":{\"@type\":\"EntryPoint\",\"urlTemplate\":\"https:\/\/bierger.remich.lu\/de\/?s={search_term_string}\"},\"query-input\":{\"@type\":\"PropertyValueSpecification\",\"valueRequired\":true,\"valueName\":\"search_term_string\"}}],\"inLanguage\":\"fr-FR\"},{\"@type\":\"Person\",\"@id\":\"https:\/\/bierger.remich.lu\/de\/#\/schema\/person\/5babce1f1102bf4d794591f52f77f7ac\",\"name\":\"murielkayser\",\"image\":{\"@type\":\"ImageObject\",\"inLanguage\":\"fr-FR\",\"@id\":\"https:\/\/bierger.remich.lu\/de\/#\/schema\/person\/image\/\",\"url\":\"https:\/\/secure.gravatar.com\/avatar\/929f45c18759f15bc69ebb2c989dc3f1733d348e81e97f979f32017e6ca077ee?s=96&d=mm&r=g\",\"contentUrl\":\"https:\/\/secure.gravatar.com\/avatar\/929f45c18759f15bc69ebb2c989dc3f1733d348e81e97f979f32017e6ca077ee?s=96&d=mm&r=g\",\"caption\":\"murielkayser\"},\"url\":\"#\"}]}<\/script>\n<!-- \/ Yoast SEO plugin. -->","yoast_head_json":{"title":"28.03.2024 | Soir\u00e9e d'information \"R\u00e9am\u00e9nagement de la N10\" - Ville de Remich","robots":{"index":"index","follow":"follow","max-snippet":"max-snippet:-1","max-image-preview":"max-image-preview:large","max-video-preview":"max-video-preview:-1"},"canonical":"https:\/\/bierger.remich.lu\/fr\/2024\/03\/20\/28-03-2024-informationsversammlung-arbeiten-an-der-n10\/","og_locale":"fr_FR","og_type":"article","og_title":"28.03.2024 | Soir\u00e9e d'information \"R\u00e9am\u00e9nagement de la N10\" - Ville de Remich","og_description":"Le coll\u00e8ge \u00e9chevinal de la Ville de Remich invite les habitant(e)s \u00e0 une r\u00e9union\u00a0 d\u2019information sur le r\u00e9am\u00e9nagement de la N10 dans le cadre de la 1re phase du renouvellement de l\u2019Esplanade. Quand : Le jeudi, 28 mars 2024 \u00e0 19:00 heures au CEFOS\u00a0 (12, rue du Ch\u00e2teau). Une traduction simultan\u00e9e en fran\u00e7ais et anglais... Lire la suite \u00bb","og_url":"https:\/\/bierger.remich.lu\/fr\/2024\/03\/20\/28-03-2024-informationsversammlung-arbeiten-an-der-n10\/","og_site_name":"Ville de Remich","article_published_time":"2024-03-20T07:00:11+00:00","author":"murielkayser","twitter_card":"summary_large_image","twitter_misc":{"\u00c9crit par":"murielkayser","Dur\u00e9e de lecture estim\u00e9e":"2 minutes"},"schema":{"@context":"https:\/\/schema.org","@graph":[{"@type":"Article","@id":"https:\/\/bierger.remich.lu\/fr\/2024\/03\/20\/28-03-2024-informationsversammlung-arbeiten-an-der-n10\/#article","isPartOf":{"@id":"https:\/\/bierger.remich.lu\/fr\/2024\/03\/20\/28-03-2024-informationsversammlung-arbeiten-an-der-n10\/"},"author":{"name":"murielkayser","@id":"https:\/\/bierger.remich.lu\/de\/#\/schema\/person\/5babce1f1102bf4d794591f52f77f7ac"},"headline":"28.03.2024 | Soir\u00e9e d&rsquo;information \u00ab\u00a0R\u00e9am\u00e9nagement de la N10&Prime;","datePublished":"2024-03-20T07:00:11+00:00","mainEntityOfPage":{"@id":"https:\/\/bierger.remich.lu\/fr\/2024\/03\/20\/28-03-2024-informationsversammlung-arbeiten-an-der-n10\/"},"wordCount":392,"commentCount":0,"articleSection":["Uncategorized"],"inLanguage":"fr-FR","potentialAction":[{"@type":"CommentAction","name":"Comment","target":["https:\/\/bierger.remich.lu\/fr\/2024\/03\/20\/28-03-2024-informationsversammlung-arbeiten-an-der-n10\/#respond"]}]},{"@type":"WebPage","@id":"https:\/\/bierger.remich.lu\/fr\/2024\/03\/20\/28-03-2024-informationsversammlung-arbeiten-an-der-n10\/","url":"https:\/\/bierger.remich.lu\/fr\/2024\/03\/20\/28-03-2024-informationsversammlung-arbeiten-an-der-n10\/","name":"28.03.2024 | Soir\u00e9e d'information \"R\u00e9am\u00e9nagement de la N10\" - Ville de Remich","isPartOf":{"@id":"https:\/\/bierger.remich.lu\/de\/#website"},"datePublished":"2024-03-20T07:00:11+00:00","author":{"@id":"https:\/\/bierger.remich.lu\/de\/#\/schema\/person\/5babce1f1102bf4d794591f52f77f7ac"},"breadcrumb":{"@id":"https:\/\/bierger.remich.lu\/fr\/2024\/03\/20\/28-03-2024-informationsversammlung-arbeiten-an-der-n10\/#breadcrumb"},"inLanguage":"fr-FR","potentialAction":[{"@type":"ReadAction","target":["https:\/\/bierger.remich.lu\/fr\/2024\/03\/20\/28-03-2024-informationsversammlung-arbeiten-an-der-n10\/"]}]},{"@type":"BreadcrumbList","@id":"https:\/\/bierger.remich.lu\/fr\/2024\/03\/20\/28-03-2024-informationsversammlung-arbeiten-an-der-n10\/#breadcrumb","itemListElement":[{"@type":"ListItem","position":1,"name":"Startseite","item":"https:\/\/bierger.remich.lu\/de\/"},{"@type":"ListItem","position":2,"name":"28.03.2024 | Soir\u00e9e d&rsquo;information \u00ab\u00a0R\u00e9am\u00e9nagement de la N10\u00a0\u00bb"}]},{"@type":"WebSite","@id":"https:\/\/bierger.remich.lu\/de\/#website","url":"https:\/\/bierger.remich.lu\/de\/","name":"Ville de Remich","description":"","potentialAction":[{"@type":"SearchAction","target":{"@type":"EntryPoint","urlTemplate":"https:\/\/bierger.remich.lu\/de\/?s={search_term_string}"},"query-input":{"@type":"PropertyValueSpecification","valueRequired":true,"valueName":"search_term_string"}}],"inLanguage":"fr-FR"},{"@type":"Person","@id":"https:\/\/bierger.remich.lu\/de\/#\/schema\/person\/5babce1f1102bf4d794591f52f77f7ac","name":"murielkayser","image":{"@type":"ImageObject","inLanguage":"fr-FR","@id":"https:\/\/bierger.remich.lu\/de\/#\/schema\/person\/image\/","url":"https:\/\/secure.gravatar.com\/avatar\/929f45c18759f15bc69ebb2c989dc3f1733d348e81e97f979f32017e6ca077ee?s=96&d=mm&r=g","contentUrl":"https:\/\/secure.gravatar.com\/avatar\/929f45c18759f15bc69ebb2c989dc3f1733d348e81e97f979f32017e6ca077ee?s=96&d=mm&r=g","caption":"murielkayser"},"url":"#"}]}},"_links":{"self":[{"href":"https:\/\/bierger.remich.lu\/fr\/wp-json\/wp\/v2\/posts\/13821","targetHints":{"allow":["GET"]}}],"collection":[{"href":"https:\/\/bierger.remich.lu\/fr\/wp-json\/wp\/v2\/posts"}],"about":[{"href":"https:\/\/bierger.remich.lu\/fr\/wp-json\/wp\/v2\/types\/post"}],"author":[{"embeddable":true,"href":"https:\/\/bierger.remich.lu\/fr\/wp-json\/wp\/v2\/users\/4"}],"replies":[{"embeddable":true,"href":"https:\/\/bierger.remich.lu\/fr\/wp-json\/wp\/v2\/comments?post=13821"}],"version-history":[{"count":1,"href":"https:\/\/bierger.remich.lu\/fr\/wp-json\/wp\/v2\/posts\/13821\/revisions"}],"predecessor-version":[{"id":13822,"href":"https:\/\/bierger.remich.lu\/fr\/wp-json\/wp\/v2\/posts\/13821\/revisions\/13822"}],"wp:attachment":[{"href":"https:\/\/bierger.remich.lu\/fr\/wp-json\/wp\/v2\/media?parent=13821"}],"wp:term":[{"taxonomy":"category","embeddable":true,"href":"https:\/\/bierger.remich.lu\/fr\/wp-json\/wp\/v2\/categories?post=13821"},{"taxonomy":"post_tag","embeddable":true,"href":"https:\/\/bierger.remich.lu\/fr\/wp-json\/wp\/v2\/tags?post=13821"}],"curies":[{"name":"wp","href":"https:\/\/api.w.org\/{rel}","templated":true}]}}