{"id":14380,"date":"2024-06-24T07:30:37","date_gmt":"2024-06-24T05:30:37","guid":{"rendered":"https:\/\/bierger.remich.lu\/?p=14380"},"modified":"2024-08-07T09:30:17","modified_gmt":"2024-08-07T07:30:17","slug":"wir-ziehen-um-neue-adresse-der-gemeindeverwaltung-ab-dem-23-07-2024","status":"publish","type":"post","link":"https:\/\/bierger.remich.lu\/fr\/2024\/06\/24\/wir-ziehen-um-neue-adresse-der-gemeindeverwaltung-ab-dem-23-07-2024\/","title":{"rendered":"Nous d\u00e9m\u00e9nageons | Nouvelle adresse des services communaux \u00e0pd 23.07.2024"},"content":{"rendered":"<div class=\"\" data-block=\"true\" data-editor=\"428lc\" data-offset-key=\"fccdd-0-0\">\n<div data-offset-key=\"fccdd-0-0\"><span data-offset-key=\"ekkrh-0-0\"><img loading=\"lazy\" decoding=\"async\" class=\"wp-image-14382 size-large alignnone\" src=\"https:\/\/bierger.remich.lu\/wp-content\/uploads\/sites\/3\/2024\/06\/016-0124010-VillRemich-Demenagement-commune-FB-Cover-2-02-1024x379.jpg\" alt=\"\" width=\"1024\" height=\"379\" srcset=\"https:\/\/bierger.remich.lu\/wp-content\/uploads\/sites\/3\/2024\/06\/016-0124010-VillRemich-Demenagement-commune-FB-Cover-2-02-1024x379.jpg 1024w, https:\/\/bierger.remich.lu\/wp-content\/uploads\/sites\/3\/2024\/06\/016-0124010-VillRemich-Demenagement-commune-FB-Cover-2-02-300x111.jpg 300w, https:\/\/bierger.remich.lu\/wp-content\/uploads\/sites\/3\/2024\/06\/016-0124010-VillRemich-Demenagement-commune-FB-Cover-2-02.jpg 1773w\" sizes=\"auto, (max-width: 1024px) 100vw, 1024px\" \/><\/span><\/div>\n<div data-offset-key=\"fccdd-0-0\"><\/div>\n<div class=\"_1mf _1mj\" data-offset-key=\"fccdd-0-0\"><span data-offset-key=\"fccdd-0-0\">Pour la dur\u00e9e des travaux de r\u00e9am\u00e9nagement de l\u2019H\u00f4tel de Ville, les services de la Ville de Remich d\u00e9m\u00e9nageront 50 m plus loin au num\u00e9ro 6, rue Enz (ancien b\u00e2timent BIL).<\/span><\/div>\n<div data-offset-key=\"fccdd-0-0\"><\/div>\n<div class=\"_1mf _1mj\" data-offset-key=\"fccdd-0-0\"><strong><span style=\"color: #ff0000\">Nos services ne seront pas accessibles du 19 au 22 juillet 2024 inclus.\u00a0<\/span> <\/strong><\/div>\n<\/div>\n<div class=\"\" data-block=\"true\" data-editor=\"428lc\" data-offset-key=\"9e1bb-0-0\">\n<div data-offset-key=\"9e1bb-0-0\"><\/div>\n<div class=\"_1mf _1mj\" data-offset-key=\"9e1bb-0-0\"><span data-offset-key=\"9e1bb-0-0\">\u00c0 partir du 23 juillet 2024 nous vous accueillons \u00e0 la nouvelle adresse !<\/span><\/div>\n<\/div>\n<div class=\"\" data-block=\"true\" data-editor=\"428lc\" data-offset-key=\"ddo81-0-0\"><\/div>\n<div class=\"\" data-block=\"true\" data-editor=\"428lc\" data-offset-key=\"40q3e-0-0\">\n<div class=\"_1mf _1mj\" data-offset-key=\"40q3e-0-0\"><\/div>\n<\/div>","protected":false},"excerpt":{"rendered":"<p>Pour la dur\u00e9e des travaux de r\u00e9am\u00e9nagement de l\u2019H\u00f4tel de Ville, les services de la Ville de Remich d\u00e9m\u00e9nageront 50 m plus loin au num\u00e9ro 6, rue Enz (ancien b\u00e2timent BIL). Nos services ne seront pas accessibles du 19 au 22 juillet 2024 inclus.\u00a0 \u00c0 partir du 23 juillet 2024 nous vous accueillons \u00e0 la&#8230;  <a class=\"excerpt-read-more\" href=\"https:\/\/bierger.remich.lu\/fr\/2024\/06\/24\/wir-ziehen-um-neue-adresse-der-gemeindeverwaltung-ab-dem-23-07-2024\/\" title=\"ReadNous d\u00e9m\u00e9nageons | Nouvelle adresse des services communaux \u00e0pd 23.07.2024\">Lire la suite \u00bb<\/a><\/p>\n","protected":false},"author":4,"featured_media":0,"comment_status":"open","ping_status":"open","sticky":false,"template":"","format":"standard","meta":{"_acf_changed":false,"xn-wppe-expiration":[],"xn-wppe-expiration-action":[],"xn-wppe-expiration-prefix":[],"footnotes":"","_links_to":"","_links_to_target":""},"categories":[1],"tags":[],"class_list":["post-14380","post","type-post","status-publish","format-standard","hentry","category-news"],"acf":[],"yoast_head":"<!-- This site is optimized with the Yoast SEO plugin v26.7 - https:\/\/yoast.com\/wordpress\/plugins\/seo\/ -->\n<title>Nous d\u00e9m\u00e9nageons | Nouvelle adresse des services communaux \u00e0pd 23.07.2024 - Ville de Remich<\/title>\n<meta name=\"robots\" content=\"index, follow, max-snippet:-1, max-image-preview:large, max-video-preview:-1\" \/>\n<link rel=\"canonical\" href=\"https:\/\/bierger.remich.lu\/en\/2024\/06\/24\/wir-ziehen-um-neue-adresse-der-gemeindeverwaltung-ab-dem-23-07-2024\/\" \/>\n<meta property=\"og:locale\" content=\"fr_FR\" \/>\n<meta property=\"og:type\" content=\"article\" \/>\n<meta property=\"og:title\" content=\"Nous d\u00e9m\u00e9nageons | Nouvelle adresse des services communaux \u00e0pd 23.07.2024 - Ville de Remich\" \/>\n<meta property=\"og:description\" content=\"Pour la dur\u00e9e des travaux de r\u00e9am\u00e9nagement de l\u2019H\u00f4tel de Ville, les services de la Ville de Remich d\u00e9m\u00e9nageront 50 m plus loin au num\u00e9ro 6, rue Enz (ancien b\u00e2timent BIL). Nos services ne seront pas accessibles du 19 au 22 juillet 2024 inclus.\u00a0 \u00c0 partir du 23 juillet 2024 nous vous accueillons \u00e0 la... Lire la suite \u00bb\" \/>\n<meta property=\"og:url\" content=\"https:\/\/bierger.remich.lu\/en\/2024\/06\/24\/wir-ziehen-um-neue-adresse-der-gemeindeverwaltung-ab-dem-23-07-2024\/\" \/>\n<meta property=\"og:site_name\" content=\"Ville de Remich\" \/>\n<meta property=\"article:published_time\" content=\"2024-06-24T05:30:37+00:00\" \/>\n<meta property=\"article:modified_time\" content=\"2024-08-07T07:30:17+00:00\" \/>\n<meta property=\"og:image\" content=\"https:\/\/bierger.remich.lu\/wp-content\/uploads\/sites\/3\/2024\/06\/016-0124010-VillRemich-Demenagement-commune-FB-Cover-2-02-1024x379.jpg\" \/>\n<meta name=\"author\" content=\"murielkayser\" \/>\n<meta name=\"twitter:card\" content=\"summary_large_image\" \/>\n<meta name=\"twitter:label1\" content=\"\u00c9crit par\" \/>\n\t<meta name=\"twitter:data1\" content=\"murielkayser\" \/>\n\t<meta name=\"twitter:label2\" content=\"Dur\u00e9e de lecture estim\u00e9e\" \/>\n\t<meta name=\"twitter:data2\" content=\"1 minute\" \/>\n<script type=\"application\/ld+json\" class=\"yoast-schema-graph\">{\"@context\":\"https:\/\/schema.org\",\"@graph\":[{\"@type\":\"Article\",\"@id\":\"https:\/\/bierger.remich.lu\/en\/2024\/06\/24\/wir-ziehen-um-neue-adresse-der-gemeindeverwaltung-ab-dem-23-07-2024\/#article\",\"isPartOf\":{\"@id\":\"https:\/\/bierger.remich.lu\/en\/2024\/06\/24\/wir-ziehen-um-neue-adresse-der-gemeindeverwaltung-ab-dem-23-07-2024\/\"},\"author\":{\"name\":\"murielkayser\",\"@id\":\"https:\/\/bierger.remich.lu\/de\/#\/schema\/person\/5babce1f1102bf4d794591f52f77f7ac\"},\"headline\":\"Nous d\u00e9m\u00e9nageons | Nouvelle adresse des services communaux \u00e0pd 23.07.2024\",\"datePublished\":\"2024-06-24T05:30:37+00:00\",\"dateModified\":\"2024-08-07T07:30:17+00:00\",\"mainEntityOfPage\":{\"@id\":\"https:\/\/bierger.remich.lu\/en\/2024\/06\/24\/wir-ziehen-um-neue-adresse-der-gemeindeverwaltung-ab-dem-23-07-2024\/\"},\"wordCount\":253,\"commentCount\":0,\"image\":{\"@id\":\"https:\/\/bierger.remich.lu\/en\/2024\/06\/24\/wir-ziehen-um-neue-adresse-der-gemeindeverwaltung-ab-dem-23-07-2024\/#primaryimage\"},\"thumbnailUrl\":\"https:\/\/bierger.remich.lu\/wp-content\/uploads\/sites\/3\/2024\/06\/016-0124010-VillRemich-Demenagement-commune-FB-Cover-2-02-1024x379.jpg\",\"articleSection\":[\"Uncategorized\"],\"inLanguage\":\"fr-FR\",\"potentialAction\":[{\"@type\":\"CommentAction\",\"name\":\"Comment\",\"target\":[\"https:\/\/bierger.remich.lu\/en\/2024\/06\/24\/wir-ziehen-um-neue-adresse-der-gemeindeverwaltung-ab-dem-23-07-2024\/#respond\"]}]},{\"@type\":\"WebPage\",\"@id\":\"https:\/\/bierger.remich.lu\/en\/2024\/06\/24\/wir-ziehen-um-neue-adresse-der-gemeindeverwaltung-ab-dem-23-07-2024\/\",\"url\":\"https:\/\/bierger.remich.lu\/en\/2024\/06\/24\/wir-ziehen-um-neue-adresse-der-gemeindeverwaltung-ab-dem-23-07-2024\/\",\"name\":\"Nous d\u00e9m\u00e9nageons | Nouvelle adresse des services communaux \u00e0pd 23.07.2024 - Ville de Remich\",\"isPartOf\":{\"@id\":\"https:\/\/bierger.remich.lu\/de\/#website\"},\"primaryImageOfPage\":{\"@id\":\"https:\/\/bierger.remich.lu\/en\/2024\/06\/24\/wir-ziehen-um-neue-adresse-der-gemeindeverwaltung-ab-dem-23-07-2024\/#primaryimage\"},\"image\":{\"@id\":\"https:\/\/bierger.remich.lu\/en\/2024\/06\/24\/wir-ziehen-um-neue-adresse-der-gemeindeverwaltung-ab-dem-23-07-2024\/#primaryimage\"},\"thumbnailUrl\":\"https:\/\/bierger.remich.lu\/wp-content\/uploads\/sites\/3\/2024\/06\/016-0124010-VillRemich-Demenagement-commune-FB-Cover-2-02-1024x379.jpg\",\"datePublished\":\"2024-06-24T05:30:37+00:00\",\"dateModified\":\"2024-08-07T07:30:17+00:00\",\"author\":{\"@id\":\"https:\/\/bierger.remich.lu\/de\/#\/schema\/person\/5babce1f1102bf4d794591f52f77f7ac\"},\"breadcrumb\":{\"@id\":\"https:\/\/bierger.remich.lu\/en\/2024\/06\/24\/wir-ziehen-um-neue-adresse-der-gemeindeverwaltung-ab-dem-23-07-2024\/#breadcrumb\"},\"inLanguage\":\"fr-FR\",\"potentialAction\":[{\"@type\":\"ReadAction\",\"target\":[\"https:\/\/bierger.remich.lu\/en\/2024\/06\/24\/wir-ziehen-um-neue-adresse-der-gemeindeverwaltung-ab-dem-23-07-2024\/\"]}]},{\"@type\":\"ImageObject\",\"inLanguage\":\"fr-FR\",\"@id\":\"https:\/\/bierger.remich.lu\/en\/2024\/06\/24\/wir-ziehen-um-neue-adresse-der-gemeindeverwaltung-ab-dem-23-07-2024\/#primaryimage\",\"url\":\"https:\/\/bierger.remich.lu\/wp-content\/uploads\/sites\/3\/2024\/06\/016-0124010-VillRemich-Demenagement-commune-FB-Cover-2-02-1024x379.jpg\",\"contentUrl\":\"https:\/\/bierger.remich.lu\/wp-content\/uploads\/sites\/3\/2024\/06\/016-0124010-VillRemich-Demenagement-commune-FB-Cover-2-02-1024x379.jpg\"},{\"@type\":\"BreadcrumbList\",\"@id\":\"https:\/\/bierger.remich.lu\/en\/2024\/06\/24\/wir-ziehen-um-neue-adresse-der-gemeindeverwaltung-ab-dem-23-07-2024\/#breadcrumb\",\"itemListElement\":[{\"@type\":\"ListItem\",\"position\":1,\"name\":\"Startseite\",\"item\":\"https:\/\/bierger.remich.lu\/de\/\"},{\"@type\":\"ListItem\",\"position\":2,\"name\":\"We are moving | New adress of the city town hall as of 23.07.2024\"}]},{\"@type\":\"WebSite\",\"@id\":\"https:\/\/bierger.remich.lu\/de\/#website\",\"url\":\"https:\/\/bierger.remich.lu\/de\/\",\"name\":\"Ville de Remich\",\"description\":\"\",\"potentialAction\":[{\"@type\":\"SearchAction\",\"target\":{\"@type\":\"EntryPoint\",\"urlTemplate\":\"https:\/\/bierger.remich.lu\/de\/?s={search_term_string}\"},\"query-input\":{\"@type\":\"PropertyValueSpecification\",\"valueRequired\":true,\"valueName\":\"search_term_string\"}}],\"inLanguage\":\"fr-FR\"},{\"@type\":\"Person\",\"@id\":\"https:\/\/bierger.remich.lu\/de\/#\/schema\/person\/5babce1f1102bf4d794591f52f77f7ac\",\"name\":\"murielkayser\",\"image\":{\"@type\":\"ImageObject\",\"inLanguage\":\"fr-FR\",\"@id\":\"https:\/\/bierger.remich.lu\/de\/#\/schema\/person\/image\/\",\"url\":\"https:\/\/secure.gravatar.com\/avatar\/929f45c18759f15bc69ebb2c989dc3f1733d348e81e97f979f32017e6ca077ee?s=96&d=mm&r=g\",\"contentUrl\":\"https:\/\/secure.gravatar.com\/avatar\/929f45c18759f15bc69ebb2c989dc3f1733d348e81e97f979f32017e6ca077ee?s=96&d=mm&r=g\",\"caption\":\"murielkayser\"},\"url\":\"#\"}]}<\/script>\n<!-- \/ Yoast SEO plugin. -->","yoast_head_json":{"title":"Nous d\u00e9m\u00e9nageons | Nouvelle adresse des services communaux \u00e0pd 23.07.2024 - Ville de Remich","robots":{"index":"index","follow":"follow","max-snippet":"max-snippet:-1","max-image-preview":"max-image-preview:large","max-video-preview":"max-video-preview:-1"},"canonical":"https:\/\/bierger.remich.lu\/en\/2024\/06\/24\/wir-ziehen-um-neue-adresse-der-gemeindeverwaltung-ab-dem-23-07-2024\/","og_locale":"fr_FR","og_type":"article","og_title":"Nous d\u00e9m\u00e9nageons | Nouvelle adresse des services communaux \u00e0pd 23.07.2024 - Ville de Remich","og_description":"Pour la dur\u00e9e des travaux de r\u00e9am\u00e9nagement de l\u2019H\u00f4tel de Ville, les services de la Ville de Remich d\u00e9m\u00e9nageront 50 m plus loin au num\u00e9ro 6, rue Enz (ancien b\u00e2timent BIL). Nos services ne seront pas accessibles du 19 au 22 juillet 2024 inclus.\u00a0 \u00c0 partir du 23 juillet 2024 nous vous accueillons \u00e0 la... Lire la suite \u00bb","og_url":"https:\/\/bierger.remich.lu\/en\/2024\/06\/24\/wir-ziehen-um-neue-adresse-der-gemeindeverwaltung-ab-dem-23-07-2024\/","og_site_name":"Ville de Remich","article_published_time":"2024-06-24T05:30:37+00:00","article_modified_time":"2024-08-07T07:30:17+00:00","og_image":[{"url":"https:\/\/bierger.remich.lu\/wp-content\/uploads\/sites\/3\/2024\/06\/016-0124010-VillRemich-Demenagement-commune-FB-Cover-2-02-1024x379.jpg","type":"","width":"","height":""}],"author":"murielkayser","twitter_card":"summary_large_image","twitter_misc":{"\u00c9crit par":"murielkayser","Dur\u00e9e de lecture estim\u00e9e":"1 minute"},"schema":{"@context":"https:\/\/schema.org","@graph":[{"@type":"Article","@id":"https:\/\/bierger.remich.lu\/en\/2024\/06\/24\/wir-ziehen-um-neue-adresse-der-gemeindeverwaltung-ab-dem-23-07-2024\/#article","isPartOf":{"@id":"https:\/\/bierger.remich.lu\/en\/2024\/06\/24\/wir-ziehen-um-neue-adresse-der-gemeindeverwaltung-ab-dem-23-07-2024\/"},"author":{"name":"murielkayser","@id":"https:\/\/bierger.remich.lu\/de\/#\/schema\/person\/5babce1f1102bf4d794591f52f77f7ac"},"headline":"Nous d\u00e9m\u00e9nageons | Nouvelle adresse des services communaux \u00e0pd 23.07.2024","datePublished":"2024-06-24T05:30:37+00:00","dateModified":"2024-08-07T07:30:17+00:00","mainEntityOfPage":{"@id":"https:\/\/bierger.remich.lu\/en\/2024\/06\/24\/wir-ziehen-um-neue-adresse-der-gemeindeverwaltung-ab-dem-23-07-2024\/"},"wordCount":253,"commentCount":0,"image":{"@id":"https:\/\/bierger.remich.lu\/en\/2024\/06\/24\/wir-ziehen-um-neue-adresse-der-gemeindeverwaltung-ab-dem-23-07-2024\/#primaryimage"},"thumbnailUrl":"https:\/\/bierger.remich.lu\/wp-content\/uploads\/sites\/3\/2024\/06\/016-0124010-VillRemich-Demenagement-commune-FB-Cover-2-02-1024x379.jpg","articleSection":["Uncategorized"],"inLanguage":"fr-FR","potentialAction":[{"@type":"CommentAction","name":"Comment","target":["https:\/\/bierger.remich.lu\/en\/2024\/06\/24\/wir-ziehen-um-neue-adresse-der-gemeindeverwaltung-ab-dem-23-07-2024\/#respond"]}]},{"@type":"WebPage","@id":"https:\/\/bierger.remich.lu\/en\/2024\/06\/24\/wir-ziehen-um-neue-adresse-der-gemeindeverwaltung-ab-dem-23-07-2024\/","url":"https:\/\/bierger.remich.lu\/en\/2024\/06\/24\/wir-ziehen-um-neue-adresse-der-gemeindeverwaltung-ab-dem-23-07-2024\/","name":"Nous d\u00e9m\u00e9nageons | Nouvelle adresse des services communaux \u00e0pd 23.07.2024 - Ville de Remich","isPartOf":{"@id":"https:\/\/bierger.remich.lu\/de\/#website"},"primaryImageOfPage":{"@id":"https:\/\/bierger.remich.lu\/en\/2024\/06\/24\/wir-ziehen-um-neue-adresse-der-gemeindeverwaltung-ab-dem-23-07-2024\/#primaryimage"},"image":{"@id":"https:\/\/bierger.remich.lu\/en\/2024\/06\/24\/wir-ziehen-um-neue-adresse-der-gemeindeverwaltung-ab-dem-23-07-2024\/#primaryimage"},"thumbnailUrl":"https:\/\/bierger.remich.lu\/wp-content\/uploads\/sites\/3\/2024\/06\/016-0124010-VillRemich-Demenagement-commune-FB-Cover-2-02-1024x379.jpg","datePublished":"2024-06-24T05:30:37+00:00","dateModified":"2024-08-07T07:30:17+00:00","author":{"@id":"https:\/\/bierger.remich.lu\/de\/#\/schema\/person\/5babce1f1102bf4d794591f52f77f7ac"},"breadcrumb":{"@id":"https:\/\/bierger.remich.lu\/en\/2024\/06\/24\/wir-ziehen-um-neue-adresse-der-gemeindeverwaltung-ab-dem-23-07-2024\/#breadcrumb"},"inLanguage":"fr-FR","potentialAction":[{"@type":"ReadAction","target":["https:\/\/bierger.remich.lu\/en\/2024\/06\/24\/wir-ziehen-um-neue-adresse-der-gemeindeverwaltung-ab-dem-23-07-2024\/"]}]},{"@type":"ImageObject","inLanguage":"fr-FR","@id":"https:\/\/bierger.remich.lu\/en\/2024\/06\/24\/wir-ziehen-um-neue-adresse-der-gemeindeverwaltung-ab-dem-23-07-2024\/#primaryimage","url":"https:\/\/bierger.remich.lu\/wp-content\/uploads\/sites\/3\/2024\/06\/016-0124010-VillRemich-Demenagement-commune-FB-Cover-2-02-1024x379.jpg","contentUrl":"https:\/\/bierger.remich.lu\/wp-content\/uploads\/sites\/3\/2024\/06\/016-0124010-VillRemich-Demenagement-commune-FB-Cover-2-02-1024x379.jpg"},{"@type":"BreadcrumbList","@id":"https:\/\/bierger.remich.lu\/en\/2024\/06\/24\/wir-ziehen-um-neue-adresse-der-gemeindeverwaltung-ab-dem-23-07-2024\/#breadcrumb","itemListElement":[{"@type":"ListItem","position":1,"name":"Startseite","item":"https:\/\/bierger.remich.lu\/de\/"},{"@type":"ListItem","position":2,"name":"We are moving | New adress of the city town hall as of 23.07.2024"}]},{"@type":"WebSite","@id":"https:\/\/bierger.remich.lu\/de\/#website","url":"https:\/\/bierger.remich.lu\/de\/","name":"Ville de Remich","description":"","potentialAction":[{"@type":"SearchAction","target":{"@type":"EntryPoint","urlTemplate":"https:\/\/bierger.remich.lu\/de\/?s={search_term_string}"},"query-input":{"@type":"PropertyValueSpecification","valueRequired":true,"valueName":"search_term_string"}}],"inLanguage":"fr-FR"},{"@type":"Person","@id":"https:\/\/bierger.remich.lu\/de\/#\/schema\/person\/5babce1f1102bf4d794591f52f77f7ac","name":"murielkayser","image":{"@type":"ImageObject","inLanguage":"fr-FR","@id":"https:\/\/bierger.remich.lu\/de\/#\/schema\/person\/image\/","url":"https:\/\/secure.gravatar.com\/avatar\/929f45c18759f15bc69ebb2c989dc3f1733d348e81e97f979f32017e6ca077ee?s=96&d=mm&r=g","contentUrl":"https:\/\/secure.gravatar.com\/avatar\/929f45c18759f15bc69ebb2c989dc3f1733d348e81e97f979f32017e6ca077ee?s=96&d=mm&r=g","caption":"murielkayser"},"url":"#"}]}},"_links":{"self":[{"href":"https:\/\/bierger.remich.lu\/fr\/wp-json\/wp\/v2\/posts\/14380","targetHints":{"allow":["GET"]}}],"collection":[{"href":"https:\/\/bierger.remich.lu\/fr\/wp-json\/wp\/v2\/posts"}],"about":[{"href":"https:\/\/bierger.remich.lu\/fr\/wp-json\/wp\/v2\/types\/post"}],"author":[{"embeddable":true,"href":"https:\/\/bierger.remich.lu\/fr\/wp-json\/wp\/v2\/users\/4"}],"replies":[{"embeddable":true,"href":"https:\/\/bierger.remich.lu\/fr\/wp-json\/wp\/v2\/comments?post=14380"}],"version-history":[{"count":3,"href":"https:\/\/bierger.remich.lu\/fr\/wp-json\/wp\/v2\/posts\/14380\/revisions"}],"predecessor-version":[{"id":14386,"href":"https:\/\/bierger.remich.lu\/fr\/wp-json\/wp\/v2\/posts\/14380\/revisions\/14386"}],"wp:attachment":[{"href":"https:\/\/bierger.remich.lu\/fr\/wp-json\/wp\/v2\/media?parent=14380"}],"wp:term":[{"taxonomy":"category","embeddable":true,"href":"https:\/\/bierger.remich.lu\/fr\/wp-json\/wp\/v2\/categories?post=14380"},{"taxonomy":"post_tag","embeddable":true,"href":"https:\/\/bierger.remich.lu\/fr\/wp-json\/wp\/v2\/tags?post=14380"}],"curies":[{"name":"wp","href":"https:\/\/api.w.org\/{rel}","templated":true}]}}