{"id":15089,"date":"2024-10-23T11:03:43","date_gmt":"2024-10-23T09:03:43","guid":{"rendered":"https:\/\/bierger.remich.lu\/?p=15089"},"modified":"2024-10-23T11:03:43","modified_gmt":"2024-10-23T09:03:43","slug":"klima-agence-tatigkeitsbericht-und-neue-kampagne","status":"publish","type":"post","link":"https:\/\/bierger.remich.lu\/fr\/2024\/10\/23\/klima-agence-tatigkeitsbericht-und-neue-kampagne\/","title":{"rendered":"Klima Agence | Bilan des activit\u00e9s et nouvelle campagne"},"content":{"rendered":"<h2>Bilan des activit\u00e9s<\/h2>\n<p>En date du 15 octobre 2024, Klima Agence a pr\u00e9sent\u00e9 son <strong>bilan de son offre de conseils ind\u00e9pendants et gratuits ainsi que sa nouvelle campagne de sensibilisation \u00e0 la presse. <\/strong><\/p>\n<p>L&#8217;accent \u00e9tait sur les activi\u00e9s au niveau des m\u00e9nages, commune et acteurs professionnels. Avec le but de rendre le sujet du climat et de l&#8217;\u00e9nergie encore plus accessible, elle a \u00e9galement lanc\u00e9e le <strong>concours &#8220;Solar Challenge&#8221;<\/strong> et un <strong>appel \u00e0 projets pour la r\u00e9novation \u00e9nerg\u00e9tique de r\u00e9sidences. <\/strong>Pour plus d&#8217;infos veuillez consulter le <a href=\"https:\/\/bierger.remich.lu\/wp-content\/uploads\/sites\/3\/2024\/10\/Communique-de-presse_20241015_FR.pdf\">communiqu\u00e9 de presse<\/a>.<\/p>\n<h2>Campagne de sensibilisation<\/h2>\n<img loading=\"lazy\" decoding=\"async\" class=\"alignnone wp-image-15091 size-large\" src=\"https:\/\/bierger.remich.lu\/wp-content\/uploads\/sites\/3\/2024\/10\/Klima-Agence_Campagne_oct2024_FR-557x788.png\" alt=\"\" width=\"557\" height=\"788\" srcset=\"https:\/\/bierger.remich.lu\/wp-content\/uploads\/sites\/3\/2024\/10\/Klima-Agence_Campagne_oct2024_FR.png 557w, https:\/\/bierger.remich.lu\/wp-content\/uploads\/sites\/3\/2024\/10\/Klima-Agence_Campagne_oct2024_FR-212x300.png 212w\" sizes=\"auto, (max-width: 557px) 100vw, 557px\" \/>\n<p>But de cette campagne: mettre en \u00e9vidence l&#8217;expertise et l&#8217;offre de support. Pour r\u00e9aliser un projet dans le cadre de la transition \u00e9nerg\u00e9tique il vous faut des conseils sp\u00e9cialis\u00e9s. La Klima Agence soutient tous les acteurs, n&#8217;importe s&#8217;il s&#8217;agit d&#8217;isoler sa maison, de r\u00e9aliser une installation photovolta\u00efque, de chauffer avec des \u00e9nergies renouvelables ou de passer \u00e0 la mobilit\u00e9 \u00e9lectrique.<\/p>\n<h2>Solar Challenge<\/h2>\n<img loading=\"lazy\" decoding=\"async\" class=\"alignnone size-medium wp-image-15090\" src=\"https:\/\/bierger.remich.lu\/wp-content\/uploads\/sites\/3\/2024\/10\/Solar-Challenge_2024-234x151.png\" alt=\"\" width=\"234\" height=\"151\" \/>\n<p>Le &#8220;Solar Challenge&#8221; a pour but d&#8217;augmenter la volont\u00e9 des acteurs (Communes, citoyens ou entreprises) et de le motiver \u00e0 produire plus d&#8217;\u00e9lectricit\u00e9 moyennant l&#8217;\u00e9nergie solaire.<\/p>\n<p>Plus d&#8217;informations : <a href=\"https:\/\/solarchallenge.lu\/\">solarchallenge.lu<\/a>","protected":false},"excerpt":{"rendered":"<p>Bilan des activit\u00e9s En date du 15 octobre 2024, Klima Agence a pr\u00e9sent\u00e9 son bilan de son offre de conseils ind\u00e9pendants et gratuits ainsi que sa nouvelle campagne de sensibilisation \u00e0 la presse. L&#8217;accent \u00e9tait sur les activi\u00e9s au niveau des m\u00e9nages, commune et acteurs professionnels. Avec le but de rendre le sujet du climat&#8230;  <a class=\"excerpt-read-more\" href=\"https:\/\/bierger.remich.lu\/fr\/2024\/10\/23\/klima-agence-tatigkeitsbericht-und-neue-kampagne\/\" title=\"ReadKlima Agence | Bilan des activit\u00e9s et nouvelle campagne\">Lire la suite \u00bb<\/a><\/p>\n","protected":false},"author":4,"featured_media":0,"comment_status":"open","ping_status":"open","sticky":false,"template":"","format":"standard","meta":{"_acf_changed":false,"xn-wppe-expiration":[],"xn-wppe-expiration-action":[],"xn-wppe-expiration-prefix":[],"footnotes":"","_links_to":"","_links_to_target":""},"categories":[1],"tags":[],"class_list":["post-15089","post","type-post","status-publish","format-standard","hentry","category-news","keyword-energie","keyword-klima-agence","keyword-mobilitat","keyword-eau"],"acf":[],"yoast_head":"<!-- This site is optimized with the Yoast SEO plugin v26.7 - https:\/\/yoast.com\/wordpress\/plugins\/seo\/ -->\n<title>Klima Agence | Bilan des activit\u00e9s et nouvelle campagne - Ville de Remich<\/title>\n<meta name=\"robots\" content=\"index, follow, max-snippet:-1, max-image-preview:large, max-video-preview:-1\" \/>\n<link rel=\"canonical\" href=\"https:\/\/bierger.remich.lu\/de\/2024\/10\/23\/klima-agence-tatigkeitsbericht-und-neue-kampagne\/\" \/>\n<meta property=\"og:locale\" content=\"fr_FR\" \/>\n<meta property=\"og:type\" content=\"article\" \/>\n<meta property=\"og:title\" content=\"Klima Agence | Bilan des activit\u00e9s et nouvelle campagne - Ville de Remich\" \/>\n<meta property=\"og:description\" content=\"Bilan des activit\u00e9s En date du 15 octobre 2024, Klima Agence a pr\u00e9sent\u00e9 son bilan de son offre de conseils ind\u00e9pendants et gratuits ainsi que sa nouvelle campagne de sensibilisation \u00e0 la presse. L&#8217;accent \u00e9tait sur les activi\u00e9s au niveau des m\u00e9nages, commune et acteurs professionnels. Avec le but de rendre le sujet du climat... Lire la suite \u00bb\" \/>\n<meta property=\"og:url\" content=\"https:\/\/bierger.remich.lu\/de\/2024\/10\/23\/klima-agence-tatigkeitsbericht-und-neue-kampagne\/\" \/>\n<meta property=\"og:site_name\" content=\"Ville de Remich\" \/>\n<meta property=\"article:published_time\" content=\"2024-10-23T09:03:43+00:00\" \/>\n<meta property=\"og:image\" content=\"https:\/\/bierger.remich.lu\/wp-content\/uploads\/sites\/3\/2024\/10\/Klima-Agence_Campagne_oct2024_LUX-557x788.png\" \/>\n<meta name=\"author\" content=\"murielkayser\" \/>\n<meta name=\"twitter:card\" content=\"summary_large_image\" \/>\n<meta name=\"twitter:label1\" content=\"\u00c9crit par\" \/>\n\t<meta name=\"twitter:data1\" content=\"murielkayser\" \/>\n\t<meta name=\"twitter:label2\" content=\"Dur\u00e9e de lecture estim\u00e9e\" \/>\n\t<meta name=\"twitter:data2\" content=\"4 minutes\" \/>\n<script type=\"application\/ld+json\" class=\"yoast-schema-graph\">{\"@context\":\"https:\/\/schema.org\",\"@graph\":[{\"@type\":\"Article\",\"@id\":\"https:\/\/bierger.remich.lu\/de\/2024\/10\/23\/klima-agence-tatigkeitsbericht-und-neue-kampagne\/#article\",\"isPartOf\":{\"@id\":\"https:\/\/bierger.remich.lu\/de\/2024\/10\/23\/klima-agence-tatigkeitsbericht-und-neue-kampagne\/\"},\"author\":{\"name\":\"murielkayser\",\"@id\":\"https:\/\/bierger.remich.lu\/de\/#\/schema\/person\/5babce1f1102bf4d794591f52f77f7ac\"},\"headline\":\"Klima Agence | Bilan des activit\u00e9s et nouvelle campagne\",\"datePublished\":\"2024-10-23T09:03:43+00:00\",\"mainEntityOfPage\":{\"@id\":\"https:\/\/bierger.remich.lu\/de\/2024\/10\/23\/klima-agence-tatigkeitsbericht-und-neue-kampagne\/\"},\"wordCount\":828,\"commentCount\":0,\"image\":{\"@id\":\"https:\/\/bierger.remich.lu\/de\/2024\/10\/23\/klima-agence-tatigkeitsbericht-und-neue-kampagne\/#primaryimage\"},\"thumbnailUrl\":\"https:\/\/bierger.remich.lu\/wp-content\/uploads\/sites\/3\/2024\/10\/Klima-Agence_Campagne_oct2024_LUX-557x788.png\",\"inLanguage\":\"fr-FR\",\"potentialAction\":[{\"@type\":\"CommentAction\",\"name\":\"Comment\",\"target\":[\"https:\/\/bierger.remich.lu\/de\/2024\/10\/23\/klima-agence-tatigkeitsbericht-und-neue-kampagne\/#respond\"]}]},{\"@type\":\"WebPage\",\"@id\":\"https:\/\/bierger.remich.lu\/de\/2024\/10\/23\/klima-agence-tatigkeitsbericht-und-neue-kampagne\/\",\"url\":\"https:\/\/bierger.remich.lu\/de\/2024\/10\/23\/klima-agence-tatigkeitsbericht-und-neue-kampagne\/\",\"name\":\"Klima Agence | Bilan des activit\u00e9s et nouvelle campagne - Ville de Remich\",\"isPartOf\":{\"@id\":\"https:\/\/bierger.remich.lu\/de\/#website\"},\"primaryImageOfPage\":{\"@id\":\"https:\/\/bierger.remich.lu\/de\/2024\/10\/23\/klima-agence-tatigkeitsbericht-und-neue-kampagne\/#primaryimage\"},\"image\":{\"@id\":\"https:\/\/bierger.remich.lu\/de\/2024\/10\/23\/klima-agence-tatigkeitsbericht-und-neue-kampagne\/#primaryimage\"},\"thumbnailUrl\":\"https:\/\/bierger.remich.lu\/wp-content\/uploads\/sites\/3\/2024\/10\/Klima-Agence_Campagne_oct2024_LUX-557x788.png\",\"datePublished\":\"2024-10-23T09:03:43+00:00\",\"author\":{\"@id\":\"https:\/\/bierger.remich.lu\/de\/#\/schema\/person\/5babce1f1102bf4d794591f52f77f7ac\"},\"breadcrumb\":{\"@id\":\"https:\/\/bierger.remich.lu\/de\/2024\/10\/23\/klima-agence-tatigkeitsbericht-und-neue-kampagne\/#breadcrumb\"},\"inLanguage\":\"fr-FR\",\"potentialAction\":[{\"@type\":\"ReadAction\",\"target\":[\"https:\/\/bierger.remich.lu\/de\/2024\/10\/23\/klima-agence-tatigkeitsbericht-und-neue-kampagne\/\"]}]},{\"@type\":\"ImageObject\",\"inLanguage\":\"fr-FR\",\"@id\":\"https:\/\/bierger.remich.lu\/de\/2024\/10\/23\/klima-agence-tatigkeitsbericht-und-neue-kampagne\/#primaryimage\",\"url\":\"https:\/\/bierger.remich.lu\/wp-content\/uploads\/sites\/3\/2024\/10\/Klima-Agence_Campagne_oct2024_LUX-557x788.png\",\"contentUrl\":\"https:\/\/bierger.remich.lu\/wp-content\/uploads\/sites\/3\/2024\/10\/Klima-Agence_Campagne_oct2024_LUX-557x788.png\"},{\"@type\":\"BreadcrumbList\",\"@id\":\"https:\/\/bierger.remich.lu\/de\/2024\/10\/23\/klima-agence-tatigkeitsbericht-und-neue-kampagne\/#breadcrumb\",\"itemListElement\":[{\"@type\":\"ListItem\",\"position\":1,\"name\":\"Startseite\",\"item\":\"https:\/\/bierger.remich.lu\/de\/\"},{\"@type\":\"ListItem\",\"position\":2,\"name\":\"Klima Agence | T\u00e4tigkeitsbericht und neue Kampagne\"}]},{\"@type\":\"WebSite\",\"@id\":\"https:\/\/bierger.remich.lu\/de\/#website\",\"url\":\"https:\/\/bierger.remich.lu\/de\/\",\"name\":\"Ville de Remich\",\"description\":\"\",\"potentialAction\":[{\"@type\":\"SearchAction\",\"target\":{\"@type\":\"EntryPoint\",\"urlTemplate\":\"https:\/\/bierger.remich.lu\/de\/?s={search_term_string}\"},\"query-input\":{\"@type\":\"PropertyValueSpecification\",\"valueRequired\":true,\"valueName\":\"search_term_string\"}}],\"inLanguage\":\"fr-FR\"},{\"@type\":\"Person\",\"@id\":\"https:\/\/bierger.remich.lu\/de\/#\/schema\/person\/5babce1f1102bf4d794591f52f77f7ac\",\"name\":\"murielkayser\",\"image\":{\"@type\":\"ImageObject\",\"inLanguage\":\"fr-FR\",\"@id\":\"https:\/\/bierger.remich.lu\/de\/#\/schema\/person\/image\/\",\"url\":\"https:\/\/secure.gravatar.com\/avatar\/929f45c18759f15bc69ebb2c989dc3f1733d348e81e97f979f32017e6ca077ee?s=96&d=mm&r=g\",\"contentUrl\":\"https:\/\/secure.gravatar.com\/avatar\/929f45c18759f15bc69ebb2c989dc3f1733d348e81e97f979f32017e6ca077ee?s=96&d=mm&r=g\",\"caption\":\"murielkayser\"},\"url\":\"#\"}]}<\/script>\n<!-- \/ Yoast SEO plugin. -->","yoast_head_json":{"title":"Klima Agence | Bilan des activit\u00e9s et nouvelle campagne - Ville de Remich","robots":{"index":"index","follow":"follow","max-snippet":"max-snippet:-1","max-image-preview":"max-image-preview:large","max-video-preview":"max-video-preview:-1"},"canonical":"https:\/\/bierger.remich.lu\/de\/2024\/10\/23\/klima-agence-tatigkeitsbericht-und-neue-kampagne\/","og_locale":"fr_FR","og_type":"article","og_title":"Klima Agence | Bilan des activit\u00e9s et nouvelle campagne - Ville de Remich","og_description":"Bilan des activit\u00e9s En date du 15 octobre 2024, Klima Agence a pr\u00e9sent\u00e9 son bilan de son offre de conseils ind\u00e9pendants et gratuits ainsi que sa nouvelle campagne de sensibilisation \u00e0 la presse. L&#8217;accent \u00e9tait sur les activi\u00e9s au niveau des m\u00e9nages, commune et acteurs professionnels. Avec le but de rendre le sujet du climat... Lire la suite \u00bb","og_url":"https:\/\/bierger.remich.lu\/de\/2024\/10\/23\/klima-agence-tatigkeitsbericht-und-neue-kampagne\/","og_site_name":"Ville de Remich","article_published_time":"2024-10-23T09:03:43+00:00","og_image":[{"url":"https:\/\/bierger.remich.lu\/wp-content\/uploads\/sites\/3\/2024\/10\/Klima-Agence_Campagne_oct2024_LUX-557x788.png","type":"","width":"","height":""}],"author":"murielkayser","twitter_card":"summary_large_image","twitter_misc":{"\u00c9crit par":"murielkayser","Dur\u00e9e de lecture estim\u00e9e":"4 minutes"},"schema":{"@context":"https:\/\/schema.org","@graph":[{"@type":"Article","@id":"https:\/\/bierger.remich.lu\/de\/2024\/10\/23\/klima-agence-tatigkeitsbericht-und-neue-kampagne\/#article","isPartOf":{"@id":"https:\/\/bierger.remich.lu\/de\/2024\/10\/23\/klima-agence-tatigkeitsbericht-und-neue-kampagne\/"},"author":{"name":"murielkayser","@id":"https:\/\/bierger.remich.lu\/de\/#\/schema\/person\/5babce1f1102bf4d794591f52f77f7ac"},"headline":"Klima Agence | Bilan des activit\u00e9s et nouvelle campagne","datePublished":"2024-10-23T09:03:43+00:00","mainEntityOfPage":{"@id":"https:\/\/bierger.remich.lu\/de\/2024\/10\/23\/klima-agence-tatigkeitsbericht-und-neue-kampagne\/"},"wordCount":828,"commentCount":0,"image":{"@id":"https:\/\/bierger.remich.lu\/de\/2024\/10\/23\/klima-agence-tatigkeitsbericht-und-neue-kampagne\/#primaryimage"},"thumbnailUrl":"https:\/\/bierger.remich.lu\/wp-content\/uploads\/sites\/3\/2024\/10\/Klima-Agence_Campagne_oct2024_LUX-557x788.png","inLanguage":"fr-FR","potentialAction":[{"@type":"CommentAction","name":"Comment","target":["https:\/\/bierger.remich.lu\/de\/2024\/10\/23\/klima-agence-tatigkeitsbericht-und-neue-kampagne\/#respond"]}]},{"@type":"WebPage","@id":"https:\/\/bierger.remich.lu\/de\/2024\/10\/23\/klima-agence-tatigkeitsbericht-und-neue-kampagne\/","url":"https:\/\/bierger.remich.lu\/de\/2024\/10\/23\/klima-agence-tatigkeitsbericht-und-neue-kampagne\/","name":"Klima Agence | Bilan des activit\u00e9s et nouvelle campagne - Ville de Remich","isPartOf":{"@id":"https:\/\/bierger.remich.lu\/de\/#website"},"primaryImageOfPage":{"@id":"https:\/\/bierger.remich.lu\/de\/2024\/10\/23\/klima-agence-tatigkeitsbericht-und-neue-kampagne\/#primaryimage"},"image":{"@id":"https:\/\/bierger.remich.lu\/de\/2024\/10\/23\/klima-agence-tatigkeitsbericht-und-neue-kampagne\/#primaryimage"},"thumbnailUrl":"https:\/\/bierger.remich.lu\/wp-content\/uploads\/sites\/3\/2024\/10\/Klima-Agence_Campagne_oct2024_LUX-557x788.png","datePublished":"2024-10-23T09:03:43+00:00","author":{"@id":"https:\/\/bierger.remich.lu\/de\/#\/schema\/person\/5babce1f1102bf4d794591f52f77f7ac"},"breadcrumb":{"@id":"https:\/\/bierger.remich.lu\/de\/2024\/10\/23\/klima-agence-tatigkeitsbericht-und-neue-kampagne\/#breadcrumb"},"inLanguage":"fr-FR","potentialAction":[{"@type":"ReadAction","target":["https:\/\/bierger.remich.lu\/de\/2024\/10\/23\/klima-agence-tatigkeitsbericht-und-neue-kampagne\/"]}]},{"@type":"ImageObject","inLanguage":"fr-FR","@id":"https:\/\/bierger.remich.lu\/de\/2024\/10\/23\/klima-agence-tatigkeitsbericht-und-neue-kampagne\/#primaryimage","url":"https:\/\/bierger.remich.lu\/wp-content\/uploads\/sites\/3\/2024\/10\/Klima-Agence_Campagne_oct2024_LUX-557x788.png","contentUrl":"https:\/\/bierger.remich.lu\/wp-content\/uploads\/sites\/3\/2024\/10\/Klima-Agence_Campagne_oct2024_LUX-557x788.png"},{"@type":"BreadcrumbList","@id":"https:\/\/bierger.remich.lu\/de\/2024\/10\/23\/klima-agence-tatigkeitsbericht-und-neue-kampagne\/#breadcrumb","itemListElement":[{"@type":"ListItem","position":1,"name":"Startseite","item":"https:\/\/bierger.remich.lu\/de\/"},{"@type":"ListItem","position":2,"name":"Klima Agence | T\u00e4tigkeitsbericht und neue Kampagne"}]},{"@type":"WebSite","@id":"https:\/\/bierger.remich.lu\/de\/#website","url":"https:\/\/bierger.remich.lu\/de\/","name":"Ville de Remich","description":"","potentialAction":[{"@type":"SearchAction","target":{"@type":"EntryPoint","urlTemplate":"https:\/\/bierger.remich.lu\/de\/?s={search_term_string}"},"query-input":{"@type":"PropertyValueSpecification","valueRequired":true,"valueName":"search_term_string"}}],"inLanguage":"fr-FR"},{"@type":"Person","@id":"https:\/\/bierger.remich.lu\/de\/#\/schema\/person\/5babce1f1102bf4d794591f52f77f7ac","name":"murielkayser","image":{"@type":"ImageObject","inLanguage":"fr-FR","@id":"https:\/\/bierger.remich.lu\/de\/#\/schema\/person\/image\/","url":"https:\/\/secure.gravatar.com\/avatar\/929f45c18759f15bc69ebb2c989dc3f1733d348e81e97f979f32017e6ca077ee?s=96&d=mm&r=g","contentUrl":"https:\/\/secure.gravatar.com\/avatar\/929f45c18759f15bc69ebb2c989dc3f1733d348e81e97f979f32017e6ca077ee?s=96&d=mm&r=g","caption":"murielkayser"},"url":"#"}]}},"_links":{"self":[{"href":"https:\/\/bierger.remich.lu\/fr\/wp-json\/wp\/v2\/posts\/15089","targetHints":{"allow":["GET"]}}],"collection":[{"href":"https:\/\/bierger.remich.lu\/fr\/wp-json\/wp\/v2\/posts"}],"about":[{"href":"https:\/\/bierger.remich.lu\/fr\/wp-json\/wp\/v2\/types\/post"}],"author":[{"embeddable":true,"href":"https:\/\/bierger.remich.lu\/fr\/wp-json\/wp\/v2\/users\/4"}],"replies":[{"embeddable":true,"href":"https:\/\/bierger.remich.lu\/fr\/wp-json\/wp\/v2\/comments?post=15089"}],"version-history":[{"count":7,"href":"https:\/\/bierger.remich.lu\/fr\/wp-json\/wp\/v2\/posts\/15089\/revisions"}],"predecessor-version":[{"id":15099,"href":"https:\/\/bierger.remich.lu\/fr\/wp-json\/wp\/v2\/posts\/15089\/revisions\/15099"}],"wp:attachment":[{"href":"https:\/\/bierger.remich.lu\/fr\/wp-json\/wp\/v2\/media?parent=15089"}],"wp:term":[{"taxonomy":"category","embeddable":true,"href":"https:\/\/bierger.remich.lu\/fr\/wp-json\/wp\/v2\/categories?post=15089"},{"taxonomy":"post_tag","embeddable":true,"href":"https:\/\/bierger.remich.lu\/fr\/wp-json\/wp\/v2\/tags?post=15089"}],"curies":[{"name":"wp","href":"https:\/\/api.w.org\/{rel}","templated":true}]}}