{"id":16412,"date":"2025-04-03T07:00:38","date_gmt":"2025-04-03T05:00:38","guid":{"rendered":"https:\/\/bierger.remich.lu\/?p=16412"},"modified":"2025-04-08T13:10:15","modified_gmt":"2025-04-08T11:10:15","slug":"baustelle-route-de-luxembourg-verkehr-zufahrt-11-04-2025","status":"publish","type":"post","link":"https:\/\/bierger.remich.lu\/fr\/2025\/04\/03\/baustelle-route-de-luxembourg-verkehr-zufahrt-11-04-2025\/","title":{"rendered":"Chantier route de Luxembourg | Trafic &amp; acc\u00e8s 11.04.2025"},"content":{"rendered":"<h3><strong>Route de Luxembourg: r<\/strong><strong>enouvellement de la couche de roulement<br \/>\n<\/strong><\/h3>\n<p>L&rsquo;Administration des Ponts et Chauss\u00e9es nous a inform\u00e9 qu&rsquo;en raison de travaux sur le rev\u00eatement de la chauss\u00e9e, la <strong>route de Luxembourg sera ferm\u00e9e \u00e0 toute circulation<\/strong> le <strong>11 avril 2025 entre 09h00 et 17h00<\/strong> \u00e0 partir de la maison n\u00b003 et jusqu&rsquo;au carrefour de la route de l&rsquo;Europe (N2).<\/p>\n<img loading=\"lazy\" decoding=\"async\" class=\"alignnone wp-image-16454 size-large\" src=\"https:\/\/bierger.remich.lu\/wp-content\/uploads\/sites\/3\/2025\/04\/A3landscape_update-1024x724.png\" alt=\"\" width=\"1024\" height=\"724\" srcset=\"https:\/\/bierger.remich.lu\/wp-content\/uploads\/sites\/3\/2025\/04\/A3landscape_update-1024x724.png 1024w, https:\/\/bierger.remich.lu\/wp-content\/uploads\/sites\/3\/2025\/04\/A3landscape_update-300x212.png 300w\" sizes=\"auto, (max-width: 1024px) 100vw, 1024px\" \/>\n<p>De plus<\/p>\n<ul>\n<li>le stationnement sera interdit des deux c\u00f4t\u00e9s le long de la route de Luxembourg le 11 avril 2025 \u00e0 partir de 06h00 et jusqu&rsquo;\u00e0 la fin des travaux.<\/li>\n<li>l&rsquo;entr\u00e9e et la sortie aux garages dans la route de Luxembourg ne seront pas possibles pendant la phase de travaux.<\/li>\n<li>les arr\u00eats de bus seront supprim\u00e9s pendant les travaux (transport public &amp; navette municipale).<\/li>\n<\/ul>\n<p>Les riverains sont pri\u00e9s de prendre les mesures n\u00e9cessaires et d&rsquo;informer leurs \u00e9ventuels fournisseurs.<\/p>\n<p><strong>Ma\u00eetre d&rsquo;ouvrage<br \/>\n<\/strong>Administration des Ponts et Chauss\u00e9es<br \/>\nT. (+352) 2846 2200<br \/>\nE. <a href=\"mailto:srrm@pch.etat.lu\">srrm@pch.etat.lu <\/a><\/p>\n<p>Nous vous remercions de votre compr\u00e9hension.","protected":false},"excerpt":{"rendered":"<p>Route de Luxembourg: renouvellement de la couche de roulement L&rsquo;Administration des Ponts et Chauss\u00e9es nous a inform\u00e9 qu&rsquo;en raison de travaux sur le rev\u00eatement de la chauss\u00e9e, la route de Luxembourg sera ferm\u00e9e \u00e0 toute circulation le 11 avril 2025 entre 09h00 et 17h00 \u00e0 partir de la maison n\u00b003 et jusqu&rsquo;au carrefour de la&#8230;  <a class=\"excerpt-read-more\" href=\"https:\/\/bierger.remich.lu\/fr\/2025\/04\/03\/baustelle-route-de-luxembourg-verkehr-zufahrt-11-04-2025\/\" title=\"ReadChantier route de Luxembourg | Trafic &amp; acc\u00e8s 11.04.2025\">Lire la suite \u00bb<\/a><\/p>\n","protected":false},"author":4,"featured_media":0,"comment_status":"open","ping_status":"open","sticky":false,"template":"","format":"standard","meta":{"_acf_changed":false,"xn-wppe-expiration":[],"xn-wppe-expiration-action":[],"xn-wppe-expiration-prefix":[],"footnotes":"","_links_to":"","_links_to_target":""},"categories":[1],"tags":[],"class_list":["post-16412","post","type-post","status-publish","format-standard","hentry","category-news","keyword-chantier"],"acf":[],"yoast_head":"<!-- This site is optimized with the Yoast SEO plugin v26.7 - https:\/\/yoast.com\/wordpress\/plugins\/seo\/ -->\n<title>Chantier route de Luxembourg | Trafic &amp; acc\u00e8s 11.04.2025 - Ville de Remich<\/title>\n<meta name=\"robots\" content=\"index, follow, max-snippet:-1, max-image-preview:large, max-video-preview:-1\" \/>\n<link rel=\"canonical\" href=\"https:\/\/bierger.remich.lu\/lb\/2025\/04\/03\/baustelle-route-de-luxembourg-verkehr-zufahrt-11-04-2025\/\" \/>\n<meta property=\"og:locale\" content=\"fr_FR\" \/>\n<meta property=\"og:type\" content=\"article\" \/>\n<meta property=\"og:title\" content=\"Chantier route de Luxembourg | Trafic &amp; acc\u00e8s 11.04.2025 - Ville de Remich\" \/>\n<meta property=\"og:description\" content=\"Route de Luxembourg: renouvellement de la couche de roulement L&rsquo;Administration des Ponts et Chauss\u00e9es nous a inform\u00e9 qu&rsquo;en raison de travaux sur le rev\u00eatement de la chauss\u00e9e, la route de Luxembourg sera ferm\u00e9e \u00e0 toute circulation le 11 avril 2025 entre 09h00 et 17h00 \u00e0 partir de la maison n\u00b003 et jusqu&rsquo;au carrefour de la... Lire la suite \u00bb\" \/>\n<meta property=\"og:url\" content=\"https:\/\/bierger.remich.lu\/lb\/2025\/04\/03\/baustelle-route-de-luxembourg-verkehr-zufahrt-11-04-2025\/\" \/>\n<meta property=\"og:site_name\" content=\"Ville de Remich\" \/>\n<meta property=\"article:published_time\" content=\"2025-04-03T05:00:38+00:00\" \/>\n<meta property=\"article:modified_time\" content=\"2025-04-08T11:10:15+00:00\" \/>\n<meta property=\"og:image\" content=\"https:\/\/bierger.remich.lu\/wp-content\/uploads\/sites\/3\/2025\/04\/A3landscape_update-1024x724.png\" \/>\n<meta name=\"author\" content=\"murielkayser\" \/>\n<meta name=\"twitter:card\" content=\"summary_large_image\" \/>\n<meta name=\"twitter:label1\" content=\"\u00c9crit par\" \/>\n\t<meta name=\"twitter:data1\" content=\"murielkayser\" \/>\n\t<meta name=\"twitter:label2\" content=\"Dur\u00e9e de lecture estim\u00e9e\" \/>\n\t<meta name=\"twitter:data2\" content=\"3 minutes\" \/>\n<script type=\"application\/ld+json\" class=\"yoast-schema-graph\">{\"@context\":\"https:\/\/schema.org\",\"@graph\":[{\"@type\":\"Article\",\"@id\":\"https:\/\/bierger.remich.lu\/lb\/2025\/04\/03\/baustelle-route-de-luxembourg-verkehr-zufahrt-11-04-2025\/#article\",\"isPartOf\":{\"@id\":\"https:\/\/bierger.remich.lu\/lb\/2025\/04\/03\/baustelle-route-de-luxembourg-verkehr-zufahrt-11-04-2025\/\"},\"author\":{\"name\":\"murielkayser\",\"@id\":\"https:\/\/bierger.remich.lu\/de\/#\/schema\/person\/5babce1f1102bf4d794591f52f77f7ac\"},\"headline\":\"Chantier route de Luxembourg | Trafic &amp; acc\u00e8s 11.04.2025\",\"datePublished\":\"2025-04-03T05:00:38+00:00\",\"dateModified\":\"2025-04-08T11:10:15+00:00\",\"mainEntityOfPage\":{\"@id\":\"https:\/\/bierger.remich.lu\/lb\/2025\/04\/03\/baustelle-route-de-luxembourg-verkehr-zufahrt-11-04-2025\/\"},\"wordCount\":618,\"commentCount\":0,\"image\":{\"@id\":\"https:\/\/bierger.remich.lu\/lb\/2025\/04\/03\/baustelle-route-de-luxembourg-verkehr-zufahrt-11-04-2025\/#primaryimage\"},\"thumbnailUrl\":\"https:\/\/bierger.remich.lu\/wp-content\/uploads\/sites\/3\/2025\/04\/A3landscape_update-1024x724.png\",\"articleSection\":[\"Uncategorized\"],\"inLanguage\":\"fr-FR\",\"potentialAction\":[{\"@type\":\"CommentAction\",\"name\":\"Comment\",\"target\":[\"https:\/\/bierger.remich.lu\/lb\/2025\/04\/03\/baustelle-route-de-luxembourg-verkehr-zufahrt-11-04-2025\/#respond\"]}]},{\"@type\":\"WebPage\",\"@id\":\"https:\/\/bierger.remich.lu\/lb\/2025\/04\/03\/baustelle-route-de-luxembourg-verkehr-zufahrt-11-04-2025\/\",\"url\":\"https:\/\/bierger.remich.lu\/lb\/2025\/04\/03\/baustelle-route-de-luxembourg-verkehr-zufahrt-11-04-2025\/\",\"name\":\"Chantier route de Luxembourg | Trafic &amp; acc\u00e8s 11.04.2025 - Ville de Remich\",\"isPartOf\":{\"@id\":\"https:\/\/bierger.remich.lu\/de\/#website\"},\"primaryImageOfPage\":{\"@id\":\"https:\/\/bierger.remich.lu\/lb\/2025\/04\/03\/baustelle-route-de-luxembourg-verkehr-zufahrt-11-04-2025\/#primaryimage\"},\"image\":{\"@id\":\"https:\/\/bierger.remich.lu\/lb\/2025\/04\/03\/baustelle-route-de-luxembourg-verkehr-zufahrt-11-04-2025\/#primaryimage\"},\"thumbnailUrl\":\"https:\/\/bierger.remich.lu\/wp-content\/uploads\/sites\/3\/2025\/04\/A3landscape_update-1024x724.png\",\"datePublished\":\"2025-04-03T05:00:38+00:00\",\"dateModified\":\"2025-04-08T11:10:15+00:00\",\"author\":{\"@id\":\"https:\/\/bierger.remich.lu\/de\/#\/schema\/person\/5babce1f1102bf4d794591f52f77f7ac\"},\"breadcrumb\":{\"@id\":\"https:\/\/bierger.remich.lu\/lb\/2025\/04\/03\/baustelle-route-de-luxembourg-verkehr-zufahrt-11-04-2025\/#breadcrumb\"},\"inLanguage\":\"fr-FR\",\"potentialAction\":[{\"@type\":\"ReadAction\",\"target\":[\"https:\/\/bierger.remich.lu\/lb\/2025\/04\/03\/baustelle-route-de-luxembourg-verkehr-zufahrt-11-04-2025\/\"]}]},{\"@type\":\"ImageObject\",\"inLanguage\":\"fr-FR\",\"@id\":\"https:\/\/bierger.remich.lu\/lb\/2025\/04\/03\/baustelle-route-de-luxembourg-verkehr-zufahrt-11-04-2025\/#primaryimage\",\"url\":\"https:\/\/bierger.remich.lu\/wp-content\/uploads\/sites\/3\/2025\/04\/A3landscape_update-1024x724.png\",\"contentUrl\":\"https:\/\/bierger.remich.lu\/wp-content\/uploads\/sites\/3\/2025\/04\/A3landscape_update-1024x724.png\"},{\"@type\":\"BreadcrumbList\",\"@id\":\"https:\/\/bierger.remich.lu\/lb\/2025\/04\/03\/baustelle-route-de-luxembourg-verkehr-zufahrt-11-04-2025\/#breadcrumb\",\"itemListElement\":[{\"@type\":\"ListItem\",\"position\":1,\"name\":\"Startseite\",\"item\":\"https:\/\/bierger.remich.lu\/de\/\"},{\"@type\":\"ListItem\",\"position\":2,\"name\":\"Chantier Route de Luxembourg | Traffic &amp; Acc\u00e8s 11.04.2025\"}]},{\"@type\":\"WebSite\",\"@id\":\"https:\/\/bierger.remich.lu\/de\/#website\",\"url\":\"https:\/\/bierger.remich.lu\/de\/\",\"name\":\"Ville de Remich\",\"description\":\"\",\"potentialAction\":[{\"@type\":\"SearchAction\",\"target\":{\"@type\":\"EntryPoint\",\"urlTemplate\":\"https:\/\/bierger.remich.lu\/de\/?s={search_term_string}\"},\"query-input\":{\"@type\":\"PropertyValueSpecification\",\"valueRequired\":true,\"valueName\":\"search_term_string\"}}],\"inLanguage\":\"fr-FR\"},{\"@type\":\"Person\",\"@id\":\"https:\/\/bierger.remich.lu\/de\/#\/schema\/person\/5babce1f1102bf4d794591f52f77f7ac\",\"name\":\"murielkayser\",\"image\":{\"@type\":\"ImageObject\",\"inLanguage\":\"fr-FR\",\"@id\":\"https:\/\/bierger.remich.lu\/de\/#\/schema\/person\/image\/\",\"url\":\"https:\/\/secure.gravatar.com\/avatar\/929f45c18759f15bc69ebb2c989dc3f1733d348e81e97f979f32017e6ca077ee?s=96&d=mm&r=g\",\"contentUrl\":\"https:\/\/secure.gravatar.com\/avatar\/929f45c18759f15bc69ebb2c989dc3f1733d348e81e97f979f32017e6ca077ee?s=96&d=mm&r=g\",\"caption\":\"murielkayser\"},\"url\":\"#\"}]}<\/script>\n<!-- \/ Yoast SEO plugin. -->","yoast_head_json":{"title":"Chantier route de Luxembourg | Trafic &amp; acc\u00e8s 11.04.2025 - Ville de Remich","robots":{"index":"index","follow":"follow","max-snippet":"max-snippet:-1","max-image-preview":"max-image-preview:large","max-video-preview":"max-video-preview:-1"},"canonical":"https:\/\/bierger.remich.lu\/lb\/2025\/04\/03\/baustelle-route-de-luxembourg-verkehr-zufahrt-11-04-2025\/","og_locale":"fr_FR","og_type":"article","og_title":"Chantier route de Luxembourg | Trafic &amp; acc\u00e8s 11.04.2025 - Ville de Remich","og_description":"Route de Luxembourg: renouvellement de la couche de roulement L&rsquo;Administration des Ponts et Chauss\u00e9es nous a inform\u00e9 qu&rsquo;en raison de travaux sur le rev\u00eatement de la chauss\u00e9e, la route de Luxembourg sera ferm\u00e9e \u00e0 toute circulation le 11 avril 2025 entre 09h00 et 17h00 \u00e0 partir de la maison n\u00b003 et jusqu&rsquo;au carrefour de la... Lire la suite \u00bb","og_url":"https:\/\/bierger.remich.lu\/lb\/2025\/04\/03\/baustelle-route-de-luxembourg-verkehr-zufahrt-11-04-2025\/","og_site_name":"Ville de Remich","article_published_time":"2025-04-03T05:00:38+00:00","article_modified_time":"2025-04-08T11:10:15+00:00","og_image":[{"url":"https:\/\/bierger.remich.lu\/wp-content\/uploads\/sites\/3\/2025\/04\/A3landscape_update-1024x724.png","type":"","width":"","height":""}],"author":"murielkayser","twitter_card":"summary_large_image","twitter_misc":{"\u00c9crit par":"murielkayser","Dur\u00e9e de lecture estim\u00e9e":"3 minutes"},"schema":{"@context":"https:\/\/schema.org","@graph":[{"@type":"Article","@id":"https:\/\/bierger.remich.lu\/lb\/2025\/04\/03\/baustelle-route-de-luxembourg-verkehr-zufahrt-11-04-2025\/#article","isPartOf":{"@id":"https:\/\/bierger.remich.lu\/lb\/2025\/04\/03\/baustelle-route-de-luxembourg-verkehr-zufahrt-11-04-2025\/"},"author":{"name":"murielkayser","@id":"https:\/\/bierger.remich.lu\/de\/#\/schema\/person\/5babce1f1102bf4d794591f52f77f7ac"},"headline":"Chantier route de Luxembourg | Trafic &amp; acc\u00e8s 11.04.2025","datePublished":"2025-04-03T05:00:38+00:00","dateModified":"2025-04-08T11:10:15+00:00","mainEntityOfPage":{"@id":"https:\/\/bierger.remich.lu\/lb\/2025\/04\/03\/baustelle-route-de-luxembourg-verkehr-zufahrt-11-04-2025\/"},"wordCount":618,"commentCount":0,"image":{"@id":"https:\/\/bierger.remich.lu\/lb\/2025\/04\/03\/baustelle-route-de-luxembourg-verkehr-zufahrt-11-04-2025\/#primaryimage"},"thumbnailUrl":"https:\/\/bierger.remich.lu\/wp-content\/uploads\/sites\/3\/2025\/04\/A3landscape_update-1024x724.png","articleSection":["Uncategorized"],"inLanguage":"fr-FR","potentialAction":[{"@type":"CommentAction","name":"Comment","target":["https:\/\/bierger.remich.lu\/lb\/2025\/04\/03\/baustelle-route-de-luxembourg-verkehr-zufahrt-11-04-2025\/#respond"]}]},{"@type":"WebPage","@id":"https:\/\/bierger.remich.lu\/lb\/2025\/04\/03\/baustelle-route-de-luxembourg-verkehr-zufahrt-11-04-2025\/","url":"https:\/\/bierger.remich.lu\/lb\/2025\/04\/03\/baustelle-route-de-luxembourg-verkehr-zufahrt-11-04-2025\/","name":"Chantier route de Luxembourg | Trafic &amp; acc\u00e8s 11.04.2025 - Ville de Remich","isPartOf":{"@id":"https:\/\/bierger.remich.lu\/de\/#website"},"primaryImageOfPage":{"@id":"https:\/\/bierger.remich.lu\/lb\/2025\/04\/03\/baustelle-route-de-luxembourg-verkehr-zufahrt-11-04-2025\/#primaryimage"},"image":{"@id":"https:\/\/bierger.remich.lu\/lb\/2025\/04\/03\/baustelle-route-de-luxembourg-verkehr-zufahrt-11-04-2025\/#primaryimage"},"thumbnailUrl":"https:\/\/bierger.remich.lu\/wp-content\/uploads\/sites\/3\/2025\/04\/A3landscape_update-1024x724.png","datePublished":"2025-04-03T05:00:38+00:00","dateModified":"2025-04-08T11:10:15+00:00","author":{"@id":"https:\/\/bierger.remich.lu\/de\/#\/schema\/person\/5babce1f1102bf4d794591f52f77f7ac"},"breadcrumb":{"@id":"https:\/\/bierger.remich.lu\/lb\/2025\/04\/03\/baustelle-route-de-luxembourg-verkehr-zufahrt-11-04-2025\/#breadcrumb"},"inLanguage":"fr-FR","potentialAction":[{"@type":"ReadAction","target":["https:\/\/bierger.remich.lu\/lb\/2025\/04\/03\/baustelle-route-de-luxembourg-verkehr-zufahrt-11-04-2025\/"]}]},{"@type":"ImageObject","inLanguage":"fr-FR","@id":"https:\/\/bierger.remich.lu\/lb\/2025\/04\/03\/baustelle-route-de-luxembourg-verkehr-zufahrt-11-04-2025\/#primaryimage","url":"https:\/\/bierger.remich.lu\/wp-content\/uploads\/sites\/3\/2025\/04\/A3landscape_update-1024x724.png","contentUrl":"https:\/\/bierger.remich.lu\/wp-content\/uploads\/sites\/3\/2025\/04\/A3landscape_update-1024x724.png"},{"@type":"BreadcrumbList","@id":"https:\/\/bierger.remich.lu\/lb\/2025\/04\/03\/baustelle-route-de-luxembourg-verkehr-zufahrt-11-04-2025\/#breadcrumb","itemListElement":[{"@type":"ListItem","position":1,"name":"Startseite","item":"https:\/\/bierger.remich.lu\/de\/"},{"@type":"ListItem","position":2,"name":"Chantier Route de Luxembourg | Traffic &amp; Acc\u00e8s 11.04.2025"}]},{"@type":"WebSite","@id":"https:\/\/bierger.remich.lu\/de\/#website","url":"https:\/\/bierger.remich.lu\/de\/","name":"Ville de Remich","description":"","potentialAction":[{"@type":"SearchAction","target":{"@type":"EntryPoint","urlTemplate":"https:\/\/bierger.remich.lu\/de\/?s={search_term_string}"},"query-input":{"@type":"PropertyValueSpecification","valueRequired":true,"valueName":"search_term_string"}}],"inLanguage":"fr-FR"},{"@type":"Person","@id":"https:\/\/bierger.remich.lu\/de\/#\/schema\/person\/5babce1f1102bf4d794591f52f77f7ac","name":"murielkayser","image":{"@type":"ImageObject","inLanguage":"fr-FR","@id":"https:\/\/bierger.remich.lu\/de\/#\/schema\/person\/image\/","url":"https:\/\/secure.gravatar.com\/avatar\/929f45c18759f15bc69ebb2c989dc3f1733d348e81e97f979f32017e6ca077ee?s=96&d=mm&r=g","contentUrl":"https:\/\/secure.gravatar.com\/avatar\/929f45c18759f15bc69ebb2c989dc3f1733d348e81e97f979f32017e6ca077ee?s=96&d=mm&r=g","caption":"murielkayser"},"url":"#"}]}},"_links":{"self":[{"href":"https:\/\/bierger.remich.lu\/fr\/wp-json\/wp\/v2\/posts\/16412","targetHints":{"allow":["GET"]}}],"collection":[{"href":"https:\/\/bierger.remich.lu\/fr\/wp-json\/wp\/v2\/posts"}],"about":[{"href":"https:\/\/bierger.remich.lu\/fr\/wp-json\/wp\/v2\/types\/post"}],"author":[{"embeddable":true,"href":"https:\/\/bierger.remich.lu\/fr\/wp-json\/wp\/v2\/users\/4"}],"replies":[{"embeddable":true,"href":"https:\/\/bierger.remich.lu\/fr\/wp-json\/wp\/v2\/comments?post=16412"}],"version-history":[{"count":6,"href":"https:\/\/bierger.remich.lu\/fr\/wp-json\/wp\/v2\/posts\/16412\/revisions"}],"predecessor-version":[{"id":16455,"href":"https:\/\/bierger.remich.lu\/fr\/wp-json\/wp\/v2\/posts\/16412\/revisions\/16455"}],"wp:attachment":[{"href":"https:\/\/bierger.remich.lu\/fr\/wp-json\/wp\/v2\/media?parent=16412"}],"wp:term":[{"taxonomy":"category","embeddable":true,"href":"https:\/\/bierger.remich.lu\/fr\/wp-json\/wp\/v2\/categories?post=16412"},{"taxonomy":"post_tag","embeddable":true,"href":"https:\/\/bierger.remich.lu\/fr\/wp-json\/wp\/v2\/tags?post=16412"}],"curies":[{"name":"wp","href":"https:\/\/api.w.org\/{rel}","templated":true}]}}