{"id":19432,"date":"2026-04-29T07:00:01","date_gmt":"2026-04-29T05:00:01","guid":{"rendered":"https:\/\/bierger.remich.lu\/?p=19432"},"modified":"2026-04-14T12:03:10","modified_gmt":"2026-04-14T10:03:10","slug":"de-buet-mai-juni-2026-ist-online","status":"publish","type":"post","link":"https:\/\/bierger.remich.lu\/fr\/2026\/04\/29\/de-buet-mai-juni-2026-ist-online\/","title":{"rendered":"De Buet Mai-Juin 2026 est en ligne !"},"content":{"rendered":"<img loading=\"lazy\" decoding=\"async\" class=\"wp-image-19433 alignleft\" src=\"https:\/\/bierger.remich.lu\/wp-content\/uploads\/sites\/3\/2026\/04\/202603_Buet-Cover-scaled-808x1024.jpg\" alt=\"\" width=\"549\" height=\"696\" srcset=\"https:\/\/bierger.remich.lu\/wp-content\/uploads\/sites\/3\/2026\/04\/202603_Buet-Cover-scaled-808x1024.jpg 808w, https:\/\/bierger.remich.lu\/wp-content\/uploads\/sites\/3\/2026\/04\/202603_Buet-Cover-scaled-237x300.jpg 237w, https:\/\/bierger.remich.lu\/wp-content\/uploads\/sites\/3\/2026\/04\/202603_Buet-Cover-scaled.jpg 2021w\" sizes=\"auto, (max-width: 549px) 100vw, 549px\" \/><\/p>\n<p>&nbsp;<\/p>\n<p>&nbsp;<\/p>\n<p><strong>La nouvelle \u00e9dition du magazine commune \u00ab\u00a0De Buet\u00a0\u00bb est en ligne !<\/strong><\/p>\n<p>\u00c0 partir de 2023, notre bulletin communal \u00ab\u00a0De Buet\u00a0\u00bb est uniquement disponible en ligne sur notre site web www.remich.lu.<\/p>\n<p><a href=\"https:\/\/bierger.remich.lu\/wp-content\/uploads\/sites\/3\/2026\/04\/De-Buet_Mai_Juin_2026_BAT_SP.pdf\">Lien vers la derni\u00e8re \u00e9dition<\/a><\/p>\n<p><em>Vous \u00eates un habitant ou un commerce de la Ville de Remich et vous d\u00e9sirez continuer \u00e0 recevoir les versions imprim\u00e9es du \u00a0\u00ab\u00a0Buet\u00a0\u00bb, alors commandez-les par courriel \u00e0 mato@remich.lu ou \u00e0 la r\u00e9ception de la commmune. <\/em><em>L\u2019imprim\u00e9 vous sera envoy\u00e9 par voie postale.<\/em>","protected":false},"excerpt":{"rendered":"<p>&nbsp; &nbsp; La nouvelle \u00e9dition du magazine commune \u00ab\u00a0De Buet\u00a0\u00bb est en ligne ! \u00c0 partir de 2023, notre bulletin communal \u00ab\u00a0De Buet\u00a0\u00bb est uniquement disponible en ligne sur notre site web www.remich.lu. Lien vers la derni\u00e8re \u00e9dition Vous \u00eates un habitant ou un commerce de la Ville de Remich et vous d\u00e9sirez continuer \u00e0&#8230;  <a class=\"excerpt-read-more\" href=\"https:\/\/bierger.remich.lu\/fr\/2026\/04\/29\/de-buet-mai-juni-2026-ist-online\/\" title=\"ReadDe Buet Mai-Juin 2026 est en ligne !\">Lire la suite \u00bb<\/a><\/p>\n","protected":false},"author":4,"featured_media":0,"comment_status":"open","ping_status":"open","sticky":false,"template":"","format":"standard","meta":{"_acf_changed":false,"xn-wppe-expiration":[],"xn-wppe-expiration-action":[],"xn-wppe-expiration-prefix":[],"footnotes":"","_links_to":"","_links_to_target":""},"categories":[1],"tags":[],"class_list":["post-19432","post","type-post","status-publish","format-standard","hentry","category-news","keyword-buet","keyword-gemeindeblatt"],"acf":[],"yoast_head":"<!-- This site is optimized with the Yoast SEO plugin v26.7 - https:\/\/yoast.com\/wordpress\/plugins\/seo\/ -->\n<title>De Buet Mai-Juin 2026 est en ligne ! - Ville de Remich<\/title>\n<meta name=\"robots\" content=\"index, follow, max-snippet:-1, max-image-preview:large, max-video-preview:-1\" \/>\n<link rel=\"canonical\" href=\"https:\/\/bierger.remich.lu\/de\/2026\/04\/29\/de-buet-mai-juni-2026-ist-online\/\" \/>\n<meta property=\"og:locale\" content=\"fr_FR\" \/>\n<meta property=\"og:type\" content=\"article\" \/>\n<meta property=\"og:title\" content=\"De Buet Mai-Juin 2026 est en ligne ! - Ville de Remich\" \/>\n<meta property=\"og:description\" content=\"&nbsp; &nbsp; La nouvelle \u00e9dition du magazine commune \u00ab\u00a0De Buet\u00a0\u00bb est en ligne ! \u00c0 partir de 2023, notre bulletin communal \u00ab\u00a0De Buet\u00a0\u00bb est uniquement disponible en ligne sur notre site web www.remich.lu. Lien vers la derni\u00e8re \u00e9dition Vous \u00eates un habitant ou un commerce de la Ville de Remich et vous d\u00e9sirez continuer \u00e0... Lire la suite \u00bb\" \/>\n<meta property=\"og:url\" content=\"https:\/\/bierger.remich.lu\/de\/2026\/04\/29\/de-buet-mai-juni-2026-ist-online\/\" \/>\n<meta property=\"og:site_name\" content=\"Ville de Remich\" \/>\n<meta property=\"article:published_time\" content=\"2026-04-29T05:00:01+00:00\" \/>\n<meta property=\"og:image\" content=\"https:\/\/bierger.remich.lu\/wp-content\/uploads\/sites\/3\/2026\/04\/202603_Buet-Cover-scaled.jpg\" \/>\n\t<meta property=\"og:image:width\" content=\"2021\" \/>\n\t<meta property=\"og:image:height\" content=\"2560\" \/>\n\t<meta property=\"og:image:type\" content=\"image\/jpeg\" \/>\n<meta name=\"author\" content=\"murielkayser\" \/>\n<meta name=\"twitter:card\" content=\"summary_large_image\" \/>\n<meta name=\"twitter:label1\" content=\"\u00c9crit par\" \/>\n\t<meta name=\"twitter:data1\" content=\"murielkayser\" \/>\n\t<meta name=\"twitter:label2\" content=\"Dur\u00e9e de lecture estim\u00e9e\" \/>\n\t<meta name=\"twitter:data2\" content=\"1 minute\" \/>\n<script type=\"application\/ld+json\" class=\"yoast-schema-graph\">{\"@context\":\"https:\/\/schema.org\",\"@graph\":[{\"@type\":\"Article\",\"@id\":\"https:\/\/bierger.remich.lu\/de\/2026\/04\/29\/de-buet-mai-juni-2026-ist-online\/#article\",\"isPartOf\":{\"@id\":\"https:\/\/bierger.remich.lu\/de\/2026\/04\/29\/de-buet-mai-juni-2026-ist-online\/\"},\"author\":{\"name\":\"murielkayser\",\"@id\":\"https:\/\/bierger.remich.lu\/de\/#\/schema\/person\/5babce1f1102bf4d794591f52f77f7ac\"},\"headline\":\"De Buet Mai-Juin 2026 est en ligne !\",\"datePublished\":\"2026-04-29T05:00:01+00:00\",\"mainEntityOfPage\":{\"@id\":\"https:\/\/bierger.remich.lu\/de\/2026\/04\/29\/de-buet-mai-juni-2026-ist-online\/\"},\"wordCount\":348,\"commentCount\":0,\"image\":{\"@id\":\"https:\/\/bierger.remich.lu\/de\/2026\/04\/29\/de-buet-mai-juni-2026-ist-online\/#primaryimage\"},\"thumbnailUrl\":\"https:\/\/bierger.remich.lu\/wp-content\/uploads\/sites\/3\/2026\/04\/202603_Buet-Cover-scaled-808x1024.jpg\",\"articleSection\":[\"Uncategorized\"],\"inLanguage\":\"fr-FR\",\"potentialAction\":[{\"@type\":\"CommentAction\",\"name\":\"Comment\",\"target\":[\"https:\/\/bierger.remich.lu\/de\/2026\/04\/29\/de-buet-mai-juni-2026-ist-online\/#respond\"]}]},{\"@type\":\"WebPage\",\"@id\":\"https:\/\/bierger.remich.lu\/de\/2026\/04\/29\/de-buet-mai-juni-2026-ist-online\/\",\"url\":\"https:\/\/bierger.remich.lu\/de\/2026\/04\/29\/de-buet-mai-juni-2026-ist-online\/\",\"name\":\"De Buet Mai-Juin 2026 est en ligne ! - Ville de Remich\",\"isPartOf\":{\"@id\":\"https:\/\/bierger.remich.lu\/de\/#website\"},\"primaryImageOfPage\":{\"@id\":\"https:\/\/bierger.remich.lu\/de\/2026\/04\/29\/de-buet-mai-juni-2026-ist-online\/#primaryimage\"},\"image\":{\"@id\":\"https:\/\/bierger.remich.lu\/de\/2026\/04\/29\/de-buet-mai-juni-2026-ist-online\/#primaryimage\"},\"thumbnailUrl\":\"https:\/\/bierger.remich.lu\/wp-content\/uploads\/sites\/3\/2026\/04\/202603_Buet-Cover-scaled-808x1024.jpg\",\"datePublished\":\"2026-04-29T05:00:01+00:00\",\"author\":{\"@id\":\"https:\/\/bierger.remich.lu\/de\/#\/schema\/person\/5babce1f1102bf4d794591f52f77f7ac\"},\"breadcrumb\":{\"@id\":\"https:\/\/bierger.remich.lu\/de\/2026\/04\/29\/de-buet-mai-juni-2026-ist-online\/#breadcrumb\"},\"inLanguage\":\"fr-FR\",\"potentialAction\":[{\"@type\":\"ReadAction\",\"target\":[\"https:\/\/bierger.remich.lu\/de\/2026\/04\/29\/de-buet-mai-juni-2026-ist-online\/\"]}]},{\"@type\":\"ImageObject\",\"inLanguage\":\"fr-FR\",\"@id\":\"https:\/\/bierger.remich.lu\/de\/2026\/04\/29\/de-buet-mai-juni-2026-ist-online\/#primaryimage\",\"url\":\"https:\/\/bierger.remich.lu\/wp-content\/uploads\/sites\/3\/2026\/04\/202603_Buet-Cover-scaled-808x1024.jpg\",\"contentUrl\":\"https:\/\/bierger.remich.lu\/wp-content\/uploads\/sites\/3\/2026\/04\/202603_Buet-Cover-scaled-808x1024.jpg\"},{\"@type\":\"BreadcrumbList\",\"@id\":\"https:\/\/bierger.remich.lu\/de\/2026\/04\/29\/de-buet-mai-juni-2026-ist-online\/#breadcrumb\",\"itemListElement\":[{\"@type\":\"ListItem\",\"position\":1,\"name\":\"Startseite\",\"item\":\"https:\/\/bierger.remich.lu\/de\/\"},{\"@type\":\"ListItem\",\"position\":2,\"name\":\"De Buet Mai-Juni 2026 ist online!\"}]},{\"@type\":\"WebSite\",\"@id\":\"https:\/\/bierger.remich.lu\/de\/#website\",\"url\":\"https:\/\/bierger.remich.lu\/de\/\",\"name\":\"Ville de Remich\",\"description\":\"\",\"potentialAction\":[{\"@type\":\"SearchAction\",\"target\":{\"@type\":\"EntryPoint\",\"urlTemplate\":\"https:\/\/bierger.remich.lu\/de\/?s={search_term_string}\"},\"query-input\":{\"@type\":\"PropertyValueSpecification\",\"valueRequired\":true,\"valueName\":\"search_term_string\"}}],\"inLanguage\":\"fr-FR\"},{\"@type\":\"Person\",\"@id\":\"https:\/\/bierger.remich.lu\/de\/#\/schema\/person\/5babce1f1102bf4d794591f52f77f7ac\",\"name\":\"murielkayser\",\"image\":{\"@type\":\"ImageObject\",\"inLanguage\":\"fr-FR\",\"@id\":\"https:\/\/bierger.remich.lu\/de\/#\/schema\/person\/image\/\",\"url\":\"https:\/\/secure.gravatar.com\/avatar\/929f45c18759f15bc69ebb2c989dc3f1733d348e81e97f979f32017e6ca077ee?s=96&d=mm&r=g\",\"contentUrl\":\"https:\/\/secure.gravatar.com\/avatar\/929f45c18759f15bc69ebb2c989dc3f1733d348e81e97f979f32017e6ca077ee?s=96&d=mm&r=g\",\"caption\":\"murielkayser\"},\"url\":\"#\"}]}<\/script>\n<!-- \/ Yoast SEO plugin. -->","yoast_head_json":{"title":"De Buet Mai-Juin 2026 est en ligne ! - Ville de Remich","robots":{"index":"index","follow":"follow","max-snippet":"max-snippet:-1","max-image-preview":"max-image-preview:large","max-video-preview":"max-video-preview:-1"},"canonical":"https:\/\/bierger.remich.lu\/de\/2026\/04\/29\/de-buet-mai-juni-2026-ist-online\/","og_locale":"fr_FR","og_type":"article","og_title":"De Buet Mai-Juin 2026 est en ligne ! - Ville de Remich","og_description":"&nbsp; &nbsp; La nouvelle \u00e9dition du magazine commune \u00ab\u00a0De Buet\u00a0\u00bb est en ligne ! \u00c0 partir de 2023, notre bulletin communal \u00ab\u00a0De Buet\u00a0\u00bb est uniquement disponible en ligne sur notre site web www.remich.lu. Lien vers la derni\u00e8re \u00e9dition Vous \u00eates un habitant ou un commerce de la Ville de Remich et vous d\u00e9sirez continuer \u00e0... Lire la suite \u00bb","og_url":"https:\/\/bierger.remich.lu\/de\/2026\/04\/29\/de-buet-mai-juni-2026-ist-online\/","og_site_name":"Ville de Remich","article_published_time":"2026-04-29T05:00:01+00:00","og_image":[{"width":2021,"height":2560,"url":"https:\/\/bierger.remich.lu\/wp-content\/uploads\/sites\/3\/2026\/04\/202603_Buet-Cover-scaled.jpg","type":"image\/jpeg"}],"author":"murielkayser","twitter_card":"summary_large_image","twitter_misc":{"\u00c9crit par":"murielkayser","Dur\u00e9e de lecture estim\u00e9e":"1 minute"},"schema":{"@context":"https:\/\/schema.org","@graph":[{"@type":"Article","@id":"https:\/\/bierger.remich.lu\/de\/2026\/04\/29\/de-buet-mai-juni-2026-ist-online\/#article","isPartOf":{"@id":"https:\/\/bierger.remich.lu\/de\/2026\/04\/29\/de-buet-mai-juni-2026-ist-online\/"},"author":{"name":"murielkayser","@id":"https:\/\/bierger.remich.lu\/de\/#\/schema\/person\/5babce1f1102bf4d794591f52f77f7ac"},"headline":"De Buet Mai-Juin 2026 est en ligne !","datePublished":"2026-04-29T05:00:01+00:00","mainEntityOfPage":{"@id":"https:\/\/bierger.remich.lu\/de\/2026\/04\/29\/de-buet-mai-juni-2026-ist-online\/"},"wordCount":348,"commentCount":0,"image":{"@id":"https:\/\/bierger.remich.lu\/de\/2026\/04\/29\/de-buet-mai-juni-2026-ist-online\/#primaryimage"},"thumbnailUrl":"https:\/\/bierger.remich.lu\/wp-content\/uploads\/sites\/3\/2026\/04\/202603_Buet-Cover-scaled-808x1024.jpg","articleSection":["Uncategorized"],"inLanguage":"fr-FR","potentialAction":[{"@type":"CommentAction","name":"Comment","target":["https:\/\/bierger.remich.lu\/de\/2026\/04\/29\/de-buet-mai-juni-2026-ist-online\/#respond"]}]},{"@type":"WebPage","@id":"https:\/\/bierger.remich.lu\/de\/2026\/04\/29\/de-buet-mai-juni-2026-ist-online\/","url":"https:\/\/bierger.remich.lu\/de\/2026\/04\/29\/de-buet-mai-juni-2026-ist-online\/","name":"De Buet Mai-Juin 2026 est en ligne ! - Ville de Remich","isPartOf":{"@id":"https:\/\/bierger.remich.lu\/de\/#website"},"primaryImageOfPage":{"@id":"https:\/\/bierger.remich.lu\/de\/2026\/04\/29\/de-buet-mai-juni-2026-ist-online\/#primaryimage"},"image":{"@id":"https:\/\/bierger.remich.lu\/de\/2026\/04\/29\/de-buet-mai-juni-2026-ist-online\/#primaryimage"},"thumbnailUrl":"https:\/\/bierger.remich.lu\/wp-content\/uploads\/sites\/3\/2026\/04\/202603_Buet-Cover-scaled-808x1024.jpg","datePublished":"2026-04-29T05:00:01+00:00","author":{"@id":"https:\/\/bierger.remich.lu\/de\/#\/schema\/person\/5babce1f1102bf4d794591f52f77f7ac"},"breadcrumb":{"@id":"https:\/\/bierger.remich.lu\/de\/2026\/04\/29\/de-buet-mai-juni-2026-ist-online\/#breadcrumb"},"inLanguage":"fr-FR","potentialAction":[{"@type":"ReadAction","target":["https:\/\/bierger.remich.lu\/de\/2026\/04\/29\/de-buet-mai-juni-2026-ist-online\/"]}]},{"@type":"ImageObject","inLanguage":"fr-FR","@id":"https:\/\/bierger.remich.lu\/de\/2026\/04\/29\/de-buet-mai-juni-2026-ist-online\/#primaryimage","url":"https:\/\/bierger.remich.lu\/wp-content\/uploads\/sites\/3\/2026\/04\/202603_Buet-Cover-scaled-808x1024.jpg","contentUrl":"https:\/\/bierger.remich.lu\/wp-content\/uploads\/sites\/3\/2026\/04\/202603_Buet-Cover-scaled-808x1024.jpg"},{"@type":"BreadcrumbList","@id":"https:\/\/bierger.remich.lu\/de\/2026\/04\/29\/de-buet-mai-juni-2026-ist-online\/#breadcrumb","itemListElement":[{"@type":"ListItem","position":1,"name":"Startseite","item":"https:\/\/bierger.remich.lu\/de\/"},{"@type":"ListItem","position":2,"name":"De Buet Mai-Juni 2026 ist online!"}]},{"@type":"WebSite","@id":"https:\/\/bierger.remich.lu\/de\/#website","url":"https:\/\/bierger.remich.lu\/de\/","name":"Ville de Remich","description":"","potentialAction":[{"@type":"SearchAction","target":{"@type":"EntryPoint","urlTemplate":"https:\/\/bierger.remich.lu\/de\/?s={search_term_string}"},"query-input":{"@type":"PropertyValueSpecification","valueRequired":true,"valueName":"search_term_string"}}],"inLanguage":"fr-FR"},{"@type":"Person","@id":"https:\/\/bierger.remich.lu\/de\/#\/schema\/person\/5babce1f1102bf4d794591f52f77f7ac","name":"murielkayser","image":{"@type":"ImageObject","inLanguage":"fr-FR","@id":"https:\/\/bierger.remich.lu\/de\/#\/schema\/person\/image\/","url":"https:\/\/secure.gravatar.com\/avatar\/929f45c18759f15bc69ebb2c989dc3f1733d348e81e97f979f32017e6ca077ee?s=96&d=mm&r=g","contentUrl":"https:\/\/secure.gravatar.com\/avatar\/929f45c18759f15bc69ebb2c989dc3f1733d348e81e97f979f32017e6ca077ee?s=96&d=mm&r=g","caption":"murielkayser"},"url":"#"}]}},"_links":{"self":[{"href":"https:\/\/bierger.remich.lu\/fr\/wp-json\/wp\/v2\/posts\/19432","targetHints":{"allow":["GET"]}}],"collection":[{"href":"https:\/\/bierger.remich.lu\/fr\/wp-json\/wp\/v2\/posts"}],"about":[{"href":"https:\/\/bierger.remich.lu\/fr\/wp-json\/wp\/v2\/types\/post"}],"author":[{"embeddable":true,"href":"https:\/\/bierger.remich.lu\/fr\/wp-json\/wp\/v2\/users\/4"}],"replies":[{"embeddable":true,"href":"https:\/\/bierger.remich.lu\/fr\/wp-json\/wp\/v2\/comments?post=19432"}],"version-history":[{"count":4,"href":"https:\/\/bierger.remich.lu\/fr\/wp-json\/wp\/v2\/posts\/19432\/revisions"}],"predecessor-version":[{"id":19532,"href":"https:\/\/bierger.remich.lu\/fr\/wp-json\/wp\/v2\/posts\/19432\/revisions\/19532"}],"wp:attachment":[{"href":"https:\/\/bierger.remich.lu\/fr\/wp-json\/wp\/v2\/media?parent=19432"}],"wp:term":[{"taxonomy":"category","embeddable":true,"href":"https:\/\/bierger.remich.lu\/fr\/wp-json\/wp\/v2\/categories?post=19432"},{"taxonomy":"post_tag","embeddable":true,"href":"https:\/\/bierger.remich.lu\/fr\/wp-json\/wp\/v2\/tags?post=19432"}],"curies":[{"name":"wp","href":"https:\/\/api.w.org\/{rel}","templated":true}]}}