{"id":19513,"date":"2026-04-27T11:16:52","date_gmt":"2026-04-27T09:16:52","guid":{"rendered":"https:\/\/bierger.remich.lu\/?p=19513"},"modified":"2026-04-27T11:16:52","modified_gmt":"2026-04-27T09:16:52","slug":"wanderweg-info","status":"publish","type":"post","link":"https:\/\/bierger.remich.lu\/fr\/2026\/04\/27\/wanderweg-info\/","title":{"rendered":"Info sentiers de randonn\u00e9e"},"content":{"rendered":"<h3 class=\"x14z9mp xat24cr x1lziwak x1vvkbs xtlvy1s x126k92a\">Info sentiers de randonn\u00e9e<\/h3>\n<div class=\"x14z9mp xat24cr x1lziwak x1vvkbs xtlvy1s x126k92a\">\n<div dir=\"auto\"><img loading=\"lazy\" decoding=\"async\" class=\"alignnone wp-image-19515 size-full\" src=\"https:\/\/bierger.remich.lu\/wp-content\/uploads\/sites\/3\/2026\/04\/Heedbach-zou_2.jpg\" alt=\"\" width=\"714\" height=\"535\" srcset=\"https:\/\/bierger.remich.lu\/wp-content\/uploads\/sites\/3\/2026\/04\/Heedbach-zou_2.jpg 714w, https:\/\/bierger.remich.lu\/wp-content\/uploads\/sites\/3\/2026\/04\/Heedbach-zou_2-300x225.jpg 300w\" sizes=\"auto, (max-width: 714px) 100vw, 714px\" \/><\/div>\n<div dir=\"auto\"><\/div>\n<div dir=\"auto\">En raison de travaux de r\u00e9paration urgents sur un pont de la \u00ab Heedbaach \u00bb, cette partie du sentier traversant la for\u00eat est actuellement ferm\u00e9e.<\/div>\n<div dir=\"auto\">Cette fermeture a un impact sur les sentiers de randonn\u00e9e suivants : Auto-p\u00e9destre, RE1 B\u00ebsch Tour, RE 2 Heedbaach Tour, tour for\u00eat enchant\u00e9e et Bacchus Fitness Trail.<\/div>\n<\/div>\n<div class=\"x14z9mp xat24cr x1lziwak x1vvkbs xtlvy1s x126k92a\">\n<div dir=\"auto\"><\/div>\n<div dir=\"auto\">Merci pour votre compr\u00e9hension<\/div>\n<\/div>","protected":false},"excerpt":{"rendered":"<p>Info sentiers de randonn\u00e9e En raison de travaux de r\u00e9paration urgents sur un pont de la \u00ab Heedbaach \u00bb, cette partie du sentier traversant la for\u00eat est actuellement ferm\u00e9e. Cette fermeture a un impact sur les sentiers de randonn\u00e9e suivants : Auto-p\u00e9destre, RE1 B\u00ebsch Tour, RE 2 Heedbaach Tour, tour for\u00eat enchant\u00e9e et Bacchus Fitness&#8230;  <a class=\"excerpt-read-more\" href=\"https:\/\/bierger.remich.lu\/fr\/2026\/04\/27\/wanderweg-info\/\" title=\"ReadInfo sentiers de randonn\u00e9e\">Lire la suite \u00bb<\/a><\/p>\n","protected":false},"author":4,"featured_media":0,"comment_status":"open","ping_status":"open","sticky":false,"template":"","format":"standard","meta":{"_acf_changed":false,"xn-wppe-expiration":[],"xn-wppe-expiration-action":[],"xn-wppe-expiration-prefix":[],"footnotes":"","_links_to":"","_links_to_target":""},"categories":[144,1],"tags":[],"class_list":["post-19513","post","type-post","status-publish","format-standard","hentry","category-alerte","category-news"],"acf":[],"yoast_head":"<!-- This site is optimized with the Yoast SEO plugin v26.7 - https:\/\/yoast.com\/wordpress\/plugins\/seo\/ -->\n<title>Info sentiers de randonn\u00e9e - Ville de Remich<\/title>\n<meta name=\"robots\" content=\"index, follow, max-snippet:-1, max-image-preview:large, max-video-preview:-1\" \/>\n<link rel=\"canonical\" href=\"https:\/\/bierger.remich.lu\/2026\/04\/27\/wanderweg-info\/\" \/>\n<meta property=\"og:locale\" content=\"fr_FR\" \/>\n<meta property=\"og:type\" content=\"article\" \/>\n<meta property=\"og:title\" content=\"Info sentiers de randonn\u00e9e - Ville de Remich\" \/>\n<meta property=\"og:description\" content=\"Info sentiers de randonn\u00e9e En raison de travaux de r\u00e9paration urgents sur un pont de la \u00ab Heedbaach \u00bb, cette partie du sentier traversant la for\u00eat est actuellement ferm\u00e9e. Cette fermeture a un impact sur les sentiers de randonn\u00e9e suivants : Auto-p\u00e9destre, RE1 B\u00ebsch Tour, RE 2 Heedbaach Tour, tour for\u00eat enchant\u00e9e et Bacchus Fitness... Lire la suite \u00bb\" \/>\n<meta property=\"og:url\" content=\"https:\/\/bierger.remich.lu\/2026\/04\/27\/wanderweg-info\/\" \/>\n<meta property=\"og:site_name\" content=\"Ville de Remich\" \/>\n<meta property=\"article:published_time\" content=\"2026-04-27T09:16:52+00:00\" \/>\n<meta property=\"og:image\" content=\"https:\/\/bierger.remich.lu\/wp-content\/uploads\/sites\/3\/2026\/04\/Heedbach-zou_2.jpg\" \/>\n\t<meta property=\"og:image:width\" content=\"714\" \/>\n\t<meta property=\"og:image:height\" content=\"535\" \/>\n\t<meta property=\"og:image:type\" content=\"image\/jpeg\" \/>\n<meta name=\"author\" content=\"murielkayser\" \/>\n<meta name=\"twitter:card\" content=\"summary_large_image\" \/>\n<meta name=\"twitter:label1\" content=\"\u00c9crit par\" \/>\n\t<meta name=\"twitter:data1\" content=\"murielkayser\" \/>\n\t<meta name=\"twitter:label2\" content=\"Dur\u00e9e de lecture estim\u00e9e\" \/>\n\t<meta name=\"twitter:data2\" content=\"1 minute\" \/>\n<script type=\"application\/ld+json\" class=\"yoast-schema-graph\">{\"@context\":\"https:\/\/schema.org\",\"@graph\":[{\"@type\":\"Article\",\"@id\":\"https:\/\/bierger.remich.lu\/2026\/04\/27\/wanderweg-info\/#article\",\"isPartOf\":{\"@id\":\"https:\/\/bierger.remich.lu\/2026\/04\/27\/wanderweg-info\/\"},\"author\":{\"name\":\"murielkayser\",\"@id\":\"https:\/\/bierger.remich.lu\/de\/#\/schema\/person\/5babce1f1102bf4d794591f52f77f7ac\"},\"headline\":\"Info sentiers de randonn\u00e9e\",\"datePublished\":\"2026-04-27T09:16:52+00:00\",\"mainEntityOfPage\":{\"@id\":\"https:\/\/bierger.remich.lu\/2026\/04\/27\/wanderweg-info\/\"},\"wordCount\":242,\"commentCount\":0,\"image\":{\"@id\":\"https:\/\/bierger.remich.lu\/2026\/04\/27\/wanderweg-info\/#primaryimage\"},\"thumbnailUrl\":\"https:\/\/bierger.remich.lu\/wp-content\/uploads\/sites\/3\/2026\/04\/Heedbach-zou_2.jpg\",\"articleSection\":[\"Alerte\"],\"inLanguage\":\"fr-FR\",\"potentialAction\":[{\"@type\":\"CommentAction\",\"name\":\"Comment\",\"target\":[\"https:\/\/bierger.remich.lu\/2026\/04\/27\/wanderweg-info\/#respond\"]}]},{\"@type\":\"WebPage\",\"@id\":\"https:\/\/bierger.remich.lu\/2026\/04\/27\/wanderweg-info\/\",\"url\":\"https:\/\/bierger.remich.lu\/2026\/04\/27\/wanderweg-info\/\",\"name\":\"Info sentiers de randonn\u00e9e - Ville de Remich\",\"isPartOf\":{\"@id\":\"https:\/\/bierger.remich.lu\/de\/#website\"},\"primaryImageOfPage\":{\"@id\":\"https:\/\/bierger.remich.lu\/2026\/04\/27\/wanderweg-info\/#primaryimage\"},\"image\":{\"@id\":\"https:\/\/bierger.remich.lu\/2026\/04\/27\/wanderweg-info\/#primaryimage\"},\"thumbnailUrl\":\"https:\/\/bierger.remich.lu\/wp-content\/uploads\/sites\/3\/2026\/04\/Heedbach-zou_2.jpg\",\"datePublished\":\"2026-04-27T09:16:52+00:00\",\"author\":{\"@id\":\"https:\/\/bierger.remich.lu\/de\/#\/schema\/person\/5babce1f1102bf4d794591f52f77f7ac\"},\"breadcrumb\":{\"@id\":\"https:\/\/bierger.remich.lu\/2026\/04\/27\/wanderweg-info\/#breadcrumb\"},\"inLanguage\":\"fr-FR\",\"potentialAction\":[{\"@type\":\"ReadAction\",\"target\":[\"https:\/\/bierger.remich.lu\/2026\/04\/27\/wanderweg-info\/\"]}]},{\"@type\":\"ImageObject\",\"inLanguage\":\"fr-FR\",\"@id\":\"https:\/\/bierger.remich.lu\/2026\/04\/27\/wanderweg-info\/#primaryimage\",\"url\":\"https:\/\/bierger.remich.lu\/wp-content\/uploads\/sites\/3\/2026\/04\/Heedbach-zou_2.jpg\",\"contentUrl\":\"https:\/\/bierger.remich.lu\/wp-content\/uploads\/sites\/3\/2026\/04\/Heedbach-zou_2.jpg\"},{\"@type\":\"BreadcrumbList\",\"@id\":\"https:\/\/bierger.remich.lu\/2026\/04\/27\/wanderweg-info\/#breadcrumb\",\"itemListElement\":[{\"@type\":\"ListItem\",\"position\":1,\"name\":\"Startseite\",\"item\":\"https:\/\/bierger.remich.lu\/de\/\"},{\"@type\":\"ListItem\",\"position\":2,\"name\":\"Wanderweg Info\"}]},{\"@type\":\"WebSite\",\"@id\":\"https:\/\/bierger.remich.lu\/de\/#website\",\"url\":\"https:\/\/bierger.remich.lu\/de\/\",\"name\":\"Ville de Remich\",\"description\":\"\",\"potentialAction\":[{\"@type\":\"SearchAction\",\"target\":{\"@type\":\"EntryPoint\",\"urlTemplate\":\"https:\/\/bierger.remich.lu\/de\/?s={search_term_string}\"},\"query-input\":{\"@type\":\"PropertyValueSpecification\",\"valueRequired\":true,\"valueName\":\"search_term_string\"}}],\"inLanguage\":\"fr-FR\"},{\"@type\":\"Person\",\"@id\":\"https:\/\/bierger.remich.lu\/de\/#\/schema\/person\/5babce1f1102bf4d794591f52f77f7ac\",\"name\":\"murielkayser\",\"image\":{\"@type\":\"ImageObject\",\"inLanguage\":\"fr-FR\",\"@id\":\"https:\/\/bierger.remich.lu\/de\/#\/schema\/person\/image\/\",\"url\":\"https:\/\/secure.gravatar.com\/avatar\/929f45c18759f15bc69ebb2c989dc3f1733d348e81e97f979f32017e6ca077ee?s=96&d=mm&r=g\",\"contentUrl\":\"https:\/\/secure.gravatar.com\/avatar\/929f45c18759f15bc69ebb2c989dc3f1733d348e81e97f979f32017e6ca077ee?s=96&d=mm&r=g\",\"caption\":\"murielkayser\"},\"url\":\"#\"}]}<\/script>\n<!-- \/ Yoast SEO plugin. -->","yoast_head_json":{"title":"Info sentiers de randonn\u00e9e - Ville de Remich","robots":{"index":"index","follow":"follow","max-snippet":"max-snippet:-1","max-image-preview":"max-image-preview:large","max-video-preview":"max-video-preview:-1"},"canonical":"https:\/\/bierger.remich.lu\/2026\/04\/27\/wanderweg-info\/","og_locale":"fr_FR","og_type":"article","og_title":"Info sentiers de randonn\u00e9e - Ville de Remich","og_description":"Info sentiers de randonn\u00e9e En raison de travaux de r\u00e9paration urgents sur un pont de la \u00ab Heedbaach \u00bb, cette partie du sentier traversant la for\u00eat est actuellement ferm\u00e9e. Cette fermeture a un impact sur les sentiers de randonn\u00e9e suivants : Auto-p\u00e9destre, RE1 B\u00ebsch Tour, RE 2 Heedbaach Tour, tour for\u00eat enchant\u00e9e et Bacchus Fitness... Lire la suite \u00bb","og_url":"https:\/\/bierger.remich.lu\/2026\/04\/27\/wanderweg-info\/","og_site_name":"Ville de Remich","article_published_time":"2026-04-27T09:16:52+00:00","og_image":[{"width":714,"height":535,"url":"https:\/\/bierger.remich.lu\/wp-content\/uploads\/sites\/3\/2026\/04\/Heedbach-zou_2.jpg","type":"image\/jpeg"}],"author":"murielkayser","twitter_card":"summary_large_image","twitter_misc":{"\u00c9crit par":"murielkayser","Dur\u00e9e de lecture estim\u00e9e":"1 minute"},"schema":{"@context":"https:\/\/schema.org","@graph":[{"@type":"Article","@id":"https:\/\/bierger.remich.lu\/2026\/04\/27\/wanderweg-info\/#article","isPartOf":{"@id":"https:\/\/bierger.remich.lu\/2026\/04\/27\/wanderweg-info\/"},"author":{"name":"murielkayser","@id":"https:\/\/bierger.remich.lu\/de\/#\/schema\/person\/5babce1f1102bf4d794591f52f77f7ac"},"headline":"Info sentiers de randonn\u00e9e","datePublished":"2026-04-27T09:16:52+00:00","mainEntityOfPage":{"@id":"https:\/\/bierger.remich.lu\/2026\/04\/27\/wanderweg-info\/"},"wordCount":242,"commentCount":0,"image":{"@id":"https:\/\/bierger.remich.lu\/2026\/04\/27\/wanderweg-info\/#primaryimage"},"thumbnailUrl":"https:\/\/bierger.remich.lu\/wp-content\/uploads\/sites\/3\/2026\/04\/Heedbach-zou_2.jpg","articleSection":["Alerte"],"inLanguage":"fr-FR","potentialAction":[{"@type":"CommentAction","name":"Comment","target":["https:\/\/bierger.remich.lu\/2026\/04\/27\/wanderweg-info\/#respond"]}]},{"@type":"WebPage","@id":"https:\/\/bierger.remich.lu\/2026\/04\/27\/wanderweg-info\/","url":"https:\/\/bierger.remich.lu\/2026\/04\/27\/wanderweg-info\/","name":"Info sentiers de randonn\u00e9e - Ville de Remich","isPartOf":{"@id":"https:\/\/bierger.remich.lu\/de\/#website"},"primaryImageOfPage":{"@id":"https:\/\/bierger.remich.lu\/2026\/04\/27\/wanderweg-info\/#primaryimage"},"image":{"@id":"https:\/\/bierger.remich.lu\/2026\/04\/27\/wanderweg-info\/#primaryimage"},"thumbnailUrl":"https:\/\/bierger.remich.lu\/wp-content\/uploads\/sites\/3\/2026\/04\/Heedbach-zou_2.jpg","datePublished":"2026-04-27T09:16:52+00:00","author":{"@id":"https:\/\/bierger.remich.lu\/de\/#\/schema\/person\/5babce1f1102bf4d794591f52f77f7ac"},"breadcrumb":{"@id":"https:\/\/bierger.remich.lu\/2026\/04\/27\/wanderweg-info\/#breadcrumb"},"inLanguage":"fr-FR","potentialAction":[{"@type":"ReadAction","target":["https:\/\/bierger.remich.lu\/2026\/04\/27\/wanderweg-info\/"]}]},{"@type":"ImageObject","inLanguage":"fr-FR","@id":"https:\/\/bierger.remich.lu\/2026\/04\/27\/wanderweg-info\/#primaryimage","url":"https:\/\/bierger.remich.lu\/wp-content\/uploads\/sites\/3\/2026\/04\/Heedbach-zou_2.jpg","contentUrl":"https:\/\/bierger.remich.lu\/wp-content\/uploads\/sites\/3\/2026\/04\/Heedbach-zou_2.jpg"},{"@type":"BreadcrumbList","@id":"https:\/\/bierger.remich.lu\/2026\/04\/27\/wanderweg-info\/#breadcrumb","itemListElement":[{"@type":"ListItem","position":1,"name":"Startseite","item":"https:\/\/bierger.remich.lu\/de\/"},{"@type":"ListItem","position":2,"name":"Wanderweg Info"}]},{"@type":"WebSite","@id":"https:\/\/bierger.remich.lu\/de\/#website","url":"https:\/\/bierger.remich.lu\/de\/","name":"Ville de Remich","description":"","potentialAction":[{"@type":"SearchAction","target":{"@type":"EntryPoint","urlTemplate":"https:\/\/bierger.remich.lu\/de\/?s={search_term_string}"},"query-input":{"@type":"PropertyValueSpecification","valueRequired":true,"valueName":"search_term_string"}}],"inLanguage":"fr-FR"},{"@type":"Person","@id":"https:\/\/bierger.remich.lu\/de\/#\/schema\/person\/5babce1f1102bf4d794591f52f77f7ac","name":"murielkayser","image":{"@type":"ImageObject","inLanguage":"fr-FR","@id":"https:\/\/bierger.remich.lu\/de\/#\/schema\/person\/image\/","url":"https:\/\/secure.gravatar.com\/avatar\/929f45c18759f15bc69ebb2c989dc3f1733d348e81e97f979f32017e6ca077ee?s=96&d=mm&r=g","contentUrl":"https:\/\/secure.gravatar.com\/avatar\/929f45c18759f15bc69ebb2c989dc3f1733d348e81e97f979f32017e6ca077ee?s=96&d=mm&r=g","caption":"murielkayser"},"url":"#"}]}},"_links":{"self":[{"href":"https:\/\/bierger.remich.lu\/fr\/wp-json\/wp\/v2\/posts\/19513","targetHints":{"allow":["GET"]}}],"collection":[{"href":"https:\/\/bierger.remich.lu\/fr\/wp-json\/wp\/v2\/posts"}],"about":[{"href":"https:\/\/bierger.remich.lu\/fr\/wp-json\/wp\/v2\/types\/post"}],"author":[{"embeddable":true,"href":"https:\/\/bierger.remich.lu\/fr\/wp-json\/wp\/v2\/users\/4"}],"replies":[{"embeddable":true,"href":"https:\/\/bierger.remich.lu\/fr\/wp-json\/wp\/v2\/comments?post=19513"}],"version-history":[{"count":2,"href":"https:\/\/bierger.remich.lu\/fr\/wp-json\/wp\/v2\/posts\/19513\/revisions"}],"predecessor-version":[{"id":19516,"href":"https:\/\/bierger.remich.lu\/fr\/wp-json\/wp\/v2\/posts\/19513\/revisions\/19516"}],"wp:attachment":[{"href":"https:\/\/bierger.remich.lu\/fr\/wp-json\/wp\/v2\/media?parent=19513"}],"wp:term":[{"taxonomy":"category","embeddable":true,"href":"https:\/\/bierger.remich.lu\/fr\/wp-json\/wp\/v2\/categories?post=19513"},{"taxonomy":"post_tag","embeddable":true,"href":"https:\/\/bierger.remich.lu\/fr\/wp-json\/wp\/v2\/tags?post=19513"}],"curies":[{"name":"wp","href":"https:\/\/api.w.org\/{rel}","templated":true}]}}