{"id":19517,"date":"2026-04-27T12:01:21","date_gmt":"2026-04-27T10:01:21","guid":{"rendered":"https:\/\/bierger.remich.lu\/?p=19517"},"modified":"2026-04-27T12:04:18","modified_gmt":"2026-04-27T10:04:18","slug":"einfuehrung-eines-neuen-reisepasses-in-luxemburg","status":"publish","type":"post","link":"https:\/\/bierger.remich.lu\/fr\/2026\/04\/27\/einfuehrung-eines-neuen-reisepasses-in-luxemburg\/","title":{"rendered":"Introduction d&#8217;un nouveau passeport au Luxembourg"},"content":{"rendered":"<h3>Introduction d&#8217;un nouveau passeport au Luxembourg \u00e0 compter du 11 mai 2026<\/h3>\n<ul>\n<li>Quels sont les changements ?<br \/>\nSeule la dur\u00e9e de validit\u00e9 change<br \/>\n&#8211; Enfants \u00e2g\u00e9s de 0 \u00e0 4 ans : validit\u00e9 de 2 ans<br \/>\n&#8211; Enfants \u00e2g\u00e9s de 4 \u00e0 18 ans : validit\u00e9 de 5 ans<br \/>\n&#8211; Adultes : validit\u00e9 de 10 ans<\/li>\n<li>La proc\u00e9dure et le prix restent inchang\u00e9s<\/li>\n<\/ul>\n<p><strong><span style=\"color: #ff0000\">En date du 8 mai 2026, il ne sera pas possible de demander un passeport ; \u00e0 partir du 11 mai 2026, vous pourrez d\u00e9poser votre demande comme d&#8217;habitude.<\/span><\/strong><\/p>\n<p>Pour plus d&#8217;informations : https:\/\/bit.ly\/3R1E62q","protected":false},"excerpt":{"rendered":"<p>Introduction d&#8217;un nouveau passeport au Luxembourg \u00e0 compter du 11 mai 2026 Quels sont les changements ? Seule la dur\u00e9e de validit\u00e9 change &#8211; Enfants \u00e2g\u00e9s de 0 \u00e0 4 ans : validit\u00e9 de 2 ans &#8211; Enfants \u00e2g\u00e9s de 4 \u00e0 18 ans : validit\u00e9 de 5 ans &#8211; Adultes : validit\u00e9 de 10&#8230;  <a class=\"excerpt-read-more\" href=\"https:\/\/bierger.remich.lu\/fr\/2026\/04\/27\/einfuehrung-eines-neuen-reisepasses-in-luxemburg\/\" title=\"ReadIntroduction d&#8217;un nouveau passeport au Luxembourg\">Lire la suite \u00bb<\/a><\/p>\n","protected":false},"author":4,"featured_media":0,"comment_status":"open","ping_status":"open","sticky":false,"template":"","format":"standard","meta":{"_acf_changed":false,"xn-wppe-expiration":[],"xn-wppe-expiration-action":[],"xn-wppe-expiration-prefix":[],"footnotes":"","_links_to":"","_links_to_target":""},"categories":[1],"tags":[],"class_list":["post-19517","post","type-post","status-publish","format-standard","hentry","category-news","keyword-ausweis","keyword-infos","keyword-mitteilungen"],"acf":[],"yoast_head":"<!-- This site is optimized with the Yoast SEO plugin v26.7 - https:\/\/yoast.com\/wordpress\/plugins\/seo\/ -->\n<title>Introduction d&#039;un nouveau passeport au Luxembourg - Ville de Remich<\/title>\n<meta name=\"robots\" content=\"index, follow, max-snippet:-1, max-image-preview:large, max-video-preview:-1\" \/>\n<link rel=\"canonical\" href=\"https:\/\/bierger.remich.lu\/2026\/04\/27\/einfuehrung-eines-neuen-reisepasses-in-luxemburg\/\" \/>\n<meta property=\"og:locale\" content=\"fr_FR\" \/>\n<meta property=\"og:type\" content=\"article\" \/>\n<meta property=\"og:title\" content=\"Introduction d&#039;un nouveau passeport au Luxembourg - Ville de Remich\" \/>\n<meta property=\"og:description\" content=\"Introduction d&#8217;un nouveau passeport au Luxembourg \u00e0 compter du 11 mai 2026 Quels sont les changements ? Seule la dur\u00e9e de validit\u00e9 change &#8211; Enfants \u00e2g\u00e9s de 0 \u00e0 4 ans : validit\u00e9 de 2 ans &#8211; Enfants \u00e2g\u00e9s de 4 \u00e0 18 ans : validit\u00e9 de 5 ans &#8211; Adultes : validit\u00e9 de 10... Lire la suite \u00bb\" \/>\n<meta property=\"og:url\" content=\"https:\/\/bierger.remich.lu\/2026\/04\/27\/einfuehrung-eines-neuen-reisepasses-in-luxemburg\/\" \/>\n<meta property=\"og:site_name\" content=\"Ville de Remich\" \/>\n<meta property=\"article:published_time\" content=\"2026-04-27T10:01:21+00:00\" \/>\n<meta property=\"article:modified_time\" content=\"2026-04-27T10:04:18+00:00\" \/>\n<meta name=\"author\" content=\"murielkayser\" \/>\n<meta name=\"twitter:card\" content=\"summary_large_image\" \/>\n<meta name=\"twitter:label1\" content=\"\u00c9crit par\" \/>\n\t<meta name=\"twitter:data1\" content=\"murielkayser\" \/>\n\t<meta name=\"twitter:label2\" content=\"Dur\u00e9e de lecture estim\u00e9e\" \/>\n\t<meta name=\"twitter:data2\" content=\"1 minute\" \/>\n<script type=\"application\/ld+json\" class=\"yoast-schema-graph\">{\"@context\":\"https:\/\/schema.org\",\"@graph\":[{\"@type\":\"Article\",\"@id\":\"https:\/\/bierger.remich.lu\/2026\/04\/27\/einfuehrung-eines-neuen-reisepasses-in-luxemburg\/#article\",\"isPartOf\":{\"@id\":\"https:\/\/bierger.remich.lu\/2026\/04\/27\/einfuehrung-eines-neuen-reisepasses-in-luxemburg\/\"},\"author\":{\"name\":\"murielkayser\",\"@id\":\"https:\/\/bierger.remich.lu\/de\/#\/schema\/person\/5babce1f1102bf4d794591f52f77f7ac\"},\"headline\":\"Introduction d&#8217;un nouveau passeport au Luxembourg\",\"datePublished\":\"2026-04-27T10:01:21+00:00\",\"dateModified\":\"2026-04-27T10:04:18+00:00\",\"mainEntityOfPage\":{\"@id\":\"https:\/\/bierger.remich.lu\/2026\/04\/27\/einfuehrung-eines-neuen-reisepasses-in-luxemburg\/\"},\"wordCount\":351,\"commentCount\":0,\"inLanguage\":\"fr-FR\",\"potentialAction\":[{\"@type\":\"CommentAction\",\"name\":\"Comment\",\"target\":[\"https:\/\/bierger.remich.lu\/2026\/04\/27\/einfuehrung-eines-neuen-reisepasses-in-luxemburg\/#respond\"]}]},{\"@type\":\"WebPage\",\"@id\":\"https:\/\/bierger.remich.lu\/2026\/04\/27\/einfuehrung-eines-neuen-reisepasses-in-luxemburg\/\",\"url\":\"https:\/\/bierger.remich.lu\/2026\/04\/27\/einfuehrung-eines-neuen-reisepasses-in-luxemburg\/\",\"name\":\"Introduction d'un nouveau passeport au Luxembourg - Ville de Remich\",\"isPartOf\":{\"@id\":\"https:\/\/bierger.remich.lu\/de\/#website\"},\"datePublished\":\"2026-04-27T10:01:21+00:00\",\"dateModified\":\"2026-04-27T10:04:18+00:00\",\"author\":{\"@id\":\"https:\/\/bierger.remich.lu\/de\/#\/schema\/person\/5babce1f1102bf4d794591f52f77f7ac\"},\"breadcrumb\":{\"@id\":\"https:\/\/bierger.remich.lu\/2026\/04\/27\/einfuehrung-eines-neuen-reisepasses-in-luxemburg\/#breadcrumb\"},\"inLanguage\":\"fr-FR\",\"potentialAction\":[{\"@type\":\"ReadAction\",\"target\":[\"https:\/\/bierger.remich.lu\/2026\/04\/27\/einfuehrung-eines-neuen-reisepasses-in-luxemburg\/\"]}]},{\"@type\":\"BreadcrumbList\",\"@id\":\"https:\/\/bierger.remich.lu\/2026\/04\/27\/einfuehrung-eines-neuen-reisepasses-in-luxemburg\/#breadcrumb\",\"itemListElement\":[{\"@type\":\"ListItem\",\"position\":1,\"name\":\"Startseite\",\"item\":\"https:\/\/bierger.remich.lu\/de\/\"},{\"@type\":\"ListItem\",\"position\":2,\"name\":\"Einf\u00fchrung eines neuen Reisepasses in Luxemburg\"}]},{\"@type\":\"WebSite\",\"@id\":\"https:\/\/bierger.remich.lu\/de\/#website\",\"url\":\"https:\/\/bierger.remich.lu\/de\/\",\"name\":\"Ville de Remich\",\"description\":\"\",\"potentialAction\":[{\"@type\":\"SearchAction\",\"target\":{\"@type\":\"EntryPoint\",\"urlTemplate\":\"https:\/\/bierger.remich.lu\/de\/?s={search_term_string}\"},\"query-input\":{\"@type\":\"PropertyValueSpecification\",\"valueRequired\":true,\"valueName\":\"search_term_string\"}}],\"inLanguage\":\"fr-FR\"},{\"@type\":\"Person\",\"@id\":\"https:\/\/bierger.remich.lu\/de\/#\/schema\/person\/5babce1f1102bf4d794591f52f77f7ac\",\"name\":\"murielkayser\",\"image\":{\"@type\":\"ImageObject\",\"inLanguage\":\"fr-FR\",\"@id\":\"https:\/\/bierger.remich.lu\/de\/#\/schema\/person\/image\/\",\"url\":\"https:\/\/secure.gravatar.com\/avatar\/929f45c18759f15bc69ebb2c989dc3f1733d348e81e97f979f32017e6ca077ee?s=96&d=mm&r=g\",\"contentUrl\":\"https:\/\/secure.gravatar.com\/avatar\/929f45c18759f15bc69ebb2c989dc3f1733d348e81e97f979f32017e6ca077ee?s=96&d=mm&r=g\",\"caption\":\"murielkayser\"},\"url\":\"#\"}]}<\/script>\n<!-- \/ Yoast SEO plugin. -->","yoast_head_json":{"title":"Introduction d'un nouveau passeport au Luxembourg - Ville de Remich","robots":{"index":"index","follow":"follow","max-snippet":"max-snippet:-1","max-image-preview":"max-image-preview:large","max-video-preview":"max-video-preview:-1"},"canonical":"https:\/\/bierger.remich.lu\/2026\/04\/27\/einfuehrung-eines-neuen-reisepasses-in-luxemburg\/","og_locale":"fr_FR","og_type":"article","og_title":"Introduction d'un nouveau passeport au Luxembourg - Ville de Remich","og_description":"Introduction d&#8217;un nouveau passeport au Luxembourg \u00e0 compter du 11 mai 2026 Quels sont les changements ? Seule la dur\u00e9e de validit\u00e9 change &#8211; Enfants \u00e2g\u00e9s de 0 \u00e0 4 ans : validit\u00e9 de 2 ans &#8211; Enfants \u00e2g\u00e9s de 4 \u00e0 18 ans : validit\u00e9 de 5 ans &#8211; Adultes : validit\u00e9 de 10... Lire la suite \u00bb","og_url":"https:\/\/bierger.remich.lu\/2026\/04\/27\/einfuehrung-eines-neuen-reisepasses-in-luxemburg\/","og_site_name":"Ville de Remich","article_published_time":"2026-04-27T10:01:21+00:00","article_modified_time":"2026-04-27T10:04:18+00:00","author":"murielkayser","twitter_card":"summary_large_image","twitter_misc":{"\u00c9crit par":"murielkayser","Dur\u00e9e de lecture estim\u00e9e":"1 minute"},"schema":{"@context":"https:\/\/schema.org","@graph":[{"@type":"Article","@id":"https:\/\/bierger.remich.lu\/2026\/04\/27\/einfuehrung-eines-neuen-reisepasses-in-luxemburg\/#article","isPartOf":{"@id":"https:\/\/bierger.remich.lu\/2026\/04\/27\/einfuehrung-eines-neuen-reisepasses-in-luxemburg\/"},"author":{"name":"murielkayser","@id":"https:\/\/bierger.remich.lu\/de\/#\/schema\/person\/5babce1f1102bf4d794591f52f77f7ac"},"headline":"Introduction d&#8217;un nouveau passeport au Luxembourg","datePublished":"2026-04-27T10:01:21+00:00","dateModified":"2026-04-27T10:04:18+00:00","mainEntityOfPage":{"@id":"https:\/\/bierger.remich.lu\/2026\/04\/27\/einfuehrung-eines-neuen-reisepasses-in-luxemburg\/"},"wordCount":351,"commentCount":0,"inLanguage":"fr-FR","potentialAction":[{"@type":"CommentAction","name":"Comment","target":["https:\/\/bierger.remich.lu\/2026\/04\/27\/einfuehrung-eines-neuen-reisepasses-in-luxemburg\/#respond"]}]},{"@type":"WebPage","@id":"https:\/\/bierger.remich.lu\/2026\/04\/27\/einfuehrung-eines-neuen-reisepasses-in-luxemburg\/","url":"https:\/\/bierger.remich.lu\/2026\/04\/27\/einfuehrung-eines-neuen-reisepasses-in-luxemburg\/","name":"Introduction d'un nouveau passeport au Luxembourg - Ville de Remich","isPartOf":{"@id":"https:\/\/bierger.remich.lu\/de\/#website"},"datePublished":"2026-04-27T10:01:21+00:00","dateModified":"2026-04-27T10:04:18+00:00","author":{"@id":"https:\/\/bierger.remich.lu\/de\/#\/schema\/person\/5babce1f1102bf4d794591f52f77f7ac"},"breadcrumb":{"@id":"https:\/\/bierger.remich.lu\/2026\/04\/27\/einfuehrung-eines-neuen-reisepasses-in-luxemburg\/#breadcrumb"},"inLanguage":"fr-FR","potentialAction":[{"@type":"ReadAction","target":["https:\/\/bierger.remich.lu\/2026\/04\/27\/einfuehrung-eines-neuen-reisepasses-in-luxemburg\/"]}]},{"@type":"BreadcrumbList","@id":"https:\/\/bierger.remich.lu\/2026\/04\/27\/einfuehrung-eines-neuen-reisepasses-in-luxemburg\/#breadcrumb","itemListElement":[{"@type":"ListItem","position":1,"name":"Startseite","item":"https:\/\/bierger.remich.lu\/de\/"},{"@type":"ListItem","position":2,"name":"Einf\u00fchrung eines neuen Reisepasses in Luxemburg"}]},{"@type":"WebSite","@id":"https:\/\/bierger.remich.lu\/de\/#website","url":"https:\/\/bierger.remich.lu\/de\/","name":"Ville de Remich","description":"","potentialAction":[{"@type":"SearchAction","target":{"@type":"EntryPoint","urlTemplate":"https:\/\/bierger.remich.lu\/de\/?s={search_term_string}"},"query-input":{"@type":"PropertyValueSpecification","valueRequired":true,"valueName":"search_term_string"}}],"inLanguage":"fr-FR"},{"@type":"Person","@id":"https:\/\/bierger.remich.lu\/de\/#\/schema\/person\/5babce1f1102bf4d794591f52f77f7ac","name":"murielkayser","image":{"@type":"ImageObject","inLanguage":"fr-FR","@id":"https:\/\/bierger.remich.lu\/de\/#\/schema\/person\/image\/","url":"https:\/\/secure.gravatar.com\/avatar\/929f45c18759f15bc69ebb2c989dc3f1733d348e81e97f979f32017e6ca077ee?s=96&d=mm&r=g","contentUrl":"https:\/\/secure.gravatar.com\/avatar\/929f45c18759f15bc69ebb2c989dc3f1733d348e81e97f979f32017e6ca077ee?s=96&d=mm&r=g","caption":"murielkayser"},"url":"#"}]}},"_links":{"self":[{"href":"https:\/\/bierger.remich.lu\/fr\/wp-json\/wp\/v2\/posts\/19517","targetHints":{"allow":["GET"]}}],"collection":[{"href":"https:\/\/bierger.remich.lu\/fr\/wp-json\/wp\/v2\/posts"}],"about":[{"href":"https:\/\/bierger.remich.lu\/fr\/wp-json\/wp\/v2\/types\/post"}],"author":[{"embeddable":true,"href":"https:\/\/bierger.remich.lu\/fr\/wp-json\/wp\/v2\/users\/4"}],"replies":[{"embeddable":true,"href":"https:\/\/bierger.remich.lu\/fr\/wp-json\/wp\/v2\/comments?post=19517"}],"version-history":[{"count":3,"href":"https:\/\/bierger.remich.lu\/fr\/wp-json\/wp\/v2\/posts\/19517\/revisions"}],"predecessor-version":[{"id":19521,"href":"https:\/\/bierger.remich.lu\/fr\/wp-json\/wp\/v2\/posts\/19517\/revisions\/19521"}],"wp:attachment":[{"href":"https:\/\/bierger.remich.lu\/fr\/wp-json\/wp\/v2\/media?parent=19517"}],"wp:term":[{"taxonomy":"category","embeddable":true,"href":"https:\/\/bierger.remich.lu\/fr\/wp-json\/wp\/v2\/categories?post=19517"},{"taxonomy":"post_tag","embeddable":true,"href":"https:\/\/bierger.remich.lu\/fr\/wp-json\/wp\/v2\/tags?post=19517"}],"curies":[{"name":"wp","href":"https:\/\/api.w.org\/{rel}","templated":true}]}}