{"id":21156,"date":"2026-09-03T09:56:24","date_gmt":"2026-09-03T07:56:24","guid":{"rendered":"https:\/\/bierger.remich.lu\/?p=21156"},"modified":"2026-09-03T10:00:37","modified_gmt":"2026-09-03T08:00:37","slug":"abschaffung-der-ecobacs-ab-dem-1-januar-2027","status":"publish","type":"post","link":"https:\/\/bierger.remich.lu\/fr\/2026\/09\/03\/abschaffung-der-ecobacs-ab-dem-1-januar-2027\/","title":{"rendered":"Suppression des \u00ab \u00e9cobacs \u00bb \u00e0 compter du 1er janvier 2027"},"content":{"rendered":"Les citoyens sont inform\u00e9s que le syndicat SIGRE a d\u00e9cid\u00e9 de supprimer les \u00ab \u00e9cobacs \u00bb de son syst\u00e8me de r\u00e9cipients de vidage <strong>\u00e0 compter du 1er janvier 2027<\/strong>. Par cons\u00e9quent, les \u00ab \u00e9cobacs \u00bb devront \u00eatre remplac\u00e9s par une poubelle.<\/p>\n<p><strong>Que devez-vous faire ?<\/strong><\/p>\n<p>Les m\u00e9nages disposant actuellement d\u2019un \u00ab \u00e9cobac \u00bb sont invit\u00e9s \u00e0 s\u2019adresser au Bureau de la population afin de proc\u00e9der \u00e0 un \u00e9change gratuit contre une poubelle de leur choix. (45, 120 ou 240 litres)<\/p>\n<p><strong>Que faire de votre ancien \u00e9cobac ?<\/strong><\/p>\n<p>Vous avez deux possibilit\u00e9s :<\/p>\n<ul>\n<li>conserver votre ancien \u00e9cobac (qui ne sera plus vid\u00e9 \u00e0 partir du 1<sup>er<\/sup> janvier), <em>ou<\/em><\/li>\n<li>nous le remettre : dans ce cas, veuillez le d\u00e9poser devant votre domicile. Il sera r\u00e9cup\u00e9r\u00e9 par nos soins lors de la livraison de votre nouvelle poubelle.<\/li>\n<\/ul>\n<p><strong>Pour proc\u00e9der \u00e0 l\u2019\u00e9change<\/strong><\/p>\n<p>Nous vous remercions de bien vouloir prendre contact avec le Bureau de la population :<\/p>\n<ul>\n<li>Par t\u00e9l\u00e9phone : 23 69 22 \u2013 11 \/ -17<\/li>\n<li>Par e-mail : population@remich.lu<\/li>\n<li>\u00c0 la mairie : pendant les heures d\u2019ouverture<\/li>\n<\/ul>","protected":false},"excerpt":{"rendered":"<p>Les citoyens sont inform\u00e9s que le syndicat SIGRE a d\u00e9cid\u00e9 de supprimer les \u00ab \u00e9cobacs \u00bb de son syst\u00e8me de r\u00e9cipients de vidage \u00e0 compter du 1er janvier 2027. Par cons\u00e9quent, les \u00ab \u00e9cobacs \u00bb devront \u00eatre remplac\u00e9s par une poubelle. Que devez-vous faire ? Les m\u00e9nages disposant actuellement d\u2019un \u00ab \u00e9cobac \u00bb sont invit\u00e9s&#8230;  <a class=\"excerpt-read-more\" href=\"https:\/\/bierger.remich.lu\/fr\/2026\/09\/03\/abschaffung-der-ecobacs-ab-dem-1-januar-2027\/\" title=\"ReadSuppression des \u00ab \u00e9cobacs \u00bb \u00e0 compter du 1er janvier 2027\">Lire la suite \u00bb<\/a><\/p>\n","protected":false},"author":10,"featured_media":21158,"comment_status":"closed","ping_status":"closed","sticky":false,"template":"","format":"standard","meta":{"_acf_changed":false,"xn-wppe-expiration":[],"xn-wppe-expiration-action":[],"xn-wppe-expiration-prefix":[],"footnotes":"","_links_to":"","_links_to_target":""},"categories":[1],"tags":[],"class_list":["post-21156","post","type-post","status-publish","format-standard","has-post-thumbnail","hentry","category-news","keyword-abfall","keyword-sigre"],"acf":[],"yoast_head":"<!-- This site is optimized with the Yoast SEO plugin v28.0 - https:\/\/yoast.com\/product\/yoast-seo-wordpress\/ -->\n<title>Suppression des \u00ab \u00e9cobacs \u00bb \u00e0 compter du 1er janvier 2027 - Ville de Remich<\/title>\n<meta name=\"robots\" content=\"index, follow, max-snippet:-1, max-image-preview:large, max-video-preview:-1\" \/>\n<link rel=\"canonical\" href=\"https:\/\/bierger.remich.lu\/2026\/09\/03\/abschaffung-der-ecobacs-ab-dem-1-januar-2027\/\" \/>\n<meta property=\"og:locale\" content=\"fr_FR\" \/>\n<meta property=\"og:type\" content=\"article\" \/>\n<meta property=\"og:title\" content=\"Suppression des \u00ab \u00e9cobacs \u00bb \u00e0 compter du 1er janvier 2027 - Ville de Remich\" \/>\n<meta property=\"og:description\" content=\"Les citoyens sont inform\u00e9s que le syndicat SIGRE a d\u00e9cid\u00e9 de supprimer les \u00ab \u00e9cobacs \u00bb de son syst\u00e8me de r\u00e9cipients de vidage \u00e0 compter du 1er janvier 2027. Par cons\u00e9quent, les \u00ab \u00e9cobacs \u00bb devront \u00eatre remplac\u00e9s par une poubelle. Que devez-vous faire ? Les m\u00e9nages disposant actuellement d\u2019un \u00ab \u00e9cobac \u00bb sont invit\u00e9s... Lire la suite \u00bb\" \/>\n<meta property=\"og:url\" content=\"https:\/\/bierger.remich.lu\/2026\/09\/03\/abschaffung-der-ecobacs-ab-dem-1-januar-2027\/\" \/>\n<meta property=\"og:site_name\" content=\"Ville de Remich\" \/>\n<meta property=\"article:published_time\" content=\"2026-09-03T07:56:24+00:00\" \/>\n<meta property=\"article:modified_time\" content=\"2026-09-03T08:00:37+00:00\" \/>\n<meta property=\"og:image\" content=\"https:\/\/bierger.remich.lu\/wp-content\/uploads\/sites\/3\/2026\/09\/Ecobac.png\" \/>\n\t<meta property=\"og:image:width\" content=\"984\" \/>\n\t<meta property=\"og:image:height\" content=\"874\" \/>\n\t<meta property=\"og:image:type\" content=\"image\/png\" \/>\n<meta name=\"author\" content=\"mhentzen\" \/>\n<meta name=\"twitter:card\" content=\"summary_large_image\" \/>\n<meta name=\"twitter:label1\" content=\"\u00c9crit par\" \/>\n\t<meta name=\"twitter:data1\" content=\"mhentzen\" \/>\n\t<meta name=\"twitter:label2\" content=\"Dur\u00e9e de lecture estim\u00e9e\" \/>\n\t<meta name=\"twitter:data2\" content=\"2 minutes\" \/>\n<script type=\"application\/ld+json\" class=\"yoast-schema-graph\">{\"@context\":\"https:\\\/\\\/schema.org\",\"@graph\":[{\"@type\":\"Article\",\"@id\":\"https:\\\/\\\/bierger.remich.lu\\\/2026\\\/09\\\/03\\\/abschaffung-der-ecobacs-ab-dem-1-januar-2027\\\/#article\",\"isPartOf\":{\"@id\":\"https:\\\/\\\/bierger.remich.lu\\\/2026\\\/09\\\/03\\\/abschaffung-der-ecobacs-ab-dem-1-januar-2027\\\/\"},\"author\":{\"name\":\"mhentzen\",\"@id\":\"https:\\\/\\\/bierger.remich.lu\\\/de\\\/#\\\/schema\\\/person\\\/98cc83d0f5956d8b94a9786cf0a75c67\"},\"headline\":\"Suppression des \u00ab \u00e9cobacs \u00bb \u00e0 compter du 1er janvier 2027\",\"datePublished\":\"2026-09-03T07:56:24+00:00\",\"dateModified\":\"2026-09-03T08:00:37+00:00\",\"mainEntityOfPage\":{\"@id\":\"https:\\\/\\\/bierger.remich.lu\\\/2026\\\/09\\\/03\\\/abschaffung-der-ecobacs-ab-dem-1-januar-2027\\\/\"},\"wordCount\":658,\"image\":{\"@id\":\"https:\\\/\\\/bierger.remich.lu\\\/2026\\\/09\\\/03\\\/abschaffung-der-ecobacs-ab-dem-1-januar-2027\\\/#primaryimage\"},\"thumbnailUrl\":\"https:\\\/\\\/bierger.remich.lu\\\/wp-content\\\/uploads\\\/sites\\\/3\\\/2026\\\/09\\\/Ecobac.png\",\"articleSection\":[\"Uncategorized\"],\"inLanguage\":\"fr-FR\"},{\"@type\":\"WebPage\",\"@id\":\"https:\\\/\\\/bierger.remich.lu\\\/2026\\\/09\\\/03\\\/abschaffung-der-ecobacs-ab-dem-1-januar-2027\\\/\",\"url\":\"https:\\\/\\\/bierger.remich.lu\\\/2026\\\/09\\\/03\\\/abschaffung-der-ecobacs-ab-dem-1-januar-2027\\\/\",\"name\":\"Suppression des \u00ab \u00e9cobacs \u00bb \u00e0 compter du 1er janvier 2027 - Ville de Remich\",\"isPartOf\":{\"@id\":\"https:\\\/\\\/bierger.remich.lu\\\/de\\\/#website\"},\"primaryImageOfPage\":{\"@id\":\"https:\\\/\\\/bierger.remich.lu\\\/2026\\\/09\\\/03\\\/abschaffung-der-ecobacs-ab-dem-1-januar-2027\\\/#primaryimage\"},\"image\":{\"@id\":\"https:\\\/\\\/bierger.remich.lu\\\/2026\\\/09\\\/03\\\/abschaffung-der-ecobacs-ab-dem-1-januar-2027\\\/#primaryimage\"},\"thumbnailUrl\":\"https:\\\/\\\/bierger.remich.lu\\\/wp-content\\\/uploads\\\/sites\\\/3\\\/2026\\\/09\\\/Ecobac.png\",\"datePublished\":\"2026-09-03T07:56:24+00:00\",\"dateModified\":\"2026-09-03T08:00:37+00:00\",\"author\":{\"@id\":\"https:\\\/\\\/bierger.remich.lu\\\/de\\\/#\\\/schema\\\/person\\\/98cc83d0f5956d8b94a9786cf0a75c67\"},\"breadcrumb\":{\"@id\":\"https:\\\/\\\/bierger.remich.lu\\\/2026\\\/09\\\/03\\\/abschaffung-der-ecobacs-ab-dem-1-januar-2027\\\/#breadcrumb\"},\"inLanguage\":\"fr-FR\",\"potentialAction\":[{\"@type\":\"ReadAction\",\"target\":[\"https:\\\/\\\/bierger.remich.lu\\\/2026\\\/09\\\/03\\\/abschaffung-der-ecobacs-ab-dem-1-januar-2027\\\/\"]}]},{\"@type\":\"ImageObject\",\"inLanguage\":\"fr-FR\",\"@id\":\"https:\\\/\\\/bierger.remich.lu\\\/2026\\\/09\\\/03\\\/abschaffung-der-ecobacs-ab-dem-1-januar-2027\\\/#primaryimage\",\"url\":\"https:\\\/\\\/bierger.remich.lu\\\/wp-content\\\/uploads\\\/sites\\\/3\\\/2026\\\/09\\\/Ecobac.png\",\"contentUrl\":\"https:\\\/\\\/bierger.remich.lu\\\/wp-content\\\/uploads\\\/sites\\\/3\\\/2026\\\/09\\\/Ecobac.png\",\"width\":984,\"height\":874},{\"@type\":\"BreadcrumbList\",\"@id\":\"https:\\\/\\\/bierger.remich.lu\\\/2026\\\/09\\\/03\\\/abschaffung-der-ecobacs-ab-dem-1-januar-2027\\\/#breadcrumb\",\"itemListElement\":[{\"@type\":\"ListItem\",\"position\":1,\"name\":\"Startseite\",\"item\":\"https:\\\/\\\/bierger.remich.lu\\\/de\\\/\"},{\"@type\":\"ListItem\",\"position\":2,\"name\":\"Abschaffung der \u00ab Ecobacs \u00bb ab dem 1. Januar 2027\"}]},{\"@type\":\"WebSite\",\"@id\":\"https:\\\/\\\/bierger.remich.lu\\\/de\\\/#website\",\"url\":\"https:\\\/\\\/bierger.remich.lu\\\/de\\\/\",\"name\":\"Ville de Remich\",\"description\":\"\",\"potentialAction\":[{\"@type\":\"SearchAction\",\"target\":{\"@type\":\"EntryPoint\",\"urlTemplate\":\"https:\\\/\\\/bierger.remich.lu\\\/de\\\/?s={search_term_string}\"},\"query-input\":{\"@type\":\"PropertyValueSpecification\",\"valueRequired\":true,\"valueName\":\"search_term_string\"}}],\"inLanguage\":\"fr-FR\"},{\"@type\":\"Person\",\"@id\":\"https:\\\/\\\/bierger.remich.lu\\\/de\\\/#\\\/schema\\\/person\\\/98cc83d0f5956d8b94a9786cf0a75c67\",\"name\":\"mhentzen\",\"image\":{\"@type\":\"ImageObject\",\"inLanguage\":\"fr-FR\",\"@id\":\"https:\\\/\\\/secure.gravatar.com\\\/avatar\\\/87fd6fcd1a8fbe02eaa3494dc83b290e352aeef27655d224fac9f407d859d342?s=96&d=mm&r=g\",\"url\":\"https:\\\/\\\/secure.gravatar.com\\\/avatar\\\/87fd6fcd1a8fbe02eaa3494dc83b290e352aeef27655d224fac9f407d859d342?s=96&d=mm&r=g\",\"contentUrl\":\"https:\\\/\\\/secure.gravatar.com\\\/avatar\\\/87fd6fcd1a8fbe02eaa3494dc83b290e352aeef27655d224fac9f407d859d342?s=96&d=mm&r=g\",\"caption\":\"mhentzen\"},\"url\":\"#\"}]}<\/script>\n<!-- \/ Yoast SEO plugin. -->","yoast_head_json":{"title":"Suppression des \u00ab \u00e9cobacs \u00bb \u00e0 compter du 1er janvier 2027 - Ville de Remich","robots":{"index":"index","follow":"follow","max-snippet":"max-snippet:-1","max-image-preview":"max-image-preview:large","max-video-preview":"max-video-preview:-1"},"canonical":"https:\/\/bierger.remich.lu\/2026\/09\/03\/abschaffung-der-ecobacs-ab-dem-1-januar-2027\/","og_locale":"fr_FR","og_type":"article","og_title":"Suppression des \u00ab \u00e9cobacs \u00bb \u00e0 compter du 1er janvier 2027 - Ville de Remich","og_description":"Les citoyens sont inform\u00e9s que le syndicat SIGRE a d\u00e9cid\u00e9 de supprimer les \u00ab \u00e9cobacs \u00bb de son syst\u00e8me de r\u00e9cipients de vidage \u00e0 compter du 1er janvier 2027. Par cons\u00e9quent, les \u00ab \u00e9cobacs \u00bb devront \u00eatre remplac\u00e9s par une poubelle. Que devez-vous faire ? Les m\u00e9nages disposant actuellement d\u2019un \u00ab \u00e9cobac \u00bb sont invit\u00e9s... Lire la suite \u00bb","og_url":"https:\/\/bierger.remich.lu\/2026\/09\/03\/abschaffung-der-ecobacs-ab-dem-1-januar-2027\/","og_site_name":"Ville de Remich","article_published_time":"2026-09-03T07:56:24+00:00","article_modified_time":"2026-09-03T08:00:37+00:00","og_image":[{"width":984,"height":874,"url":"https:\/\/bierger.remich.lu\/wp-content\/uploads\/sites\/3\/2026\/09\/Ecobac.png","type":"image\/png"}],"author":"mhentzen","twitter_card":"summary_large_image","twitter_misc":{"\u00c9crit par":"mhentzen","Dur\u00e9e de lecture estim\u00e9e":"2 minutes"},"schema":{"@context":"https:\/\/schema.org","@graph":[{"@type":"Article","@id":"https:\/\/bierger.remich.lu\/2026\/09\/03\/abschaffung-der-ecobacs-ab-dem-1-januar-2027\/#article","isPartOf":{"@id":"https:\/\/bierger.remich.lu\/2026\/09\/03\/abschaffung-der-ecobacs-ab-dem-1-januar-2027\/"},"author":{"name":"mhentzen","@id":"https:\/\/bierger.remich.lu\/de\/#\/schema\/person\/98cc83d0f5956d8b94a9786cf0a75c67"},"headline":"Suppression des \u00ab \u00e9cobacs \u00bb \u00e0 compter du 1er janvier 2027","datePublished":"2026-09-03T07:56:24+00:00","dateModified":"2026-09-03T08:00:37+00:00","mainEntityOfPage":{"@id":"https:\/\/bierger.remich.lu\/2026\/09\/03\/abschaffung-der-ecobacs-ab-dem-1-januar-2027\/"},"wordCount":658,"image":{"@id":"https:\/\/bierger.remich.lu\/2026\/09\/03\/abschaffung-der-ecobacs-ab-dem-1-januar-2027\/#primaryimage"},"thumbnailUrl":"https:\/\/bierger.remich.lu\/wp-content\/uploads\/sites\/3\/2026\/09\/Ecobac.png","articleSection":["Uncategorized"],"inLanguage":"fr-FR"},{"@type":"WebPage","@id":"https:\/\/bierger.remich.lu\/2026\/09\/03\/abschaffung-der-ecobacs-ab-dem-1-januar-2027\/","url":"https:\/\/bierger.remich.lu\/2026\/09\/03\/abschaffung-der-ecobacs-ab-dem-1-januar-2027\/","name":"Suppression des \u00ab \u00e9cobacs \u00bb \u00e0 compter du 1er janvier 2027 - Ville de Remich","isPartOf":{"@id":"https:\/\/bierger.remich.lu\/de\/#website"},"primaryImageOfPage":{"@id":"https:\/\/bierger.remich.lu\/2026\/09\/03\/abschaffung-der-ecobacs-ab-dem-1-januar-2027\/#primaryimage"},"image":{"@id":"https:\/\/bierger.remich.lu\/2026\/09\/03\/abschaffung-der-ecobacs-ab-dem-1-januar-2027\/#primaryimage"},"thumbnailUrl":"https:\/\/bierger.remich.lu\/wp-content\/uploads\/sites\/3\/2026\/09\/Ecobac.png","datePublished":"2026-09-03T07:56:24+00:00","dateModified":"2026-09-03T08:00:37+00:00","author":{"@id":"https:\/\/bierger.remich.lu\/de\/#\/schema\/person\/98cc83d0f5956d8b94a9786cf0a75c67"},"breadcrumb":{"@id":"https:\/\/bierger.remich.lu\/2026\/09\/03\/abschaffung-der-ecobacs-ab-dem-1-januar-2027\/#breadcrumb"},"inLanguage":"fr-FR","potentialAction":[{"@type":"ReadAction","target":["https:\/\/bierger.remich.lu\/2026\/09\/03\/abschaffung-der-ecobacs-ab-dem-1-januar-2027\/"]}]},{"@type":"ImageObject","inLanguage":"fr-FR","@id":"https:\/\/bierger.remich.lu\/2026\/09\/03\/abschaffung-der-ecobacs-ab-dem-1-januar-2027\/#primaryimage","url":"https:\/\/bierger.remich.lu\/wp-content\/uploads\/sites\/3\/2026\/09\/Ecobac.png","contentUrl":"https:\/\/bierger.remich.lu\/wp-content\/uploads\/sites\/3\/2026\/09\/Ecobac.png","width":984,"height":874},{"@type":"BreadcrumbList","@id":"https:\/\/bierger.remich.lu\/2026\/09\/03\/abschaffung-der-ecobacs-ab-dem-1-januar-2027\/#breadcrumb","itemListElement":[{"@type":"ListItem","position":1,"name":"Startseite","item":"https:\/\/bierger.remich.lu\/de\/"},{"@type":"ListItem","position":2,"name":"Abschaffung der \u00ab Ecobacs \u00bb ab dem 1. Januar 2027"}]},{"@type":"WebSite","@id":"https:\/\/bierger.remich.lu\/de\/#website","url":"https:\/\/bierger.remich.lu\/de\/","name":"Ville de Remich","description":"","potentialAction":[{"@type":"SearchAction","target":{"@type":"EntryPoint","urlTemplate":"https:\/\/bierger.remich.lu\/de\/?s={search_term_string}"},"query-input":{"@type":"PropertyValueSpecification","valueRequired":true,"valueName":"search_term_string"}}],"inLanguage":"fr-FR"},{"@type":"Person","@id":"https:\/\/bierger.remich.lu\/de\/#\/schema\/person\/98cc83d0f5956d8b94a9786cf0a75c67","name":"mhentzen","image":{"@type":"ImageObject","inLanguage":"fr-FR","@id":"https:\/\/secure.gravatar.com\/avatar\/87fd6fcd1a8fbe02eaa3494dc83b290e352aeef27655d224fac9f407d859d342?s=96&d=mm&r=g","url":"https:\/\/secure.gravatar.com\/avatar\/87fd6fcd1a8fbe02eaa3494dc83b290e352aeef27655d224fac9f407d859d342?s=96&d=mm&r=g","contentUrl":"https:\/\/secure.gravatar.com\/avatar\/87fd6fcd1a8fbe02eaa3494dc83b290e352aeef27655d224fac9f407d859d342?s=96&d=mm&r=g","caption":"mhentzen"},"url":"#"}]}},"_links":{"self":[{"href":"https:\/\/bierger.remich.lu\/fr\/wp-json\/wp\/v2\/posts\/21156","targetHints":{"allow":["GET"]}}],"collection":[{"href":"https:\/\/bierger.remich.lu\/fr\/wp-json\/wp\/v2\/posts"}],"about":[{"href":"https:\/\/bierger.remich.lu\/fr\/wp-json\/wp\/v2\/types\/post"}],"author":[{"embeddable":true,"href":"https:\/\/bierger.remich.lu\/fr\/wp-json\/wp\/v2\/users\/10"}],"replies":[{"embeddable":true,"href":"https:\/\/bierger.remich.lu\/fr\/wp-json\/wp\/v2\/comments?post=21156"}],"version-history":[{"count":2,"href":"https:\/\/bierger.remich.lu\/fr\/wp-json\/wp\/v2\/posts\/21156\/revisions"}],"predecessor-version":[{"id":21159,"href":"https:\/\/bierger.remich.lu\/fr\/wp-json\/wp\/v2\/posts\/21156\/revisions\/21159"}],"wp:featuredmedia":[{"embeddable":true,"href":"https:\/\/bierger.remich.lu\/fr\/wp-json\/wp\/v2\/media\/21158"}],"wp:attachment":[{"href":"https:\/\/bierger.remich.lu\/fr\/wp-json\/wp\/v2\/media?parent=21156"}],"wp:term":[{"taxonomy":"category","embeddable":true,"href":"https:\/\/bierger.remich.lu\/fr\/wp-json\/wp\/v2\/categories?post=21156"},{"taxonomy":"post_tag","embeddable":true,"href":"https:\/\/bierger.remich.lu\/fr\/wp-json\/wp\/v2\/tags?post=21156"}],"curies":[{"name":"wp","href":"https:\/\/api.w.org\/{rel}","templated":true}]}}