{"id":8317,"date":"2022-02-22T12:01:40","date_gmt":"2022-02-22T11:01:40","guid":{"rendered":"http:\/\/bierger.remich.lu\/?p=8317"},"modified":"2022-02-22T12:11:42","modified_gmt":"2022-02-22T11:11:42","slug":"abstimmen-fuer-ein-referendum","status":"publish","type":"post","link":"https:\/\/bierger.remich.lu\/fr\/2022\/02\/22\/abstimmen-fuer-ein-referendum\/","title":{"rendered":"Vote pour un R\u00e9f\u00e9rendum"},"content":{"rendered":"Le vote pour un r\u00e9f\u00e9rendum sur la proposition de r\u00e9vision\u00a0<span lang=\"FR\">des Chapitres Ier, II, III, V, VII, VIII, IX, X, XI et XII<\/span>\u00a0de la Constitution peut \u00eatre sign\u00e9\u00a0<strong>du\u00a0<\/strong><b><span lang=\"FR\">2 mars 2022 au 25 mars 2022 <\/span><\/b><strong> \u00e0 l&rsquo;H\u00f4tel de Ville<\/strong>\u00a0(Place de la R\u00e9sistance) \u00e0 Remich.<\/p>\n<p><strong>Heures d&rsquo;ouverture :<\/strong><\/p>\n<ul>\n<li>Lundi : 08:00-11:30 et 13:30-16:00<\/li>\n<li>Mardi : 08:00-11:30 et 13:30-16:00<\/li>\n<li>Mercredi<em>*<\/em>\u00a0: 08:00-11:30 et 13:30-16:00\u00a0<em>(*chaque 1<sup>er<\/sup>\u00a0mercredi du mois : 13:30-19:00)<\/em><\/li>\n<li>Jeudi : 08:00-11:30 et 13:30-16:00<\/li>\n<li>Vendredi : 07:00-13:00<\/li>\n<li>Samedi : 11:00-12:00<\/li>\n<\/ul>","protected":false},"excerpt":{"rendered":"<p>Le vote pour un r\u00e9f\u00e9rendum sur la proposition de r\u00e9vision\u00a0des Chapitres Ier, II, III, V, VII, VIII, IX, X, XI et XII\u00a0de la Constitution peut \u00eatre sign\u00e9\u00a0du\u00a02 mars 2022 au 25 mars 2022 \u00e0 l&rsquo;H\u00f4tel de Ville\u00a0(Place de la R\u00e9sistance) \u00e0 Remich. Heures d&rsquo;ouverture : Lundi : 08:00-11:30 et 13:30-16:00 Mardi : 08:00-11:30 et 13:30-16:00&#8230;  <a class=\"excerpt-read-more\" href=\"https:\/\/bierger.remich.lu\/fr\/2022\/02\/22\/abstimmen-fuer-ein-referendum\/\" title=\"ReadVote pour un R\u00e9f\u00e9rendum\">Lire la suite \u00bb<\/a><\/p>\n","protected":false},"author":2,"featured_media":0,"comment_status":"open","ping_status":"open","sticky":false,"template":"","format":"standard","meta":{"_acf_changed":false,"xn-wppe-expiration":[],"xn-wppe-expiration-action":[],"xn-wppe-expiration-prefix":[],"footnotes":"","_links_to":"","_links_to_target":""},"categories":[1],"tags":[],"class_list":["post-8317","post","type-post","status-publish","format-standard","hentry","category-news"],"acf":[],"yoast_head":"<!-- This site is optimized with the Yoast SEO plugin v26.7 - https:\/\/yoast.com\/wordpress\/plugins\/seo\/ -->\n<title>Vote pour un R\u00e9f\u00e9rendum - Ville de Remich<\/title>\n<meta name=\"robots\" content=\"index, follow, max-snippet:-1, max-image-preview:large, max-video-preview:-1\" \/>\n<link rel=\"canonical\" href=\"https:\/\/bierger.remich.lu\/lb\/2022\/02\/22\/abstimmen-fuer-ein-referendum\/\" \/>\n<meta property=\"og:locale\" content=\"fr_FR\" \/>\n<meta property=\"og:type\" content=\"article\" \/>\n<meta property=\"og:title\" content=\"Vote pour un R\u00e9f\u00e9rendum - Ville de Remich\" \/>\n<meta property=\"og:description\" content=\"Le vote pour un r\u00e9f\u00e9rendum sur la proposition de r\u00e9vision\u00a0des Chapitres Ier, II, III, V, VII, VIII, IX, X, XI et XII\u00a0de la Constitution peut \u00eatre sign\u00e9\u00a0du\u00a02 mars 2022 au 25 mars 2022 \u00e0 l&rsquo;H\u00f4tel de Ville\u00a0(Place de la R\u00e9sistance) \u00e0 Remich. Heures d&rsquo;ouverture : Lundi : 08:00-11:30 et 13:30-16:00 Mardi : 08:00-11:30 et 13:30-16:00... Lire la suite \u00bb\" \/>\n<meta property=\"og:url\" content=\"https:\/\/bierger.remich.lu\/lb\/2022\/02\/22\/abstimmen-fuer-ein-referendum\/\" \/>\n<meta property=\"og:site_name\" content=\"Ville de Remich\" \/>\n<meta property=\"article:published_time\" content=\"2022-02-22T11:01:40+00:00\" \/>\n<meta property=\"article:modified_time\" content=\"2022-02-22T11:11:42+00:00\" \/>\n<meta name=\"author\" content=\"carolesitz\" \/>\n<meta name=\"twitter:card\" content=\"summary_large_image\" \/>\n<meta name=\"twitter:label1\" content=\"\u00c9crit par\" \/>\n\t<meta name=\"twitter:data1\" content=\"carolesitz\" \/>\n\t<meta name=\"twitter:label2\" content=\"Dur\u00e9e de lecture estim\u00e9e\" \/>\n\t<meta name=\"twitter:data2\" content=\"1 minute\" \/>\n<script type=\"application\/ld+json\" class=\"yoast-schema-graph\">{\"@context\":\"https:\/\/schema.org\",\"@graph\":[{\"@type\":\"Article\",\"@id\":\"https:\/\/bierger.remich.lu\/lb\/2022\/02\/22\/abstimmen-fuer-ein-referendum\/#article\",\"isPartOf\":{\"@id\":\"https:\/\/bierger.remich.lu\/lb\/2022\/02\/22\/abstimmen-fuer-ein-referendum\/\"},\"author\":{\"name\":\"carolesitz\",\"@id\":\"https:\/\/bierger.remich.lu\/de\/#\/schema\/person\/2f4d1c58be815d7d2a723780582c5ea0\"},\"headline\":\"Vote pour un R\u00e9f\u00e9rendum\",\"datePublished\":\"2022-02-22T11:01:40+00:00\",\"dateModified\":\"2022-02-22T11:11:42+00:00\",\"mainEntityOfPage\":{\"@id\":\"https:\/\/bierger.remich.lu\/lb\/2022\/02\/22\/abstimmen-fuer-ein-referendum\/\"},\"wordCount\":158,\"commentCount\":0,\"articleSection\":[\"Uncategorized\"],\"inLanguage\":\"fr-FR\",\"potentialAction\":[{\"@type\":\"CommentAction\",\"name\":\"Comment\",\"target\":[\"https:\/\/bierger.remich.lu\/lb\/2022\/02\/22\/abstimmen-fuer-ein-referendum\/#respond\"]}]},{\"@type\":\"WebPage\",\"@id\":\"https:\/\/bierger.remich.lu\/lb\/2022\/02\/22\/abstimmen-fuer-ein-referendum\/\",\"url\":\"https:\/\/bierger.remich.lu\/lb\/2022\/02\/22\/abstimmen-fuer-ein-referendum\/\",\"name\":\"Vote pour un R\u00e9f\u00e9rendum - Ville de Remich\",\"isPartOf\":{\"@id\":\"https:\/\/bierger.remich.lu\/de\/#website\"},\"datePublished\":\"2022-02-22T11:01:40+00:00\",\"dateModified\":\"2022-02-22T11:11:42+00:00\",\"author\":{\"@id\":\"https:\/\/bierger.remich.lu\/de\/#\/schema\/person\/2f4d1c58be815d7d2a723780582c5ea0\"},\"breadcrumb\":{\"@id\":\"https:\/\/bierger.remich.lu\/lb\/2022\/02\/22\/abstimmen-fuer-ein-referendum\/#breadcrumb\"},\"inLanguage\":\"fr-FR\",\"potentialAction\":[{\"@type\":\"ReadAction\",\"target\":[\"https:\/\/bierger.remich.lu\/lb\/2022\/02\/22\/abstimmen-fuer-ein-referendum\/\"]}]},{\"@type\":\"BreadcrumbList\",\"@id\":\"https:\/\/bierger.remich.lu\/lb\/2022\/02\/22\/abstimmen-fuer-ein-referendum\/#breadcrumb\",\"itemListElement\":[{\"@type\":\"ListItem\",\"position\":1,\"name\":\"Startseite\",\"item\":\"https:\/\/bierger.remich.lu\/de\/\"},{\"@type\":\"ListItem\",\"position\":2,\"name\":\"Vote pour un R\u00e9f\u00e9rendum\"}]},{\"@type\":\"WebSite\",\"@id\":\"https:\/\/bierger.remich.lu\/de\/#website\",\"url\":\"https:\/\/bierger.remich.lu\/de\/\",\"name\":\"Ville de Remich\",\"description\":\"\",\"potentialAction\":[{\"@type\":\"SearchAction\",\"target\":{\"@type\":\"EntryPoint\",\"urlTemplate\":\"https:\/\/bierger.remich.lu\/de\/?s={search_term_string}\"},\"query-input\":{\"@type\":\"PropertyValueSpecification\",\"valueRequired\":true,\"valueName\":\"search_term_string\"}}],\"inLanguage\":\"fr-FR\"},{\"@type\":\"Person\",\"@id\":\"https:\/\/bierger.remich.lu\/de\/#\/schema\/person\/2f4d1c58be815d7d2a723780582c5ea0\",\"name\":\"carolesitz\",\"image\":{\"@type\":\"ImageObject\",\"inLanguage\":\"fr-FR\",\"@id\":\"https:\/\/bierger.remich.lu\/de\/#\/schema\/person\/image\/\",\"url\":\"https:\/\/secure.gravatar.com\/avatar\/7085eef214126b2aad5cba674a30c015ce05951f082b5b560ff52555ccb605ba?s=96&d=mm&r=g\",\"contentUrl\":\"https:\/\/secure.gravatar.com\/avatar\/7085eef214126b2aad5cba674a30c015ce05951f082b5b560ff52555ccb605ba?s=96&d=mm&r=g\",\"caption\":\"carolesitz\"},\"url\":\"#\"}]}<\/script>\n<!-- \/ Yoast SEO plugin. -->","yoast_head_json":{"title":"Vote pour un R\u00e9f\u00e9rendum - Ville de Remich","robots":{"index":"index","follow":"follow","max-snippet":"max-snippet:-1","max-image-preview":"max-image-preview:large","max-video-preview":"max-video-preview:-1"},"canonical":"https:\/\/bierger.remich.lu\/lb\/2022\/02\/22\/abstimmen-fuer-ein-referendum\/","og_locale":"fr_FR","og_type":"article","og_title":"Vote pour un R\u00e9f\u00e9rendum - Ville de Remich","og_description":"Le vote pour un r\u00e9f\u00e9rendum sur la proposition de r\u00e9vision\u00a0des Chapitres Ier, II, III, V, VII, VIII, IX, X, XI et XII\u00a0de la Constitution peut \u00eatre sign\u00e9\u00a0du\u00a02 mars 2022 au 25 mars 2022 \u00e0 l&rsquo;H\u00f4tel de Ville\u00a0(Place de la R\u00e9sistance) \u00e0 Remich. Heures d&rsquo;ouverture : Lundi : 08:00-11:30 et 13:30-16:00 Mardi : 08:00-11:30 et 13:30-16:00... Lire la suite \u00bb","og_url":"https:\/\/bierger.remich.lu\/lb\/2022\/02\/22\/abstimmen-fuer-ein-referendum\/","og_site_name":"Ville de Remich","article_published_time":"2022-02-22T11:01:40+00:00","article_modified_time":"2022-02-22T11:11:42+00:00","author":"carolesitz","twitter_card":"summary_large_image","twitter_misc":{"\u00c9crit par":"carolesitz","Dur\u00e9e de lecture estim\u00e9e":"1 minute"},"schema":{"@context":"https:\/\/schema.org","@graph":[{"@type":"Article","@id":"https:\/\/bierger.remich.lu\/lb\/2022\/02\/22\/abstimmen-fuer-ein-referendum\/#article","isPartOf":{"@id":"https:\/\/bierger.remich.lu\/lb\/2022\/02\/22\/abstimmen-fuer-ein-referendum\/"},"author":{"name":"carolesitz","@id":"https:\/\/bierger.remich.lu\/de\/#\/schema\/person\/2f4d1c58be815d7d2a723780582c5ea0"},"headline":"Vote pour un R\u00e9f\u00e9rendum","datePublished":"2022-02-22T11:01:40+00:00","dateModified":"2022-02-22T11:11:42+00:00","mainEntityOfPage":{"@id":"https:\/\/bierger.remich.lu\/lb\/2022\/02\/22\/abstimmen-fuer-ein-referendum\/"},"wordCount":158,"commentCount":0,"articleSection":["Uncategorized"],"inLanguage":"fr-FR","potentialAction":[{"@type":"CommentAction","name":"Comment","target":["https:\/\/bierger.remich.lu\/lb\/2022\/02\/22\/abstimmen-fuer-ein-referendum\/#respond"]}]},{"@type":"WebPage","@id":"https:\/\/bierger.remich.lu\/lb\/2022\/02\/22\/abstimmen-fuer-ein-referendum\/","url":"https:\/\/bierger.remich.lu\/lb\/2022\/02\/22\/abstimmen-fuer-ein-referendum\/","name":"Vote pour un R\u00e9f\u00e9rendum - Ville de Remich","isPartOf":{"@id":"https:\/\/bierger.remich.lu\/de\/#website"},"datePublished":"2022-02-22T11:01:40+00:00","dateModified":"2022-02-22T11:11:42+00:00","author":{"@id":"https:\/\/bierger.remich.lu\/de\/#\/schema\/person\/2f4d1c58be815d7d2a723780582c5ea0"},"breadcrumb":{"@id":"https:\/\/bierger.remich.lu\/lb\/2022\/02\/22\/abstimmen-fuer-ein-referendum\/#breadcrumb"},"inLanguage":"fr-FR","potentialAction":[{"@type":"ReadAction","target":["https:\/\/bierger.remich.lu\/lb\/2022\/02\/22\/abstimmen-fuer-ein-referendum\/"]}]},{"@type":"BreadcrumbList","@id":"https:\/\/bierger.remich.lu\/lb\/2022\/02\/22\/abstimmen-fuer-ein-referendum\/#breadcrumb","itemListElement":[{"@type":"ListItem","position":1,"name":"Startseite","item":"https:\/\/bierger.remich.lu\/de\/"},{"@type":"ListItem","position":2,"name":"Vote pour un R\u00e9f\u00e9rendum"}]},{"@type":"WebSite","@id":"https:\/\/bierger.remich.lu\/de\/#website","url":"https:\/\/bierger.remich.lu\/de\/","name":"Ville de Remich","description":"","potentialAction":[{"@type":"SearchAction","target":{"@type":"EntryPoint","urlTemplate":"https:\/\/bierger.remich.lu\/de\/?s={search_term_string}"},"query-input":{"@type":"PropertyValueSpecification","valueRequired":true,"valueName":"search_term_string"}}],"inLanguage":"fr-FR"},{"@type":"Person","@id":"https:\/\/bierger.remich.lu\/de\/#\/schema\/person\/2f4d1c58be815d7d2a723780582c5ea0","name":"carolesitz","image":{"@type":"ImageObject","inLanguage":"fr-FR","@id":"https:\/\/bierger.remich.lu\/de\/#\/schema\/person\/image\/","url":"https:\/\/secure.gravatar.com\/avatar\/7085eef214126b2aad5cba674a30c015ce05951f082b5b560ff52555ccb605ba?s=96&d=mm&r=g","contentUrl":"https:\/\/secure.gravatar.com\/avatar\/7085eef214126b2aad5cba674a30c015ce05951f082b5b560ff52555ccb605ba?s=96&d=mm&r=g","caption":"carolesitz"},"url":"#"}]}},"_links":{"self":[{"href":"https:\/\/bierger.remich.lu\/fr\/wp-json\/wp\/v2\/posts\/8317","targetHints":{"allow":["GET"]}}],"collection":[{"href":"https:\/\/bierger.remich.lu\/fr\/wp-json\/wp\/v2\/posts"}],"about":[{"href":"https:\/\/bierger.remich.lu\/fr\/wp-json\/wp\/v2\/types\/post"}],"author":[{"embeddable":true,"href":"https:\/\/bierger.remich.lu\/fr\/wp-json\/wp\/v2\/users\/2"}],"replies":[{"embeddable":true,"href":"https:\/\/bierger.remich.lu\/fr\/wp-json\/wp\/v2\/comments?post=8317"}],"version-history":[{"count":1,"href":"https:\/\/bierger.remich.lu\/fr\/wp-json\/wp\/v2\/posts\/8317\/revisions"}],"predecessor-version":[{"id":8318,"href":"https:\/\/bierger.remich.lu\/fr\/wp-json\/wp\/v2\/posts\/8317\/revisions\/8318"}],"wp:attachment":[{"href":"https:\/\/bierger.remich.lu\/fr\/wp-json\/wp\/v2\/media?parent=8317"}],"wp:term":[{"taxonomy":"category","embeddable":true,"href":"https:\/\/bierger.remich.lu\/fr\/wp-json\/wp\/v2\/categories?post=8317"},{"taxonomy":"post_tag","embeddable":true,"href":"https:\/\/bierger.remich.lu\/fr\/wp-json\/wp\/v2\/tags?post=8317"}],"curies":[{"name":"wp","href":"https:\/\/api.w.org\/{rel}","templated":true}]}}