{"id":11765,"date":"2023-01-23T10:54:43","date_gmt":"2023-01-23T09:54:43","guid":{"rendered":"https:\/\/bierger.remich.lu\/?p=11765"},"modified":"2023-01-23T10:57:15","modified_gmt":"2023-01-23T09:57:15","slug":"energiekooperativ-kanton-reimech-informatiounsowend","status":"publish","type":"post","link":"https:\/\/bierger.remich.lu\/lb\/2023\/01\/23\/energiekooperativ-kanton-reimech-informatiounsowend\/","title":{"rendered":"Energiekooperativ Kanton Remich | Soir\u00e9e d&#8217;information"},"content":{"rendered":"<p class=\"qtranxs-available-languages-message qtranxs-available-languages-message-lb\">Leider g\u00ebtt et d\u00ebsen Inhalt n\u00ebmmen op <a href=\"https:\/\/bierger.remich.lu\/fr\/wp-json\/wp\/v2\/posts\/11765\" class=\"qtranxs-available-language-link qtranxs-available-language-link-fr\" title=\"FR\">FR<\/a> an <a href=\"https:\/\/bierger.remich.lu\/de\/wp-json\/wp\/v2\/posts\/11765\" class=\"qtranxs-available-language-link qtranxs-available-language-link-de\" title=\"DE\">DE<\/a>. For the sake of viewer convenience, the content is shown below in one of the available alternative languages. You may click one of the links to switch the site language to another available language.<\/p>L&#8217;Energiekooperativ Kanton Remich est une \u00e9quipe de personnes engag\u00e9es des communes Bous, Dalheim, Lenningen, Mondorf-les-bains, Remich, Schengen, Stadtbredimus et Waldbredimus.<\/p>\n<h3>La mission<\/h3>\n<p>Mise en place et exploitation d&#8217;installations photovolta\u00efques sur des toitures de b\u00e2timents publics et production d\u2019\u00e9lectricit\u00e9 renouvelable<\/p>\n<h3>La participation<\/h3>\n<p>Tous les habitants du canton de Remich peuvent participer par un apport financier aux projets communs.<br \/>\n\u2192 La participation minimale est de 100 \u20ac.<br \/>\n\u2192 Chaque membre de la coop\u00e9rative a le droit de vote.<\/p>\n<p>Plus d&#8217;infos: <a href=\"https:\/\/www.ekr.lu\/\">www.ekr.lu<\/a><\/p>\n<h3>Premi\u00e8re r\u00e9union<\/h3>\n<p>08 f\u00e9vrier 2023 |\u00a0 19h30<br \/>\nMaison communale de Mondorf-les-Bains","protected":false},"excerpt":{"rendered":"<p>Leider g\u00ebtt et d\u00ebsen Inhalt n\u00ebmmen op FR an DE. For the sake of viewer convenience, the content is shown below in one of the available alternative languages. You may click one of the links to switch the site language to another available language.L&#8217;Energiekooperativ Kanton Remich est une \u00e9quipe de personnes engag\u00e9es des communes Bous,&#8230;  <a class=\"excerpt-read-more\" href=\"https:\/\/bierger.remich.lu\/lb\/2023\/01\/23\/energiekooperativ-kanton-reimech-informatiounsowend\/\" title=\"ReadEnergiekooperativ Kanton Remich | Soir\u00e9e d&#8217;information\">Read more &raquo;<\/a><\/p>\n","protected":false},"author":4,"featured_media":0,"comment_status":"open","ping_status":"open","sticky":false,"template":"","format":"standard","meta":{"_acf_changed":false,"xn-wppe-expiration":[],"xn-wppe-expiration-action":[],"xn-wppe-expiration-prefix":[],"footnotes":"","_links_to":"","_links_to_target":""},"categories":[1],"tags":[],"class_list":["post-11765","post","type-post","status-publish","format-standard","hentry","category-news","keyword-energie","keyword-umwelt"],"acf":[],"yoast_head":"<!-- This site is optimized with the Yoast SEO plugin v26.7 - https:\/\/yoast.com\/wordpress\/plugins\/seo\/ -->\n<title>Energiekooperativ Kanton Remich | Soir\u00e9e d&#039;information - Ville de Remich<\/title>\n<meta name=\"robots\" content=\"index, follow, max-snippet:-1, max-image-preview:large, max-video-preview:-1\" \/>\n<link rel=\"canonical\" href=\"https:\/\/bierger.remich.lu\/lb\/2023\/01\/23\/energiekooperativ-kanton-reimech-informatiounsowend\/\" \/>\n<meta property=\"og:locale\" content=\"en_US\" \/>\n<meta property=\"og:type\" content=\"article\" \/>\n<meta property=\"og:title\" content=\"Energiekooperativ Kanton Remich | Soir\u00e9e d&#039;information - Ville de Remich\" \/>\n<meta property=\"og:description\" content=\"Leider g\u00ebtt et d\u00ebsen Inhalt n\u00ebmmen op FR an DE. For the sake of viewer convenience, the content is shown below in one of the available alternative languages. You may click one of the links to switch the site language to another available language.L&#8217;Energiekooperativ Kanton Remich est une \u00e9quipe de personnes engag\u00e9es des communes Bous,... Read more &raquo;\" \/>\n<meta property=\"og:url\" content=\"https:\/\/bierger.remich.lu\/lb\/2023\/01\/23\/energiekooperativ-kanton-reimech-informatiounsowend\/\" \/>\n<meta property=\"og:site_name\" content=\"Ville de Remich\" \/>\n<meta property=\"article:published_time\" content=\"2023-01-23T09:54:43+00:00\" \/>\n<meta property=\"article:modified_time\" content=\"2023-01-23T09:57:15+00:00\" \/>\n<meta name=\"author\" content=\"murielkayser\" \/>\n<meta name=\"twitter:card\" content=\"summary_large_image\" \/>\n<meta name=\"twitter:label1\" content=\"Written by\" \/>\n\t<meta name=\"twitter:data1\" content=\"murielkayser\" \/>\n\t<meta name=\"twitter:label2\" content=\"Est. reading time\" \/>\n\t<meta name=\"twitter:data2\" content=\"1 minute\" \/>\n<script type=\"application\/ld+json\" class=\"yoast-schema-graph\">{\"@context\":\"https:\/\/schema.org\",\"@graph\":[{\"@type\":\"Article\",\"@id\":\"https:\/\/bierger.remich.lu\/lb\/2023\/01\/23\/energiekooperativ-kanton-reimech-informatiounsowend\/#article\",\"isPartOf\":{\"@id\":\"https:\/\/bierger.remich.lu\/lb\/2023\/01\/23\/energiekooperativ-kanton-reimech-informatiounsowend\/\"},\"author\":{\"name\":\"murielkayser\",\"@id\":\"https:\/\/bierger.remich.lu\/de\/#\/schema\/person\/5babce1f1102bf4d794591f52f77f7ac\"},\"headline\":\"Energiekooperativ Kanton Remich | Soir\u00e9e d&#8217;information\",\"datePublished\":\"2023-01-23T09:54:43+00:00\",\"dateModified\":\"2023-01-23T09:57:15+00:00\",\"mainEntityOfPage\":{\"@id\":\"https:\/\/bierger.remich.lu\/lb\/2023\/01\/23\/energiekooperativ-kanton-reimech-informatiounsowend\/\"},\"wordCount\":193,\"commentCount\":0,\"inLanguage\":\"lb-LU\",\"potentialAction\":[{\"@type\":\"CommentAction\",\"name\":\"Comment\",\"target\":[\"https:\/\/bierger.remich.lu\/lb\/2023\/01\/23\/energiekooperativ-kanton-reimech-informatiounsowend\/#respond\"]}]},{\"@type\":\"WebPage\",\"@id\":\"https:\/\/bierger.remich.lu\/lb\/2023\/01\/23\/energiekooperativ-kanton-reimech-informatiounsowend\/\",\"url\":\"https:\/\/bierger.remich.lu\/lb\/2023\/01\/23\/energiekooperativ-kanton-reimech-informatiounsowend\/\",\"name\":\"Energiekooperativ Kanton Remich | Soir\u00e9e d'information - Ville de Remich\",\"isPartOf\":{\"@id\":\"https:\/\/bierger.remich.lu\/de\/#website\"},\"datePublished\":\"2023-01-23T09:54:43+00:00\",\"dateModified\":\"2023-01-23T09:57:15+00:00\",\"author\":{\"@id\":\"https:\/\/bierger.remich.lu\/de\/#\/schema\/person\/5babce1f1102bf4d794591f52f77f7ac\"},\"breadcrumb\":{\"@id\":\"https:\/\/bierger.remich.lu\/lb\/2023\/01\/23\/energiekooperativ-kanton-reimech-informatiounsowend\/#breadcrumb\"},\"inLanguage\":\"lb-LU\",\"potentialAction\":[{\"@type\":\"ReadAction\",\"target\":[\"https:\/\/bierger.remich.lu\/lb\/2023\/01\/23\/energiekooperativ-kanton-reimech-informatiounsowend\/\"]}]},{\"@type\":\"BreadcrumbList\",\"@id\":\"https:\/\/bierger.remich.lu\/lb\/2023\/01\/23\/energiekooperativ-kanton-reimech-informatiounsowend\/#breadcrumb\",\"itemListElement\":[{\"@type\":\"ListItem\",\"position\":1,\"name\":\"Startseite\",\"item\":\"https:\/\/bierger.remich.lu\/de\/\"},{\"@type\":\"ListItem\",\"position\":2,\"name\":\"Energiekooperativ Kanton Remich | Soir\u00e9e d&#8217;information\"}]},{\"@type\":\"WebSite\",\"@id\":\"https:\/\/bierger.remich.lu\/de\/#website\",\"url\":\"https:\/\/bierger.remich.lu\/de\/\",\"name\":\"Ville de Remich\",\"description\":\"\",\"potentialAction\":[{\"@type\":\"SearchAction\",\"target\":{\"@type\":\"EntryPoint\",\"urlTemplate\":\"https:\/\/bierger.remich.lu\/de\/?s={search_term_string}\"},\"query-input\":{\"@type\":\"PropertyValueSpecification\",\"valueRequired\":true,\"valueName\":\"search_term_string\"}}],\"inLanguage\":\"lb-LU\"},{\"@type\":\"Person\",\"@id\":\"https:\/\/bierger.remich.lu\/de\/#\/schema\/person\/5babce1f1102bf4d794591f52f77f7ac\",\"name\":\"murielkayser\",\"image\":{\"@type\":\"ImageObject\",\"inLanguage\":\"lb-LU\",\"@id\":\"https:\/\/bierger.remich.lu\/de\/#\/schema\/person\/image\/\",\"url\":\"https:\/\/secure.gravatar.com\/avatar\/929f45c18759f15bc69ebb2c989dc3f1733d348e81e97f979f32017e6ca077ee?s=96&d=mm&r=g\",\"contentUrl\":\"https:\/\/secure.gravatar.com\/avatar\/929f45c18759f15bc69ebb2c989dc3f1733d348e81e97f979f32017e6ca077ee?s=96&d=mm&r=g\",\"caption\":\"murielkayser\"},\"url\":\"#\"}]}<\/script>\n<!-- \/ Yoast SEO plugin. -->","yoast_head_json":{"title":"Energiekooperativ Kanton Remich | Soir\u00e9e d'information - Ville de Remich","robots":{"index":"index","follow":"follow","max-snippet":"max-snippet:-1","max-image-preview":"max-image-preview:large","max-video-preview":"max-video-preview:-1"},"canonical":"https:\/\/bierger.remich.lu\/lb\/2023\/01\/23\/energiekooperativ-kanton-reimech-informatiounsowend\/","og_locale":"en_US","og_type":"article","og_title":"Energiekooperativ Kanton Remich | Soir\u00e9e d'information - Ville de Remich","og_description":"Leider g\u00ebtt et d\u00ebsen Inhalt n\u00ebmmen op FR an DE. For the sake of viewer convenience, the content is shown below in one of the available alternative languages. You may click one of the links to switch the site language to another available language.L&#8217;Energiekooperativ Kanton Remich est une \u00e9quipe de personnes engag\u00e9es des communes Bous,... Read more &raquo;","og_url":"https:\/\/bierger.remich.lu\/lb\/2023\/01\/23\/energiekooperativ-kanton-reimech-informatiounsowend\/","og_site_name":"Ville de Remich","article_published_time":"2023-01-23T09:54:43+00:00","article_modified_time":"2023-01-23T09:57:15+00:00","author":"murielkayser","twitter_card":"summary_large_image","twitter_misc":{"Written by":"murielkayser","Est. reading time":"1 minute"},"schema":{"@context":"https:\/\/schema.org","@graph":[{"@type":"Article","@id":"https:\/\/bierger.remich.lu\/lb\/2023\/01\/23\/energiekooperativ-kanton-reimech-informatiounsowend\/#article","isPartOf":{"@id":"https:\/\/bierger.remich.lu\/lb\/2023\/01\/23\/energiekooperativ-kanton-reimech-informatiounsowend\/"},"author":{"name":"murielkayser","@id":"https:\/\/bierger.remich.lu\/de\/#\/schema\/person\/5babce1f1102bf4d794591f52f77f7ac"},"headline":"Energiekooperativ Kanton Remich | Soir\u00e9e d&#8217;information","datePublished":"2023-01-23T09:54:43+00:00","dateModified":"2023-01-23T09:57:15+00:00","mainEntityOfPage":{"@id":"https:\/\/bierger.remich.lu\/lb\/2023\/01\/23\/energiekooperativ-kanton-reimech-informatiounsowend\/"},"wordCount":193,"commentCount":0,"inLanguage":"lb-LU","potentialAction":[{"@type":"CommentAction","name":"Comment","target":["https:\/\/bierger.remich.lu\/lb\/2023\/01\/23\/energiekooperativ-kanton-reimech-informatiounsowend\/#respond"]}]},{"@type":"WebPage","@id":"https:\/\/bierger.remich.lu\/lb\/2023\/01\/23\/energiekooperativ-kanton-reimech-informatiounsowend\/","url":"https:\/\/bierger.remich.lu\/lb\/2023\/01\/23\/energiekooperativ-kanton-reimech-informatiounsowend\/","name":"Energiekooperativ Kanton Remich | Soir\u00e9e d'information - Ville de Remich","isPartOf":{"@id":"https:\/\/bierger.remich.lu\/de\/#website"},"datePublished":"2023-01-23T09:54:43+00:00","dateModified":"2023-01-23T09:57:15+00:00","author":{"@id":"https:\/\/bierger.remich.lu\/de\/#\/schema\/person\/5babce1f1102bf4d794591f52f77f7ac"},"breadcrumb":{"@id":"https:\/\/bierger.remich.lu\/lb\/2023\/01\/23\/energiekooperativ-kanton-reimech-informatiounsowend\/#breadcrumb"},"inLanguage":"lb-LU","potentialAction":[{"@type":"ReadAction","target":["https:\/\/bierger.remich.lu\/lb\/2023\/01\/23\/energiekooperativ-kanton-reimech-informatiounsowend\/"]}]},{"@type":"BreadcrumbList","@id":"https:\/\/bierger.remich.lu\/lb\/2023\/01\/23\/energiekooperativ-kanton-reimech-informatiounsowend\/#breadcrumb","itemListElement":[{"@type":"ListItem","position":1,"name":"Startseite","item":"https:\/\/bierger.remich.lu\/de\/"},{"@type":"ListItem","position":2,"name":"Energiekooperativ Kanton Remich | Soir\u00e9e d&#8217;information"}]},{"@type":"WebSite","@id":"https:\/\/bierger.remich.lu\/de\/#website","url":"https:\/\/bierger.remich.lu\/de\/","name":"Ville de Remich","description":"","potentialAction":[{"@type":"SearchAction","target":{"@type":"EntryPoint","urlTemplate":"https:\/\/bierger.remich.lu\/de\/?s={search_term_string}"},"query-input":{"@type":"PropertyValueSpecification","valueRequired":true,"valueName":"search_term_string"}}],"inLanguage":"lb-LU"},{"@type":"Person","@id":"https:\/\/bierger.remich.lu\/de\/#\/schema\/person\/5babce1f1102bf4d794591f52f77f7ac","name":"murielkayser","image":{"@type":"ImageObject","inLanguage":"lb-LU","@id":"https:\/\/bierger.remich.lu\/de\/#\/schema\/person\/image\/","url":"https:\/\/secure.gravatar.com\/avatar\/929f45c18759f15bc69ebb2c989dc3f1733d348e81e97f979f32017e6ca077ee?s=96&d=mm&r=g","contentUrl":"https:\/\/secure.gravatar.com\/avatar\/929f45c18759f15bc69ebb2c989dc3f1733d348e81e97f979f32017e6ca077ee?s=96&d=mm&r=g","caption":"murielkayser"},"url":"#"}]}},"_links":{"self":[{"href":"https:\/\/bierger.remich.lu\/lb\/wp-json\/wp\/v2\/posts\/11765","targetHints":{"allow":["GET"]}}],"collection":[{"href":"https:\/\/bierger.remich.lu\/lb\/wp-json\/wp\/v2\/posts"}],"about":[{"href":"https:\/\/bierger.remich.lu\/lb\/wp-json\/wp\/v2\/types\/post"}],"author":[{"embeddable":true,"href":"https:\/\/bierger.remich.lu\/lb\/wp-json\/wp\/v2\/users\/4"}],"replies":[{"embeddable":true,"href":"https:\/\/bierger.remich.lu\/lb\/wp-json\/wp\/v2\/comments?post=11765"}],"version-history":[{"count":2,"href":"https:\/\/bierger.remich.lu\/lb\/wp-json\/wp\/v2\/posts\/11765\/revisions"}],"predecessor-version":[{"id":11770,"href":"https:\/\/bierger.remich.lu\/lb\/wp-json\/wp\/v2\/posts\/11765\/revisions\/11770"}],"wp:attachment":[{"href":"https:\/\/bierger.remich.lu\/lb\/wp-json\/wp\/v2\/media?parent=11765"}],"wp:term":[{"taxonomy":"category","embeddable":true,"href":"https:\/\/bierger.remich.lu\/lb\/wp-json\/wp\/v2\/categories?post=11765"},{"taxonomy":"post_tag","embeddable":true,"href":"https:\/\/bierger.remich.lu\/lb\/wp-json\/wp\/v2\/tags?post=11765"}],"curies":[{"name":"wp","href":"https:\/\/api.w.org\/{rel}","templated":true}]}}