{"id":12013,"date":"2023-03-15T11:51:31","date_gmt":"2023-03-15T10:51:31","guid":{"rendered":"https:\/\/bierger.remich.lu\/?p=12013"},"modified":"2023-03-15T11:51:31","modified_gmt":"2023-03-15T10:51:31","slug":"karnevalsumzug-infos-strassensperrungen-busverkehr","status":"publish","type":"post","link":"https:\/\/bierger.remich.lu\/lb\/2023\/03\/15\/karnevalsumzug-infos-strassensperrungen-busverkehr\/","title":{"rendered":"Cavalcade | Verk\u00e9iersinformatiounen &amp; \u00c4nnerungen beim \u00ebffentlechen Transport"},"content":{"rendered":"<h4>Verk\u00e9ier<\/h4>\n<p>Sonndes, de 19. M\u00e4erz 2023 si w\u00e9inst der Cavalcade zu R\u00e9imech verschidde Stroosse gespaart vun 13 bis ongef\u00e9ier 18 Auer.<\/p>\n<p>Op ville Plazen ass et och verbueden ze parken. Mir bieden Iech d&#8217;Besch\u00eblderung vun de verschiddene Parkverbueter genee ze liesen \u00e9ier Dir \u00c4ren Auto ofstellt.<\/p>\n<p>Detaill\u00e9iert Informatioune fannt Dir am <a href=\"https:\/\/bierger.remich.lu\/wp-content\/uploads\/sites\/3\/2023\/03\/Rtdc_Cavalcade_Publie20230315.pdf\">Verk\u00e9iersreglement<\/a>.<\/p>\n<p>\u00cbmleedungen si gezeechent.<\/p>\n<h4>\u00c4nnerungen am \u00ebffentlechen Transport<\/h4>\n<p>Betraff sin d&#8217;Linnen 341, 342, 406, 411, 413, 431, 432 an 550, sou w\u00e9i och verschidde Busarr\u00eaten.<\/p>\n<p>Weider Informatioune fannt Dir am <a href=\"https:\/\/bierger.remich.lu\/wp-content\/uploads\/sites\/3\/2023\/03\/Avis-RGTR_Cavalcade-2023.pdf\">Avis vum RGTR<\/a>.","protected":false},"excerpt":{"rendered":"<p>Verk\u00e9ier Sonndes, de 19. M\u00e4erz 2023 si w\u00e9inst der Cavalcade zu R\u00e9imech verschidde Stroosse gespaart vun 13 bis ongef\u00e9ier 18 Auer. Op ville Plazen ass et och verbueden ze parken. Mir bieden Iech d&#8217;Besch\u00eblderung vun de verschiddene Parkverbueter genee ze liesen \u00e9ier Dir \u00c4ren Auto ofstellt. Detaill\u00e9iert Informatioune fannt Dir am Verk\u00e9iersreglement. \u00cbmleedungen si gezeechent&#8230;.  <a class=\"excerpt-read-more\" href=\"https:\/\/bierger.remich.lu\/lb\/2023\/03\/15\/karnevalsumzug-infos-strassensperrungen-busverkehr\/\" title=\"ReadCavalcade | Verk\u00e9iersinformatiounen &amp; \u00c4nnerungen beim \u00ebffentlechen Transport\">Read more &raquo;<\/a><\/p>\n","protected":false},"author":4,"featured_media":0,"comment_status":"open","ping_status":"open","sticky":false,"template":"","format":"standard","meta":{"_acf_changed":false,"xn-wppe-expiration":[],"xn-wppe-expiration-action":[],"xn-wppe-expiration-prefix":[],"footnotes":"","_links_to":"","_links_to_target":""},"categories":[1],"tags":[],"class_list":["post-12013","post","type-post","status-publish","format-standard","hentry","category-news","keyword-marche"],"acf":[],"yoast_head":"<!-- This site is optimized with the Yoast SEO plugin v26.7 - https:\/\/yoast.com\/wordpress\/plugins\/seo\/ -->\n<title>Cavalcade | Verk\u00e9iersinformatiounen &amp; \u00c4nnerungen beim \u00ebffentlechen Transport - Ville de Remich<\/title>\n<meta name=\"robots\" content=\"index, follow, max-snippet:-1, max-image-preview:large, max-video-preview:-1\" \/>\n<link rel=\"canonical\" href=\"https:\/\/bierger.remich.lu\/lb\/2023\/03\/15\/karnevalsumzug-infos-strassensperrungen-busverkehr\/\" \/>\n<meta property=\"og:locale\" content=\"en_US\" \/>\n<meta property=\"og:type\" content=\"article\" \/>\n<meta property=\"og:title\" content=\"Cavalcade | Verk\u00e9iersinformatiounen &amp; \u00c4nnerungen beim \u00ebffentlechen Transport - Ville de Remich\" \/>\n<meta property=\"og:description\" content=\"Verk\u00e9ier Sonndes, de 19. M\u00e4erz 2023 si w\u00e9inst der Cavalcade zu R\u00e9imech verschidde Stroosse gespaart vun 13 bis ongef\u00e9ier 18 Auer. Op ville Plazen ass et och verbueden ze parken. Mir bieden Iech d&#8217;Besch\u00eblderung vun de verschiddene Parkverbueter genee ze liesen \u00e9ier Dir \u00c4ren Auto ofstellt. Detaill\u00e9iert Informatioune fannt Dir am Verk\u00e9iersreglement. \u00cbmleedungen si gezeechent.... Read more &raquo;\" \/>\n<meta property=\"og:url\" content=\"https:\/\/bierger.remich.lu\/lb\/2023\/03\/15\/karnevalsumzug-infos-strassensperrungen-busverkehr\/\" \/>\n<meta property=\"og:site_name\" content=\"Ville de Remich\" \/>\n<meta property=\"article:published_time\" content=\"2023-03-15T10:51:31+00:00\" \/>\n<meta name=\"author\" content=\"murielkayser\" \/>\n<meta name=\"twitter:card\" content=\"summary_large_image\" \/>\n<meta name=\"twitter:label1\" content=\"Written by\" \/>\n\t<meta name=\"twitter:data1\" content=\"murielkayser\" \/>\n\t<meta name=\"twitter:label2\" content=\"Est. reading time\" \/>\n\t<meta name=\"twitter:data2\" content=\"2 minutes\" \/>\n<script type=\"application\/ld+json\" class=\"yoast-schema-graph\">{\"@context\":\"https:\/\/schema.org\",\"@graph\":[{\"@type\":\"Article\",\"@id\":\"https:\/\/bierger.remich.lu\/lb\/2023\/03\/15\/karnevalsumzug-infos-strassensperrungen-busverkehr\/#article\",\"isPartOf\":{\"@id\":\"https:\/\/bierger.remich.lu\/lb\/2023\/03\/15\/karnevalsumzug-infos-strassensperrungen-busverkehr\/\"},\"author\":{\"name\":\"murielkayser\",\"@id\":\"https:\/\/bierger.remich.lu\/de\/#\/schema\/person\/5babce1f1102bf4d794591f52f77f7ac\"},\"headline\":\"Cavalcade | Verk\u00e9iersinformatiounen &amp; \u00c4nnerungen beim \u00ebffentlechen Transport\",\"datePublished\":\"2023-03-15T10:51:31+00:00\",\"mainEntityOfPage\":{\"@id\":\"https:\/\/bierger.remich.lu\/lb\/2023\/03\/15\/karnevalsumzug-infos-strassensperrungen-busverkehr\/\"},\"wordCount\":377,\"commentCount\":0,\"inLanguage\":\"lb-LU\",\"potentialAction\":[{\"@type\":\"CommentAction\",\"name\":\"Comment\",\"target\":[\"https:\/\/bierger.remich.lu\/lb\/2023\/03\/15\/karnevalsumzug-infos-strassensperrungen-busverkehr\/#respond\"]}]},{\"@type\":\"WebPage\",\"@id\":\"https:\/\/bierger.remich.lu\/lb\/2023\/03\/15\/karnevalsumzug-infos-strassensperrungen-busverkehr\/\",\"url\":\"https:\/\/bierger.remich.lu\/lb\/2023\/03\/15\/karnevalsumzug-infos-strassensperrungen-busverkehr\/\",\"name\":\"Cavalcade | Verk\u00e9iersinformatiounen &amp; \u00c4nnerungen beim \u00ebffentlechen Transport - Ville de Remich\",\"isPartOf\":{\"@id\":\"https:\/\/bierger.remich.lu\/de\/#website\"},\"datePublished\":\"2023-03-15T10:51:31+00:00\",\"author\":{\"@id\":\"https:\/\/bierger.remich.lu\/de\/#\/schema\/person\/5babce1f1102bf4d794591f52f77f7ac\"},\"breadcrumb\":{\"@id\":\"https:\/\/bierger.remich.lu\/lb\/2023\/03\/15\/karnevalsumzug-infos-strassensperrungen-busverkehr\/#breadcrumb\"},\"inLanguage\":\"lb-LU\",\"potentialAction\":[{\"@type\":\"ReadAction\",\"target\":[\"https:\/\/bierger.remich.lu\/lb\/2023\/03\/15\/karnevalsumzug-infos-strassensperrungen-busverkehr\/\"]}]},{\"@type\":\"BreadcrumbList\",\"@id\":\"https:\/\/bierger.remich.lu\/lb\/2023\/03\/15\/karnevalsumzug-infos-strassensperrungen-busverkehr\/#breadcrumb\",\"itemListElement\":[{\"@type\":\"ListItem\",\"position\":1,\"name\":\"Startseite\",\"item\":\"https:\/\/bierger.remich.lu\/de\/\"},{\"@type\":\"ListItem\",\"position\":2,\"name\":\"Cavalcade | Verk\u00e9iersinformatiounen &amp; \u00c4nnerungen beim \u00ebffentlechen Transport\"}]},{\"@type\":\"WebSite\",\"@id\":\"https:\/\/bierger.remich.lu\/de\/#website\",\"url\":\"https:\/\/bierger.remich.lu\/de\/\",\"name\":\"Ville de Remich\",\"description\":\"\",\"potentialAction\":[{\"@type\":\"SearchAction\",\"target\":{\"@type\":\"EntryPoint\",\"urlTemplate\":\"https:\/\/bierger.remich.lu\/de\/?s={search_term_string}\"},\"query-input\":{\"@type\":\"PropertyValueSpecification\",\"valueRequired\":true,\"valueName\":\"search_term_string\"}}],\"inLanguage\":\"lb-LU\"},{\"@type\":\"Person\",\"@id\":\"https:\/\/bierger.remich.lu\/de\/#\/schema\/person\/5babce1f1102bf4d794591f52f77f7ac\",\"name\":\"murielkayser\",\"image\":{\"@type\":\"ImageObject\",\"inLanguage\":\"lb-LU\",\"@id\":\"https:\/\/bierger.remich.lu\/de\/#\/schema\/person\/image\/\",\"url\":\"https:\/\/secure.gravatar.com\/avatar\/929f45c18759f15bc69ebb2c989dc3f1733d348e81e97f979f32017e6ca077ee?s=96&d=mm&r=g\",\"contentUrl\":\"https:\/\/secure.gravatar.com\/avatar\/929f45c18759f15bc69ebb2c989dc3f1733d348e81e97f979f32017e6ca077ee?s=96&d=mm&r=g\",\"caption\":\"murielkayser\"},\"url\":\"#\"}]}<\/script>\n<!-- \/ Yoast SEO plugin. -->","yoast_head_json":{"title":"Cavalcade | Verk\u00e9iersinformatiounen &amp; \u00c4nnerungen beim \u00ebffentlechen Transport - Ville de Remich","robots":{"index":"index","follow":"follow","max-snippet":"max-snippet:-1","max-image-preview":"max-image-preview:large","max-video-preview":"max-video-preview:-1"},"canonical":"https:\/\/bierger.remich.lu\/lb\/2023\/03\/15\/karnevalsumzug-infos-strassensperrungen-busverkehr\/","og_locale":"en_US","og_type":"article","og_title":"Cavalcade | Verk\u00e9iersinformatiounen &amp; \u00c4nnerungen beim \u00ebffentlechen Transport - Ville de Remich","og_description":"Verk\u00e9ier Sonndes, de 19. M\u00e4erz 2023 si w\u00e9inst der Cavalcade zu R\u00e9imech verschidde Stroosse gespaart vun 13 bis ongef\u00e9ier 18 Auer. Op ville Plazen ass et och verbueden ze parken. Mir bieden Iech d&#8217;Besch\u00eblderung vun de verschiddene Parkverbueter genee ze liesen \u00e9ier Dir \u00c4ren Auto ofstellt. Detaill\u00e9iert Informatioune fannt Dir am Verk\u00e9iersreglement. \u00cbmleedungen si gezeechent.... Read more &raquo;","og_url":"https:\/\/bierger.remich.lu\/lb\/2023\/03\/15\/karnevalsumzug-infos-strassensperrungen-busverkehr\/","og_site_name":"Ville de Remich","article_published_time":"2023-03-15T10:51:31+00:00","author":"murielkayser","twitter_card":"summary_large_image","twitter_misc":{"Written by":"murielkayser","Est. reading time":"2 minutes"},"schema":{"@context":"https:\/\/schema.org","@graph":[{"@type":"Article","@id":"https:\/\/bierger.remich.lu\/lb\/2023\/03\/15\/karnevalsumzug-infos-strassensperrungen-busverkehr\/#article","isPartOf":{"@id":"https:\/\/bierger.remich.lu\/lb\/2023\/03\/15\/karnevalsumzug-infos-strassensperrungen-busverkehr\/"},"author":{"name":"murielkayser","@id":"https:\/\/bierger.remich.lu\/de\/#\/schema\/person\/5babce1f1102bf4d794591f52f77f7ac"},"headline":"Cavalcade | Verk\u00e9iersinformatiounen &amp; \u00c4nnerungen beim \u00ebffentlechen Transport","datePublished":"2023-03-15T10:51:31+00:00","mainEntityOfPage":{"@id":"https:\/\/bierger.remich.lu\/lb\/2023\/03\/15\/karnevalsumzug-infos-strassensperrungen-busverkehr\/"},"wordCount":377,"commentCount":0,"inLanguage":"lb-LU","potentialAction":[{"@type":"CommentAction","name":"Comment","target":["https:\/\/bierger.remich.lu\/lb\/2023\/03\/15\/karnevalsumzug-infos-strassensperrungen-busverkehr\/#respond"]}]},{"@type":"WebPage","@id":"https:\/\/bierger.remich.lu\/lb\/2023\/03\/15\/karnevalsumzug-infos-strassensperrungen-busverkehr\/","url":"https:\/\/bierger.remich.lu\/lb\/2023\/03\/15\/karnevalsumzug-infos-strassensperrungen-busverkehr\/","name":"Cavalcade | Verk\u00e9iersinformatiounen &amp; \u00c4nnerungen beim \u00ebffentlechen Transport - Ville de Remich","isPartOf":{"@id":"https:\/\/bierger.remich.lu\/de\/#website"},"datePublished":"2023-03-15T10:51:31+00:00","author":{"@id":"https:\/\/bierger.remich.lu\/de\/#\/schema\/person\/5babce1f1102bf4d794591f52f77f7ac"},"breadcrumb":{"@id":"https:\/\/bierger.remich.lu\/lb\/2023\/03\/15\/karnevalsumzug-infos-strassensperrungen-busverkehr\/#breadcrumb"},"inLanguage":"lb-LU","potentialAction":[{"@type":"ReadAction","target":["https:\/\/bierger.remich.lu\/lb\/2023\/03\/15\/karnevalsumzug-infos-strassensperrungen-busverkehr\/"]}]},{"@type":"BreadcrumbList","@id":"https:\/\/bierger.remich.lu\/lb\/2023\/03\/15\/karnevalsumzug-infos-strassensperrungen-busverkehr\/#breadcrumb","itemListElement":[{"@type":"ListItem","position":1,"name":"Startseite","item":"https:\/\/bierger.remich.lu\/de\/"},{"@type":"ListItem","position":2,"name":"Cavalcade | Verk\u00e9iersinformatiounen &amp; \u00c4nnerungen beim \u00ebffentlechen Transport"}]},{"@type":"WebSite","@id":"https:\/\/bierger.remich.lu\/de\/#website","url":"https:\/\/bierger.remich.lu\/de\/","name":"Ville de Remich","description":"","potentialAction":[{"@type":"SearchAction","target":{"@type":"EntryPoint","urlTemplate":"https:\/\/bierger.remich.lu\/de\/?s={search_term_string}"},"query-input":{"@type":"PropertyValueSpecification","valueRequired":true,"valueName":"search_term_string"}}],"inLanguage":"lb-LU"},{"@type":"Person","@id":"https:\/\/bierger.remich.lu\/de\/#\/schema\/person\/5babce1f1102bf4d794591f52f77f7ac","name":"murielkayser","image":{"@type":"ImageObject","inLanguage":"lb-LU","@id":"https:\/\/bierger.remich.lu\/de\/#\/schema\/person\/image\/","url":"https:\/\/secure.gravatar.com\/avatar\/929f45c18759f15bc69ebb2c989dc3f1733d348e81e97f979f32017e6ca077ee?s=96&d=mm&r=g","contentUrl":"https:\/\/secure.gravatar.com\/avatar\/929f45c18759f15bc69ebb2c989dc3f1733d348e81e97f979f32017e6ca077ee?s=96&d=mm&r=g","caption":"murielkayser"},"url":"#"}]}},"_links":{"self":[{"href":"https:\/\/bierger.remich.lu\/lb\/wp-json\/wp\/v2\/posts\/12013","targetHints":{"allow":["GET"]}}],"collection":[{"href":"https:\/\/bierger.remich.lu\/lb\/wp-json\/wp\/v2\/posts"}],"about":[{"href":"https:\/\/bierger.remich.lu\/lb\/wp-json\/wp\/v2\/types\/post"}],"author":[{"embeddable":true,"href":"https:\/\/bierger.remich.lu\/lb\/wp-json\/wp\/v2\/users\/4"}],"replies":[{"embeddable":true,"href":"https:\/\/bierger.remich.lu\/lb\/wp-json\/wp\/v2\/comments?post=12013"}],"version-history":[{"count":9,"href":"https:\/\/bierger.remich.lu\/lb\/wp-json\/wp\/v2\/posts\/12013\/revisions"}],"predecessor-version":[{"id":12086,"href":"https:\/\/bierger.remich.lu\/lb\/wp-json\/wp\/v2\/posts\/12013\/revisions\/12086"}],"wp:attachment":[{"href":"https:\/\/bierger.remich.lu\/lb\/wp-json\/wp\/v2\/media?parent=12013"}],"wp:term":[{"taxonomy":"category","embeddable":true,"href":"https:\/\/bierger.remich.lu\/lb\/wp-json\/wp\/v2\/categories?post=12013"},{"taxonomy":"post_tag","embeddable":true,"href":"https:\/\/bierger.remich.lu\/lb\/wp-json\/wp\/v2\/tags?post=12013"}],"curies":[{"name":"wp","href":"https:\/\/api.w.org\/{rel}","templated":true}]}}