{"id":12866,"date":"2023-09-11T12:15:28","date_gmt":"2023-09-11T10:15:28","guid":{"rendered":"https:\/\/bierger.remich.lu\/?p=12866"},"modified":"2023-09-11T15:45:48","modified_gmt":"2023-09-11T13:45:48","slug":"we-want-you-aufsichtsperson-fuer-den-schultransport","status":"publish","type":"post","link":"https:\/\/bierger.remich.lu\/lb\/2023\/09\/11\/we-want-you-aufsichtsperson-fuer-den-schultransport\/","title":{"rendered":"Mir sichen dech! | Surveillant fir de Schoultransport"},"content":{"rendered":"<p style=\"font-weight: 400\"><em><strong>D\u2019Stad R\u00e9imech sicht 1 Surveillant fir de Schoultransport (Betreiung vu Kanner t\u00ebscht 3-12 Joer)<\/strong><\/em><\/p>\n<ul>\n<li style=\"font-weight: 400\">CDD bis de 15.07.2024 mat Optioun op e CDI, 6 Stonnen\/Woch, Carri\u00e8re A3 nom S\u00fcdgemengekollektivvertrag<\/li>\n<\/ul>\n<p style=\"font-weight: 400\"><strong>Viraussetzungen:<\/strong><\/p>\n<ul>\n<li>Erfuerderlech Sproochekenntnisser: L\u00ebtzebuergesch, D\u00e4itsch a Frans\u00e9isch<\/li>\n<li>Autonom schaffe k\u00ebnnen, flexibel sinn, teamf\u00e4eg<\/li>\n<\/ul>\n<p style=\"font-weight: 400\"><strong>Kandidatur:<\/strong><\/p>\n<ul>\n<li>CV<\/li>\n<li>Lettre de motivation mat Foto<\/li>\n<li>Casier 3 + 4 (&lt; 3 M\u00e9int)<\/li>\n<li>Acte de naissance (&lt; 3 M\u00e9int)<\/li>\n<li>Kopie vun der Carte d\u2019identit\u00e9<\/li>\n<\/ul>\n<p style=\"font-weight: 400\"><span style=\"color: #ff0000\"><strong>Delai fir d&#8217;Kandidatur: 17.09.2023<\/strong><\/span><\/p>\n<p style=\"font-weight: 400\">Ville de Remich \u2013 <em>Service du personnel<\/em><\/p>\n<p>Place de la R\u00e9sistance<br \/>\nB.P. 9<br \/>\nL-5501 Remich<\/p>\n<p style=\"font-weight: 400\">","protected":false},"excerpt":{"rendered":"<p>D\u2019Stad R\u00e9imech sicht 1 Surveillant fir de Schoultransport (Betreiung vu Kanner t\u00ebscht 3-12 Joer) CDD bis de 15.07.2024 mat Optioun op e CDI, 6 Stonnen\/Woch, Carri\u00e8re A3 nom S\u00fcdgemengekollektivvertrag Viraussetzungen: Erfuerderlech Sproochekenntnisser: L\u00ebtzebuergesch, D\u00e4itsch a Frans\u00e9isch Autonom schaffe k\u00ebnnen, flexibel sinn, teamf\u00e4eg Kandidatur: CV Lettre de motivation mat Foto Casier 3 + 4 (&lt; 3&#8230;  <a class=\"excerpt-read-more\" href=\"https:\/\/bierger.remich.lu\/lb\/2023\/09\/11\/we-want-you-aufsichtsperson-fuer-den-schultransport\/\" title=\"ReadMir sichen dech! | Surveillant fir de Schoultransport\">Read more &raquo;<\/a><\/p>\n","protected":false},"author":2,"featured_media":0,"comment_status":"open","ping_status":"open","sticky":false,"template":"","format":"standard","meta":{"_acf_changed":false,"xn-wppe-expiration":[],"xn-wppe-expiration-action":[],"xn-wppe-expiration-prefix":[],"footnotes":"","_links_to":"","_links_to_target":""},"categories":[1],"tags":[],"class_list":["post-12866","post","type-post","status-publish","format-standard","hentry","category-news","keyword-ausweis","keyword-geburt","keyword-kinder"],"acf":[],"yoast_head":"<!-- This site is optimized with the Yoast SEO plugin v26.7 - https:\/\/yoast.com\/wordpress\/plugins\/seo\/ -->\n<title>Mir sichen dech! | Surveillant fir de Schoultransport - Ville de Remich<\/title>\n<meta name=\"robots\" content=\"index, follow, max-snippet:-1, max-image-preview:large, max-video-preview:-1\" \/>\n<link rel=\"canonical\" href=\"https:\/\/bierger.remich.lu\/lb\/2023\/09\/11\/we-want-you-aufsichtsperson-fuer-den-schultransport\/\" \/>\n<meta property=\"og:locale\" content=\"en_US\" \/>\n<meta property=\"og:type\" content=\"article\" \/>\n<meta property=\"og:title\" content=\"Mir sichen dech! | Surveillant fir de Schoultransport - Ville de Remich\" \/>\n<meta property=\"og:description\" content=\"D\u2019Stad R\u00e9imech sicht 1 Surveillant fir de Schoultransport (Betreiung vu Kanner t\u00ebscht 3-12 Joer) CDD bis de 15.07.2024 mat Optioun op e CDI, 6 Stonnen\/Woch, Carri\u00e8re A3 nom S\u00fcdgemengekollektivvertrag Viraussetzungen: Erfuerderlech Sproochekenntnisser: L\u00ebtzebuergesch, D\u00e4itsch a Frans\u00e9isch Autonom schaffe k\u00ebnnen, flexibel sinn, teamf\u00e4eg Kandidatur: CV Lettre de motivation mat Foto Casier 3 + 4 (&lt; 3... Read more &raquo;\" \/>\n<meta property=\"og:url\" content=\"https:\/\/bierger.remich.lu\/lb\/2023\/09\/11\/we-want-you-aufsichtsperson-fuer-den-schultransport\/\" \/>\n<meta property=\"og:site_name\" content=\"Ville de Remich\" \/>\n<meta property=\"article:published_time\" content=\"2023-09-11T10:15:28+00:00\" \/>\n<meta property=\"article:modified_time\" content=\"2023-09-11T13:45:48+00:00\" \/>\n<meta name=\"author\" content=\"carolesitz\" \/>\n<meta name=\"twitter:card\" content=\"summary_large_image\" \/>\n<meta name=\"twitter:label1\" content=\"Written by\" \/>\n\t<meta name=\"twitter:data1\" content=\"carolesitz\" \/>\n\t<meta name=\"twitter:label2\" content=\"Est. reading time\" \/>\n\t<meta name=\"twitter:data2\" content=\"2 minutes\" \/>\n<script type=\"application\/ld+json\" class=\"yoast-schema-graph\">{\"@context\":\"https:\/\/schema.org\",\"@graph\":[{\"@type\":\"Article\",\"@id\":\"https:\/\/bierger.remich.lu\/lb\/2023\/09\/11\/we-want-you-aufsichtsperson-fuer-den-schultransport\/#article\",\"isPartOf\":{\"@id\":\"https:\/\/bierger.remich.lu\/lb\/2023\/09\/11\/we-want-you-aufsichtsperson-fuer-den-schultransport\/\"},\"author\":{\"name\":\"carolesitz\",\"@id\":\"https:\/\/bierger.remich.lu\/de\/#\/schema\/person\/2f4d1c58be815d7d2a723780582c5ea0\"},\"headline\":\"Mir sichen dech! | Surveillant fir de Schoultransport\",\"datePublished\":\"2023-09-11T10:15:28+00:00\",\"dateModified\":\"2023-09-11T13:45:48+00:00\",\"mainEntityOfPage\":{\"@id\":\"https:\/\/bierger.remich.lu\/lb\/2023\/09\/11\/we-want-you-aufsichtsperson-fuer-den-schultransport\/\"},\"wordCount\":382,\"commentCount\":0,\"inLanguage\":\"lb-LU\",\"potentialAction\":[{\"@type\":\"CommentAction\",\"name\":\"Comment\",\"target\":[\"https:\/\/bierger.remich.lu\/lb\/2023\/09\/11\/we-want-you-aufsichtsperson-fuer-den-schultransport\/#respond\"]}]},{\"@type\":\"WebPage\",\"@id\":\"https:\/\/bierger.remich.lu\/lb\/2023\/09\/11\/we-want-you-aufsichtsperson-fuer-den-schultransport\/\",\"url\":\"https:\/\/bierger.remich.lu\/lb\/2023\/09\/11\/we-want-you-aufsichtsperson-fuer-den-schultransport\/\",\"name\":\"Mir sichen dech! | Surveillant fir de Schoultransport - Ville de Remich\",\"isPartOf\":{\"@id\":\"https:\/\/bierger.remich.lu\/de\/#website\"},\"datePublished\":\"2023-09-11T10:15:28+00:00\",\"dateModified\":\"2023-09-11T13:45:48+00:00\",\"author\":{\"@id\":\"https:\/\/bierger.remich.lu\/de\/#\/schema\/person\/2f4d1c58be815d7d2a723780582c5ea0\"},\"breadcrumb\":{\"@id\":\"https:\/\/bierger.remich.lu\/lb\/2023\/09\/11\/we-want-you-aufsichtsperson-fuer-den-schultransport\/#breadcrumb\"},\"inLanguage\":\"lb-LU\",\"potentialAction\":[{\"@type\":\"ReadAction\",\"target\":[\"https:\/\/bierger.remich.lu\/lb\/2023\/09\/11\/we-want-you-aufsichtsperson-fuer-den-schultransport\/\"]}]},{\"@type\":\"BreadcrumbList\",\"@id\":\"https:\/\/bierger.remich.lu\/lb\/2023\/09\/11\/we-want-you-aufsichtsperson-fuer-den-schultransport\/#breadcrumb\",\"itemListElement\":[{\"@type\":\"ListItem\",\"position\":1,\"name\":\"Startseite\",\"item\":\"https:\/\/bierger.remich.lu\/de\/\"},{\"@type\":\"ListItem\",\"position\":2,\"name\":\"Mir sichen dech! | Surveillant fir de Schoultransport\"}]},{\"@type\":\"WebSite\",\"@id\":\"https:\/\/bierger.remich.lu\/de\/#website\",\"url\":\"https:\/\/bierger.remich.lu\/de\/\",\"name\":\"Ville de Remich\",\"description\":\"\",\"potentialAction\":[{\"@type\":\"SearchAction\",\"target\":{\"@type\":\"EntryPoint\",\"urlTemplate\":\"https:\/\/bierger.remich.lu\/de\/?s={search_term_string}\"},\"query-input\":{\"@type\":\"PropertyValueSpecification\",\"valueRequired\":true,\"valueName\":\"search_term_string\"}}],\"inLanguage\":\"lb-LU\"},{\"@type\":\"Person\",\"@id\":\"https:\/\/bierger.remich.lu\/de\/#\/schema\/person\/2f4d1c58be815d7d2a723780582c5ea0\",\"name\":\"carolesitz\",\"image\":{\"@type\":\"ImageObject\",\"inLanguage\":\"lb-LU\",\"@id\":\"https:\/\/bierger.remich.lu\/de\/#\/schema\/person\/image\/\",\"url\":\"https:\/\/secure.gravatar.com\/avatar\/7085eef214126b2aad5cba674a30c015ce05951f082b5b560ff52555ccb605ba?s=96&d=mm&r=g\",\"contentUrl\":\"https:\/\/secure.gravatar.com\/avatar\/7085eef214126b2aad5cba674a30c015ce05951f082b5b560ff52555ccb605ba?s=96&d=mm&r=g\",\"caption\":\"carolesitz\"},\"url\":\"#\"}]}<\/script>\n<!-- \/ Yoast SEO plugin. -->","yoast_head_json":{"title":"Mir sichen dech! | Surveillant fir de Schoultransport - Ville de Remich","robots":{"index":"index","follow":"follow","max-snippet":"max-snippet:-1","max-image-preview":"max-image-preview:large","max-video-preview":"max-video-preview:-1"},"canonical":"https:\/\/bierger.remich.lu\/lb\/2023\/09\/11\/we-want-you-aufsichtsperson-fuer-den-schultransport\/","og_locale":"en_US","og_type":"article","og_title":"Mir sichen dech! | Surveillant fir de Schoultransport - Ville de Remich","og_description":"D\u2019Stad R\u00e9imech sicht 1 Surveillant fir de Schoultransport (Betreiung vu Kanner t\u00ebscht 3-12 Joer) CDD bis de 15.07.2024 mat Optioun op e CDI, 6 Stonnen\/Woch, Carri\u00e8re A3 nom S\u00fcdgemengekollektivvertrag Viraussetzungen: Erfuerderlech Sproochekenntnisser: L\u00ebtzebuergesch, D\u00e4itsch a Frans\u00e9isch Autonom schaffe k\u00ebnnen, flexibel sinn, teamf\u00e4eg Kandidatur: CV Lettre de motivation mat Foto Casier 3 + 4 (&lt; 3... Read more &raquo;","og_url":"https:\/\/bierger.remich.lu\/lb\/2023\/09\/11\/we-want-you-aufsichtsperson-fuer-den-schultransport\/","og_site_name":"Ville de Remich","article_published_time":"2023-09-11T10:15:28+00:00","article_modified_time":"2023-09-11T13:45:48+00:00","author":"carolesitz","twitter_card":"summary_large_image","twitter_misc":{"Written by":"carolesitz","Est. reading time":"2 minutes"},"schema":{"@context":"https:\/\/schema.org","@graph":[{"@type":"Article","@id":"https:\/\/bierger.remich.lu\/lb\/2023\/09\/11\/we-want-you-aufsichtsperson-fuer-den-schultransport\/#article","isPartOf":{"@id":"https:\/\/bierger.remich.lu\/lb\/2023\/09\/11\/we-want-you-aufsichtsperson-fuer-den-schultransport\/"},"author":{"name":"carolesitz","@id":"https:\/\/bierger.remich.lu\/de\/#\/schema\/person\/2f4d1c58be815d7d2a723780582c5ea0"},"headline":"Mir sichen dech! | Surveillant fir de Schoultransport","datePublished":"2023-09-11T10:15:28+00:00","dateModified":"2023-09-11T13:45:48+00:00","mainEntityOfPage":{"@id":"https:\/\/bierger.remich.lu\/lb\/2023\/09\/11\/we-want-you-aufsichtsperson-fuer-den-schultransport\/"},"wordCount":382,"commentCount":0,"inLanguage":"lb-LU","potentialAction":[{"@type":"CommentAction","name":"Comment","target":["https:\/\/bierger.remich.lu\/lb\/2023\/09\/11\/we-want-you-aufsichtsperson-fuer-den-schultransport\/#respond"]}]},{"@type":"WebPage","@id":"https:\/\/bierger.remich.lu\/lb\/2023\/09\/11\/we-want-you-aufsichtsperson-fuer-den-schultransport\/","url":"https:\/\/bierger.remich.lu\/lb\/2023\/09\/11\/we-want-you-aufsichtsperson-fuer-den-schultransport\/","name":"Mir sichen dech! | Surveillant fir de Schoultransport - Ville de Remich","isPartOf":{"@id":"https:\/\/bierger.remich.lu\/de\/#website"},"datePublished":"2023-09-11T10:15:28+00:00","dateModified":"2023-09-11T13:45:48+00:00","author":{"@id":"https:\/\/bierger.remich.lu\/de\/#\/schema\/person\/2f4d1c58be815d7d2a723780582c5ea0"},"breadcrumb":{"@id":"https:\/\/bierger.remich.lu\/lb\/2023\/09\/11\/we-want-you-aufsichtsperson-fuer-den-schultransport\/#breadcrumb"},"inLanguage":"lb-LU","potentialAction":[{"@type":"ReadAction","target":["https:\/\/bierger.remich.lu\/lb\/2023\/09\/11\/we-want-you-aufsichtsperson-fuer-den-schultransport\/"]}]},{"@type":"BreadcrumbList","@id":"https:\/\/bierger.remich.lu\/lb\/2023\/09\/11\/we-want-you-aufsichtsperson-fuer-den-schultransport\/#breadcrumb","itemListElement":[{"@type":"ListItem","position":1,"name":"Startseite","item":"https:\/\/bierger.remich.lu\/de\/"},{"@type":"ListItem","position":2,"name":"Mir sichen dech! | Surveillant fir de Schoultransport"}]},{"@type":"WebSite","@id":"https:\/\/bierger.remich.lu\/de\/#website","url":"https:\/\/bierger.remich.lu\/de\/","name":"Ville de Remich","description":"","potentialAction":[{"@type":"SearchAction","target":{"@type":"EntryPoint","urlTemplate":"https:\/\/bierger.remich.lu\/de\/?s={search_term_string}"},"query-input":{"@type":"PropertyValueSpecification","valueRequired":true,"valueName":"search_term_string"}}],"inLanguage":"lb-LU"},{"@type":"Person","@id":"https:\/\/bierger.remich.lu\/de\/#\/schema\/person\/2f4d1c58be815d7d2a723780582c5ea0","name":"carolesitz","image":{"@type":"ImageObject","inLanguage":"lb-LU","@id":"https:\/\/bierger.remich.lu\/de\/#\/schema\/person\/image\/","url":"https:\/\/secure.gravatar.com\/avatar\/7085eef214126b2aad5cba674a30c015ce05951f082b5b560ff52555ccb605ba?s=96&d=mm&r=g","contentUrl":"https:\/\/secure.gravatar.com\/avatar\/7085eef214126b2aad5cba674a30c015ce05951f082b5b560ff52555ccb605ba?s=96&d=mm&r=g","caption":"carolesitz"},"url":"#"}]}},"_links":{"self":[{"href":"https:\/\/bierger.remich.lu\/lb\/wp-json\/wp\/v2\/posts\/12866","targetHints":{"allow":["GET"]}}],"collection":[{"href":"https:\/\/bierger.remich.lu\/lb\/wp-json\/wp\/v2\/posts"}],"about":[{"href":"https:\/\/bierger.remich.lu\/lb\/wp-json\/wp\/v2\/types\/post"}],"author":[{"embeddable":true,"href":"https:\/\/bierger.remich.lu\/lb\/wp-json\/wp\/v2\/users\/2"}],"replies":[{"embeddable":true,"href":"https:\/\/bierger.remich.lu\/lb\/wp-json\/wp\/v2\/comments?post=12866"}],"version-history":[{"count":5,"href":"https:\/\/bierger.remich.lu\/lb\/wp-json\/wp\/v2\/posts\/12866\/revisions"}],"predecessor-version":[{"id":12871,"href":"https:\/\/bierger.remich.lu\/lb\/wp-json\/wp\/v2\/posts\/12866\/revisions\/12871"}],"wp:attachment":[{"href":"https:\/\/bierger.remich.lu\/lb\/wp-json\/wp\/v2\/media?parent=12866"}],"wp:term":[{"taxonomy":"category","embeddable":true,"href":"https:\/\/bierger.remich.lu\/lb\/wp-json\/wp\/v2\/categories?post=12866"},{"taxonomy":"post_tag","embeddable":true,"href":"https:\/\/bierger.remich.lu\/lb\/wp-json\/wp\/v2\/tags?post=12866"}],"curies":[{"name":"wp","href":"https:\/\/api.w.org\/{rel}","templated":true}]}}