{"id":13155,"date":"2023-12-04T07:49:18","date_gmt":"2023-12-04T06:49:18","guid":{"rendered":"https:\/\/bierger.remich.lu\/?p=13155"},"modified":"2023-12-04T07:58:21","modified_gmt":"2023-12-04T06:58:21","slug":"verboten-feuerwerk-knallkoerper","status":"publish","type":"post","link":"https:\/\/bierger.remich.lu\/lb\/2023\/12\/04\/verboten-feuerwerk-knallkoerper\/","title":{"rendered":"VERBUET!!! Freedefeier &amp; Knupperten"},"content":{"rendered":"<div>\n<p><strong><i>Freedefeier op Silvester?<\/i><\/strong><\/p>\n<p><strong>NEE!<\/strong><span class=\"apple-converted-space\"> Freedefeier a Knupperte sinn an der Nuecht op Silvester um ganzen Territoire vun der Stad R\u00e9imech verbueden, d\u00ebst aus S\u00e9cherheetsgr\u00ebnn, respektiv fir eis \u00cbmwelt an D\u00e9ieren ze sch\u00fctzen.<\/span><\/p>\n<\/div>\n<div>\n<p>Mir w\u00ebllen Iech och drun er\u00ebnneren, dass ee fir all Freedefeier eng Geneemegung vum Buergermeeschter brauch.<\/p>\n<\/div>\n<div>\n<p>Mir si s\u00e9cher, dass Dir och ouni Freedefeier ee sch\u00e9ine Silvesterowend hutt.<\/p>\n<p>Merci fir \u00c4ert Versteesdemech an \u00c4r Kooperatioun.<\/p>\n<img loading=\"lazy\" decoding=\"async\" class=\"alignnone size-medium wp-image-11423\" src=\"https:\/\/bierger.remich.lu\/wp-content\/uploads\/sites\/3\/2022\/12\/Fireworks_jingda-chen-4F4B8ohLMX0-unsplash-scaled-300x219.jpg\" alt=\"\" width=\"300\" height=\"219\" srcset=\"https:\/\/bierger.remich.lu\/wp-content\/uploads\/sites\/3\/2022\/12\/Fireworks_jingda-chen-4F4B8ohLMX0-unsplash-scaled-300x219.jpg 300w, https:\/\/bierger.remich.lu\/wp-content\/uploads\/sites\/3\/2022\/12\/Fireworks_jingda-chen-4F4B8ohLMX0-unsplash-scaled-1024x749.jpg 1024w\" sizes=\"auto, (max-width: 300px) 100vw, 300px\" \/>\n<\/div>","protected":false},"excerpt":{"rendered":"<p>Freedefeier op Silvester? NEE! Freedefeier a Knupperte sinn an der Nuecht op Silvester um ganzen Territoire vun der Stad R\u00e9imech verbueden, d\u00ebst aus S\u00e9cherheetsgr\u00ebnn, respektiv fir eis \u00cbmwelt an D\u00e9ieren ze sch\u00fctzen. Mir w\u00ebllen Iech och drun er\u00ebnneren, dass ee fir all Freedefeier eng Geneemegung vum Buergermeeschter brauch. Mir si s\u00e9cher, dass Dir och ouni&#8230;  <a class=\"excerpt-read-more\" href=\"https:\/\/bierger.remich.lu\/lb\/2023\/12\/04\/verboten-feuerwerk-knallkoerper\/\" title=\"ReadVERBUET!!! Freedefeier &amp; Knupperten\">Read more &raquo;<\/a><\/p>\n","protected":false},"author":2,"featured_media":0,"comment_status":"open","ping_status":"open","sticky":false,"template":"","format":"standard","meta":{"_acf_changed":false,"xn-wppe-expiration":[],"xn-wppe-expiration-action":[],"xn-wppe-expiration-prefix":[],"footnotes":"","_links_to":"","_links_to_target":""},"categories":[1],"tags":[],"class_list":["post-13155","post","type-post","status-publish","format-standard","hentry","category-news","keyword-genehmigung","keyword-umwelt","keyword-eau"],"acf":[],"yoast_head":"<!-- This site is optimized with the Yoast SEO plugin v26.7 - https:\/\/yoast.com\/wordpress\/plugins\/seo\/ -->\n<title>VERBUET!!! Freedefeier &amp; Knupperten - Ville de Remich<\/title>\n<meta name=\"robots\" content=\"index, follow, max-snippet:-1, max-image-preview:large, max-video-preview:-1\" \/>\n<link rel=\"canonical\" href=\"https:\/\/bierger.remich.lu\/de\/2023\/12\/04\/verboten-feuerwerk-knallkoerper\/\" \/>\n<meta property=\"og:locale\" content=\"en_US\" \/>\n<meta property=\"og:type\" content=\"article\" \/>\n<meta property=\"og:title\" content=\"VERBUET!!! Freedefeier &amp; Knupperten - Ville de Remich\" \/>\n<meta property=\"og:description\" content=\"Freedefeier op Silvester? NEE! Freedefeier a Knupperte sinn an der Nuecht op Silvester um ganzen Territoire vun der Stad R\u00e9imech verbueden, d\u00ebst aus S\u00e9cherheetsgr\u00ebnn, respektiv fir eis \u00cbmwelt an D\u00e9ieren ze sch\u00fctzen. Mir w\u00ebllen Iech och drun er\u00ebnneren, dass ee fir all Freedefeier eng Geneemegung vum Buergermeeschter brauch. Mir si s\u00e9cher, dass Dir och ouni... Read more &raquo;\" \/>\n<meta property=\"og:url\" content=\"https:\/\/bierger.remich.lu\/de\/2023\/12\/04\/verboten-feuerwerk-knallkoerper\/\" \/>\n<meta property=\"og:site_name\" content=\"Ville de Remich\" \/>\n<meta property=\"article:published_time\" content=\"2023-12-04T06:49:18+00:00\" \/>\n<meta property=\"article:modified_time\" content=\"2023-12-04T06:58:21+00:00\" \/>\n<meta property=\"og:image\" content=\"https:\/\/bierger.remich.lu\/wp-content\/uploads\/sites\/3\/2022\/12\/Fireworks_jingda-chen-4F4B8ohLMX0-unsplash-scaled-300x219.jpg\" \/>\n<meta name=\"author\" content=\"carolesitz\" \/>\n<meta name=\"twitter:card\" content=\"summary_large_image\" \/>\n<meta name=\"twitter:label1\" content=\"Written by\" \/>\n\t<meta name=\"twitter:data1\" content=\"carolesitz\" \/>\n\t<meta name=\"twitter:label2\" content=\"Est. reading time\" \/>\n\t<meta name=\"twitter:data2\" content=\"2 minutes\" \/>\n<script type=\"application\/ld+json\" class=\"yoast-schema-graph\">{\"@context\":\"https:\/\/schema.org\",\"@graph\":[{\"@type\":\"Article\",\"@id\":\"https:\/\/bierger.remich.lu\/de\/2023\/12\/04\/verboten-feuerwerk-knallkoerper\/#article\",\"isPartOf\":{\"@id\":\"https:\/\/bierger.remich.lu\/de\/2023\/12\/04\/verboten-feuerwerk-knallkoerper\/\"},\"author\":{\"name\":\"carolesitz\",\"@id\":\"https:\/\/bierger.remich.lu\/de\/#\/schema\/person\/2f4d1c58be815d7d2a723780582c5ea0\"},\"headline\":\"VERBUET!!! Freedefeier &amp; Knupperten\",\"datePublished\":\"2023-12-04T06:49:18+00:00\",\"dateModified\":\"2023-12-04T06:58:21+00:00\",\"mainEntityOfPage\":{\"@id\":\"https:\/\/bierger.remich.lu\/de\/2023\/12\/04\/verboten-feuerwerk-knallkoerper\/\"},\"wordCount\":401,\"commentCount\":0,\"image\":{\"@id\":\"https:\/\/bierger.remich.lu\/de\/2023\/12\/04\/verboten-feuerwerk-knallkoerper\/#primaryimage\"},\"thumbnailUrl\":\"https:\/\/bierger.remich.lu\/wp-content\/uploads\/sites\/3\/2022\/12\/Fireworks_jingda-chen-4F4B8ohLMX0-unsplash-scaled-300x219.jpg\",\"inLanguage\":\"lb-LU\",\"potentialAction\":[{\"@type\":\"CommentAction\",\"name\":\"Comment\",\"target\":[\"https:\/\/bierger.remich.lu\/de\/2023\/12\/04\/verboten-feuerwerk-knallkoerper\/#respond\"]}]},{\"@type\":\"WebPage\",\"@id\":\"https:\/\/bierger.remich.lu\/de\/2023\/12\/04\/verboten-feuerwerk-knallkoerper\/\",\"url\":\"https:\/\/bierger.remich.lu\/de\/2023\/12\/04\/verboten-feuerwerk-knallkoerper\/\",\"name\":\"VERBUET!!! Freedefeier &amp; Knupperten - Ville de Remich\",\"isPartOf\":{\"@id\":\"https:\/\/bierger.remich.lu\/de\/#website\"},\"primaryImageOfPage\":{\"@id\":\"https:\/\/bierger.remich.lu\/de\/2023\/12\/04\/verboten-feuerwerk-knallkoerper\/#primaryimage\"},\"image\":{\"@id\":\"https:\/\/bierger.remich.lu\/de\/2023\/12\/04\/verboten-feuerwerk-knallkoerper\/#primaryimage\"},\"thumbnailUrl\":\"https:\/\/bierger.remich.lu\/wp-content\/uploads\/sites\/3\/2022\/12\/Fireworks_jingda-chen-4F4B8ohLMX0-unsplash-scaled-300x219.jpg\",\"datePublished\":\"2023-12-04T06:49:18+00:00\",\"dateModified\":\"2023-12-04T06:58:21+00:00\",\"author\":{\"@id\":\"https:\/\/bierger.remich.lu\/de\/#\/schema\/person\/2f4d1c58be815d7d2a723780582c5ea0\"},\"breadcrumb\":{\"@id\":\"https:\/\/bierger.remich.lu\/de\/2023\/12\/04\/verboten-feuerwerk-knallkoerper\/#breadcrumb\"},\"inLanguage\":\"lb-LU\",\"potentialAction\":[{\"@type\":\"ReadAction\",\"target\":[\"https:\/\/bierger.remich.lu\/de\/2023\/12\/04\/verboten-feuerwerk-knallkoerper\/\"]}]},{\"@type\":\"ImageObject\",\"inLanguage\":\"lb-LU\",\"@id\":\"https:\/\/bierger.remich.lu\/de\/2023\/12\/04\/verboten-feuerwerk-knallkoerper\/#primaryimage\",\"url\":\"https:\/\/bierger.remich.lu\/wp-content\/uploads\/sites\/3\/2022\/12\/Fireworks_jingda-chen-4F4B8ohLMX0-unsplash-scaled-300x219.jpg\",\"contentUrl\":\"https:\/\/bierger.remich.lu\/wp-content\/uploads\/sites\/3\/2022\/12\/Fireworks_jingda-chen-4F4B8ohLMX0-unsplash-scaled-300x219.jpg\"},{\"@type\":\"BreadcrumbList\",\"@id\":\"https:\/\/bierger.remich.lu\/de\/2023\/12\/04\/verboten-feuerwerk-knallkoerper\/#breadcrumb\",\"itemListElement\":[{\"@type\":\"ListItem\",\"position\":1,\"name\":\"Startseite\",\"item\":\"https:\/\/bierger.remich.lu\/de\/\"},{\"@type\":\"ListItem\",\"position\":2,\"name\":\"VERBOTEN!!! Feuerwerk &amp; Knallk\u00f6rper\"}]},{\"@type\":\"WebSite\",\"@id\":\"https:\/\/bierger.remich.lu\/de\/#website\",\"url\":\"https:\/\/bierger.remich.lu\/de\/\",\"name\":\"Ville de Remich\",\"description\":\"\",\"potentialAction\":[{\"@type\":\"SearchAction\",\"target\":{\"@type\":\"EntryPoint\",\"urlTemplate\":\"https:\/\/bierger.remich.lu\/de\/?s={search_term_string}\"},\"query-input\":{\"@type\":\"PropertyValueSpecification\",\"valueRequired\":true,\"valueName\":\"search_term_string\"}}],\"inLanguage\":\"lb-LU\"},{\"@type\":\"Person\",\"@id\":\"https:\/\/bierger.remich.lu\/de\/#\/schema\/person\/2f4d1c58be815d7d2a723780582c5ea0\",\"name\":\"carolesitz\",\"image\":{\"@type\":\"ImageObject\",\"inLanguage\":\"lb-LU\",\"@id\":\"https:\/\/bierger.remich.lu\/de\/#\/schema\/person\/image\/\",\"url\":\"https:\/\/secure.gravatar.com\/avatar\/7085eef214126b2aad5cba674a30c015ce05951f082b5b560ff52555ccb605ba?s=96&d=mm&r=g\",\"contentUrl\":\"https:\/\/secure.gravatar.com\/avatar\/7085eef214126b2aad5cba674a30c015ce05951f082b5b560ff52555ccb605ba?s=96&d=mm&r=g\",\"caption\":\"carolesitz\"},\"url\":\"#\"}]}<\/script>\n<!-- \/ Yoast SEO plugin. -->","yoast_head_json":{"title":"VERBUET!!! Freedefeier &amp; Knupperten - Ville de Remich","robots":{"index":"index","follow":"follow","max-snippet":"max-snippet:-1","max-image-preview":"max-image-preview:large","max-video-preview":"max-video-preview:-1"},"canonical":"https:\/\/bierger.remich.lu\/de\/2023\/12\/04\/verboten-feuerwerk-knallkoerper\/","og_locale":"en_US","og_type":"article","og_title":"VERBUET!!! Freedefeier &amp; Knupperten - Ville de Remich","og_description":"Freedefeier op Silvester? NEE! Freedefeier a Knupperte sinn an der Nuecht op Silvester um ganzen Territoire vun der Stad R\u00e9imech verbueden, d\u00ebst aus S\u00e9cherheetsgr\u00ebnn, respektiv fir eis \u00cbmwelt an D\u00e9ieren ze sch\u00fctzen. Mir w\u00ebllen Iech och drun er\u00ebnneren, dass ee fir all Freedefeier eng Geneemegung vum Buergermeeschter brauch. Mir si s\u00e9cher, dass Dir och ouni... Read more &raquo;","og_url":"https:\/\/bierger.remich.lu\/de\/2023\/12\/04\/verboten-feuerwerk-knallkoerper\/","og_site_name":"Ville de Remich","article_published_time":"2023-12-04T06:49:18+00:00","article_modified_time":"2023-12-04T06:58:21+00:00","og_image":[{"url":"https:\/\/bierger.remich.lu\/wp-content\/uploads\/sites\/3\/2022\/12\/Fireworks_jingda-chen-4F4B8ohLMX0-unsplash-scaled-300x219.jpg","type":"","width":"","height":""}],"author":"carolesitz","twitter_card":"summary_large_image","twitter_misc":{"Written by":"carolesitz","Est. reading time":"2 minutes"},"schema":{"@context":"https:\/\/schema.org","@graph":[{"@type":"Article","@id":"https:\/\/bierger.remich.lu\/de\/2023\/12\/04\/verboten-feuerwerk-knallkoerper\/#article","isPartOf":{"@id":"https:\/\/bierger.remich.lu\/de\/2023\/12\/04\/verboten-feuerwerk-knallkoerper\/"},"author":{"name":"carolesitz","@id":"https:\/\/bierger.remich.lu\/de\/#\/schema\/person\/2f4d1c58be815d7d2a723780582c5ea0"},"headline":"VERBUET!!! Freedefeier &amp; Knupperten","datePublished":"2023-12-04T06:49:18+00:00","dateModified":"2023-12-04T06:58:21+00:00","mainEntityOfPage":{"@id":"https:\/\/bierger.remich.lu\/de\/2023\/12\/04\/verboten-feuerwerk-knallkoerper\/"},"wordCount":401,"commentCount":0,"image":{"@id":"https:\/\/bierger.remich.lu\/de\/2023\/12\/04\/verboten-feuerwerk-knallkoerper\/#primaryimage"},"thumbnailUrl":"https:\/\/bierger.remich.lu\/wp-content\/uploads\/sites\/3\/2022\/12\/Fireworks_jingda-chen-4F4B8ohLMX0-unsplash-scaled-300x219.jpg","inLanguage":"lb-LU","potentialAction":[{"@type":"CommentAction","name":"Comment","target":["https:\/\/bierger.remich.lu\/de\/2023\/12\/04\/verboten-feuerwerk-knallkoerper\/#respond"]}]},{"@type":"WebPage","@id":"https:\/\/bierger.remich.lu\/de\/2023\/12\/04\/verboten-feuerwerk-knallkoerper\/","url":"https:\/\/bierger.remich.lu\/de\/2023\/12\/04\/verboten-feuerwerk-knallkoerper\/","name":"VERBUET!!! Freedefeier &amp; Knupperten - Ville de Remich","isPartOf":{"@id":"https:\/\/bierger.remich.lu\/de\/#website"},"primaryImageOfPage":{"@id":"https:\/\/bierger.remich.lu\/de\/2023\/12\/04\/verboten-feuerwerk-knallkoerper\/#primaryimage"},"image":{"@id":"https:\/\/bierger.remich.lu\/de\/2023\/12\/04\/verboten-feuerwerk-knallkoerper\/#primaryimage"},"thumbnailUrl":"https:\/\/bierger.remich.lu\/wp-content\/uploads\/sites\/3\/2022\/12\/Fireworks_jingda-chen-4F4B8ohLMX0-unsplash-scaled-300x219.jpg","datePublished":"2023-12-04T06:49:18+00:00","dateModified":"2023-12-04T06:58:21+00:00","author":{"@id":"https:\/\/bierger.remich.lu\/de\/#\/schema\/person\/2f4d1c58be815d7d2a723780582c5ea0"},"breadcrumb":{"@id":"https:\/\/bierger.remich.lu\/de\/2023\/12\/04\/verboten-feuerwerk-knallkoerper\/#breadcrumb"},"inLanguage":"lb-LU","potentialAction":[{"@type":"ReadAction","target":["https:\/\/bierger.remich.lu\/de\/2023\/12\/04\/verboten-feuerwerk-knallkoerper\/"]}]},{"@type":"ImageObject","inLanguage":"lb-LU","@id":"https:\/\/bierger.remich.lu\/de\/2023\/12\/04\/verboten-feuerwerk-knallkoerper\/#primaryimage","url":"https:\/\/bierger.remich.lu\/wp-content\/uploads\/sites\/3\/2022\/12\/Fireworks_jingda-chen-4F4B8ohLMX0-unsplash-scaled-300x219.jpg","contentUrl":"https:\/\/bierger.remich.lu\/wp-content\/uploads\/sites\/3\/2022\/12\/Fireworks_jingda-chen-4F4B8ohLMX0-unsplash-scaled-300x219.jpg"},{"@type":"BreadcrumbList","@id":"https:\/\/bierger.remich.lu\/de\/2023\/12\/04\/verboten-feuerwerk-knallkoerper\/#breadcrumb","itemListElement":[{"@type":"ListItem","position":1,"name":"Startseite","item":"https:\/\/bierger.remich.lu\/de\/"},{"@type":"ListItem","position":2,"name":"VERBOTEN!!! Feuerwerk &amp; Knallk\u00f6rper"}]},{"@type":"WebSite","@id":"https:\/\/bierger.remich.lu\/de\/#website","url":"https:\/\/bierger.remich.lu\/de\/","name":"Ville de Remich","description":"","potentialAction":[{"@type":"SearchAction","target":{"@type":"EntryPoint","urlTemplate":"https:\/\/bierger.remich.lu\/de\/?s={search_term_string}"},"query-input":{"@type":"PropertyValueSpecification","valueRequired":true,"valueName":"search_term_string"}}],"inLanguage":"lb-LU"},{"@type":"Person","@id":"https:\/\/bierger.remich.lu\/de\/#\/schema\/person\/2f4d1c58be815d7d2a723780582c5ea0","name":"carolesitz","image":{"@type":"ImageObject","inLanguage":"lb-LU","@id":"https:\/\/bierger.remich.lu\/de\/#\/schema\/person\/image\/","url":"https:\/\/secure.gravatar.com\/avatar\/7085eef214126b2aad5cba674a30c015ce05951f082b5b560ff52555ccb605ba?s=96&d=mm&r=g","contentUrl":"https:\/\/secure.gravatar.com\/avatar\/7085eef214126b2aad5cba674a30c015ce05951f082b5b560ff52555ccb605ba?s=96&d=mm&r=g","caption":"carolesitz"},"url":"#"}]}},"_links":{"self":[{"href":"https:\/\/bierger.remich.lu\/lb\/wp-json\/wp\/v2\/posts\/13155","targetHints":{"allow":["GET"]}}],"collection":[{"href":"https:\/\/bierger.remich.lu\/lb\/wp-json\/wp\/v2\/posts"}],"about":[{"href":"https:\/\/bierger.remich.lu\/lb\/wp-json\/wp\/v2\/types\/post"}],"author":[{"embeddable":true,"href":"https:\/\/bierger.remich.lu\/lb\/wp-json\/wp\/v2\/users\/2"}],"replies":[{"embeddable":true,"href":"https:\/\/bierger.remich.lu\/lb\/wp-json\/wp\/v2\/comments?post=13155"}],"version-history":[{"count":2,"href":"https:\/\/bierger.remich.lu\/lb\/wp-json\/wp\/v2\/posts\/13155\/revisions"}],"predecessor-version":[{"id":13157,"href":"https:\/\/bierger.remich.lu\/lb\/wp-json\/wp\/v2\/posts\/13155\/revisions\/13157"}],"wp:attachment":[{"href":"https:\/\/bierger.remich.lu\/lb\/wp-json\/wp\/v2\/media?parent=13155"}],"wp:term":[{"taxonomy":"category","embeddable":true,"href":"https:\/\/bierger.remich.lu\/lb\/wp-json\/wp\/v2\/categories?post=13155"},{"taxonomy":"post_tag","embeddable":true,"href":"https:\/\/bierger.remich.lu\/lb\/wp-json\/wp\/v2\/tags?post=13155"}],"curies":[{"name":"wp","href":"https:\/\/api.w.org\/{rel}","templated":true}]}}