{"id":19541,"date":"2026-05-01T08:00:02","date_gmt":"2026-05-01T06:00:02","guid":{"rendered":"https:\/\/bierger.remich.lu\/?p=19541"},"modified":"2026-04-29T11:35:42","modified_gmt":"2026-04-29T09:35:42","slug":"mei-net-am-mee","status":"publish","type":"post","link":"https:\/\/bierger.remich.lu\/lb\/2026\/05\/01\/mei-net-am-mee\/","title":{"rendered":"M\u00e9i net am Mee"},"content":{"rendered":"<div class=\"x14z9mp xat24cr x1lziwak x1vvkbs xtlvy1s x126k92a\">\n<div dir=\"auto\">01<\/div>\n<div dir=\"auto\"><img loading=\"lazy\" decoding=\"async\" class=\"wp-image-19553 alignleft\" src=\"https:\/\/bierger.remich.lu\/wp-content\/uploads\/sites\/3\/2026\/04\/Sticker_SIAS-1024x1024.png\" alt=\"\" width=\"630\" height=\"630\" srcset=\"https:\/\/bierger.remich.lu\/wp-content\/uploads\/sites\/3\/2026\/04\/Sticker_SIAS-1024x1024.png 1024w, https:\/\/bierger.remich.lu\/wp-content\/uploads\/sites\/3\/2026\/04\/Sticker_SIAS-150x150.png 150w, https:\/\/bierger.remich.lu\/wp-content\/uploads\/sites\/3\/2026\/04\/Sticker_SIAS-300x300.png 300w, https:\/\/bierger.remich.lu\/wp-content\/uploads\/sites\/3\/2026\/04\/Sticker_SIAS.png 2048w\" sizes=\"auto, (max-width: 630px) 100vw, 630px\" \/><\/div>\n<div dir=\"auto\"><\/div>\n<div dir=\"auto\">De Mee huet elo just ugefaangen, an d\u2019M\u00e9imaschinn bleift \u2013 beschtefalls \u2013 stoen.<\/div>\n<div dir=\"auto\"><\/div>\n<div dir=\"auto\">Schonn fir d\u00e9i 4. K\u00e9ier rifft de SIAS zesumme mat senge Partner zur Campagne \u201eM\u00e9i net am Mee\u201c op.<\/div>\n<div dir=\"auto\"><\/div>\n<div dir=\"auto\">D\u2019Iddi ass denkbar einfach: M\u00e9i manner am Mee a looss d\u2019Blummen an d\u2019Bl\u00e9i kommen.<\/div>\n<div dir=\"auto\"><\/div>\n<div dir=\"auto\">Dat bedeit m\u00e9i Liewensraum, m\u00e9i Fudder fir eis P\u00e4iperleken, Beien, Bommelen a co.<\/div>\n<div dir=\"auto\"><\/div>\n<div dir=\"auto\">D\u2019Best\u00ebbser brauche m\u00e9i w\u00e9i jee eis \u00cbnnerst\u00ebtzung, an och mir sinn op d\u2019Best\u00ebbsung ugewisen.<\/div>\n<div dir=\"auto\"><\/div>\n<\/div>\n<div class=\"x14z9mp xat24cr x1lziwak x1vvkbs xtlvy1s x126k92a\">\n<div dir=\"auto\">Bestellt iech g\u00e4re bei engem vun de Partner vun der Aktioun ee gratis Sticker fir op \u00e4r Br\u00e9ifk\u00ebscht a maacht mat beim Gew\u00ebnnspill: sch\u00e9ckt dofir eng Foto vun \u00e4rem Gaart op moien@sias.lu oder deelt d&#8217;Foto op de soziale Medien mam Hashtag <span class=\"html-span xdj266r x14z9mp xat24cr x1lziwak xexx8yu xyri2b x18d9i69 x1c1uobl x1hl2dhg x16tdsg8 x1vvkbs\"><a class=\"x1i10hfl xjbqb8w x1ejq31n x18oe1m7 x1sy0etr xstzfhl x972fbf x10w94by x1qhh985 x14e42zd x9f619 x1ypdohk xt0psk2 x3ct3a4 xdj266r x14z9mp xat24cr x1lziwak xexx8yu xyri2b x18d9i69 x1c1uobl x16tdsg8 x1hl2dhg xggy1nq x1a2a7pz xkrqix3 x1sur9pj x1fey0fg x1s688f\" role=\"link\" href=\"https:\/\/www.facebook.com\/hashtag\/blummefirbest%C3%ABbser?__cft__[0]=AZZOoAj67cQkN_pNGdK7govx7Cw7o495wiOctXLjZ_zOj1NB82haf-jBIO2qw_IUMd9r0mHps8ELkIl6a6rJnuN12f8fHXAGyWcHs8al1HENxxo8IiOOzzpxfn6q7S7H9Utzdxujx96yD37K0TX44RkuVvQwy8Uxd4Mpe5vIza60RSHz0TvH3Kn7gVtgymWnXzc&amp;__tn__=*NK-R\">#BlummefirBest\u00ebbser<\/a><\/span><\/div>\n<\/div>","protected":false},"excerpt":{"rendered":"<p>01 De Mee huet elo just ugefaangen, an d\u2019M\u00e9imaschinn bleift \u2013 beschtefalls \u2013 stoen. Schonn fir d\u00e9i 4. K\u00e9ier rifft de SIAS zesumme mat senge Partner zur Campagne \u201eM\u00e9i net am Mee\u201c op. D\u2019Iddi ass denkbar einfach: M\u00e9i manner am Mee a looss d\u2019Blummen an d\u2019Bl\u00e9i kommen. Dat bedeit m\u00e9i Liewensraum, m\u00e9i Fudder fir eis&#8230;  <a class=\"excerpt-read-more\" href=\"https:\/\/bierger.remich.lu\/lb\/2026\/05\/01\/mei-net-am-mee\/\" title=\"ReadM\u00e9i net am Mee\">Read more &raquo;<\/a><\/p>\n","protected":false},"author":4,"featured_media":0,"comment_status":"open","ping_status":"open","sticky":false,"template":"","format":"standard","meta":{"_acf_changed":false,"xn-wppe-expiration":[],"xn-wppe-expiration-action":[],"xn-wppe-expiration-prefix":[],"footnotes":"","_links_to":"","_links_to_target":""},"categories":[1],"tags":[],"class_list":["post-19541","post","type-post","status-publish","format-standard","hentry","category-news","keyword-eau"],"acf":[],"yoast_head":"<!-- This site is optimized with the Yoast SEO plugin v26.7 - https:\/\/yoast.com\/wordpress\/plugins\/seo\/ -->\n<title>M\u00e9i net am Mee - Ville de Remich<\/title>\n<meta name=\"robots\" content=\"index, follow, max-snippet:-1, max-image-preview:large, max-video-preview:-1\" \/>\n<link rel=\"canonical\" href=\"https:\/\/bierger.remich.lu\/de\/2026\/05\/01\/mei-net-am-mee\/\" \/>\n<meta property=\"og:locale\" content=\"en_US\" \/>\n<meta property=\"og:type\" content=\"article\" \/>\n<meta property=\"og:title\" content=\"M\u00e9i net am Mee - Ville de Remich\" \/>\n<meta property=\"og:description\" content=\"01 De Mee huet elo just ugefaangen, an d\u2019M\u00e9imaschinn bleift \u2013 beschtefalls \u2013 stoen. Schonn fir d\u00e9i 4. K\u00e9ier rifft de SIAS zesumme mat senge Partner zur Campagne \u201eM\u00e9i net am Mee\u201c op. D\u2019Iddi ass denkbar einfach: M\u00e9i manner am Mee a looss d\u2019Blummen an d\u2019Bl\u00e9i kommen. Dat bedeit m\u00e9i Liewensraum, m\u00e9i Fudder fir eis... Read more &raquo;\" \/>\n<meta property=\"og:url\" content=\"https:\/\/bierger.remich.lu\/de\/2026\/05\/01\/mei-net-am-mee\/\" \/>\n<meta property=\"og:site_name\" content=\"Ville de Remich\" \/>\n<meta property=\"article:published_time\" content=\"2026-05-01T06:00:02+00:00\" \/>\n<meta property=\"og:image\" content=\"https:\/\/bierger.remich.lu\/wp-content\/uploads\/sites\/3\/2026\/04\/Sticker_SIAS.png\" \/>\n\t<meta property=\"og:image:width\" content=\"2048\" \/>\n\t<meta property=\"og:image:height\" content=\"2048\" \/>\n\t<meta property=\"og:image:type\" content=\"image\/png\" \/>\n<meta name=\"author\" content=\"murielkayser\" \/>\n<meta name=\"twitter:card\" content=\"summary_large_image\" \/>\n<meta name=\"twitter:label1\" content=\"Written by\" \/>\n\t<meta name=\"twitter:data1\" content=\"murielkayser\" \/>\n\t<meta name=\"twitter:label2\" content=\"Est. reading time\" \/>\n\t<meta name=\"twitter:data2\" content=\"1 minute\" \/>\n<script type=\"application\/ld+json\" class=\"yoast-schema-graph\">{\"@context\":\"https:\/\/schema.org\",\"@graph\":[{\"@type\":\"Article\",\"@id\":\"https:\/\/bierger.remich.lu\/de\/2026\/05\/01\/mei-net-am-mee\/#article\",\"isPartOf\":{\"@id\":\"https:\/\/bierger.remich.lu\/de\/2026\/05\/01\/mei-net-am-mee\/\"},\"author\":{\"name\":\"murielkayser\",\"@id\":\"https:\/\/bierger.remich.lu\/de\/#\/schema\/person\/5babce1f1102bf4d794591f52f77f7ac\"},\"headline\":\"M\u00e9i net am Mee\",\"datePublished\":\"2026-05-01T06:00:02+00:00\",\"mainEntityOfPage\":{\"@id\":\"https:\/\/bierger.remich.lu\/de\/2026\/05\/01\/mei-net-am-mee\/\"},\"wordCount\":527,\"commentCount\":0,\"image\":{\"@id\":\"https:\/\/bierger.remich.lu\/de\/2026\/05\/01\/mei-net-am-mee\/#primaryimage\"},\"thumbnailUrl\":\"https:\/\/bierger.remich.lu\/wp-content\/uploads\/sites\/3\/2026\/04\/Sticker_SIAS-1024x1024.png\",\"inLanguage\":\"lb-LU\",\"potentialAction\":[{\"@type\":\"CommentAction\",\"name\":\"Comment\",\"target\":[\"https:\/\/bierger.remich.lu\/de\/2026\/05\/01\/mei-net-am-mee\/#respond\"]}]},{\"@type\":\"WebPage\",\"@id\":\"https:\/\/bierger.remich.lu\/de\/2026\/05\/01\/mei-net-am-mee\/\",\"url\":\"https:\/\/bierger.remich.lu\/de\/2026\/05\/01\/mei-net-am-mee\/\",\"name\":\"M\u00e9i net am Mee - Ville de Remich\",\"isPartOf\":{\"@id\":\"https:\/\/bierger.remich.lu\/de\/#website\"},\"primaryImageOfPage\":{\"@id\":\"https:\/\/bierger.remich.lu\/de\/2026\/05\/01\/mei-net-am-mee\/#primaryimage\"},\"image\":{\"@id\":\"https:\/\/bierger.remich.lu\/de\/2026\/05\/01\/mei-net-am-mee\/#primaryimage\"},\"thumbnailUrl\":\"https:\/\/bierger.remich.lu\/wp-content\/uploads\/sites\/3\/2026\/04\/Sticker_SIAS-1024x1024.png\",\"datePublished\":\"2026-05-01T06:00:02+00:00\",\"author\":{\"@id\":\"https:\/\/bierger.remich.lu\/de\/#\/schema\/person\/5babce1f1102bf4d794591f52f77f7ac\"},\"breadcrumb\":{\"@id\":\"https:\/\/bierger.remich.lu\/de\/2026\/05\/01\/mei-net-am-mee\/#breadcrumb\"},\"inLanguage\":\"lb-LU\",\"potentialAction\":[{\"@type\":\"ReadAction\",\"target\":[\"https:\/\/bierger.remich.lu\/de\/2026\/05\/01\/mei-net-am-mee\/\"]}]},{\"@type\":\"ImageObject\",\"inLanguage\":\"lb-LU\",\"@id\":\"https:\/\/bierger.remich.lu\/de\/2026\/05\/01\/mei-net-am-mee\/#primaryimage\",\"url\":\"https:\/\/bierger.remich.lu\/wp-content\/uploads\/sites\/3\/2026\/04\/Sticker_SIAS-1024x1024.png\",\"contentUrl\":\"https:\/\/bierger.remich.lu\/wp-content\/uploads\/sites\/3\/2026\/04\/Sticker_SIAS-1024x1024.png\"},{\"@type\":\"BreadcrumbList\",\"@id\":\"https:\/\/bierger.remich.lu\/de\/2026\/05\/01\/mei-net-am-mee\/#breadcrumb\",\"itemListElement\":[{\"@type\":\"ListItem\",\"position\":1,\"name\":\"Startseite\",\"item\":\"https:\/\/bierger.remich.lu\/de\/\"},{\"@type\":\"ListItem\",\"position\":2,\"name\":\"M\u00e9i net am Mee\"}]},{\"@type\":\"WebSite\",\"@id\":\"https:\/\/bierger.remich.lu\/de\/#website\",\"url\":\"https:\/\/bierger.remich.lu\/de\/\",\"name\":\"Ville de Remich\",\"description\":\"\",\"potentialAction\":[{\"@type\":\"SearchAction\",\"target\":{\"@type\":\"EntryPoint\",\"urlTemplate\":\"https:\/\/bierger.remich.lu\/de\/?s={search_term_string}\"},\"query-input\":{\"@type\":\"PropertyValueSpecification\",\"valueRequired\":true,\"valueName\":\"search_term_string\"}}],\"inLanguage\":\"lb-LU\"},{\"@type\":\"Person\",\"@id\":\"https:\/\/bierger.remich.lu\/de\/#\/schema\/person\/5babce1f1102bf4d794591f52f77f7ac\",\"name\":\"murielkayser\",\"image\":{\"@type\":\"ImageObject\",\"inLanguage\":\"lb-LU\",\"@id\":\"https:\/\/bierger.remich.lu\/de\/#\/schema\/person\/image\/\",\"url\":\"https:\/\/secure.gravatar.com\/avatar\/929f45c18759f15bc69ebb2c989dc3f1733d348e81e97f979f32017e6ca077ee?s=96&d=mm&r=g\",\"contentUrl\":\"https:\/\/secure.gravatar.com\/avatar\/929f45c18759f15bc69ebb2c989dc3f1733d348e81e97f979f32017e6ca077ee?s=96&d=mm&r=g\",\"caption\":\"murielkayser\"},\"url\":\"#\"}]}<\/script>\n<!-- \/ Yoast SEO plugin. -->","yoast_head_json":{"title":"M\u00e9i net am Mee - Ville de Remich","robots":{"index":"index","follow":"follow","max-snippet":"max-snippet:-1","max-image-preview":"max-image-preview:large","max-video-preview":"max-video-preview:-1"},"canonical":"https:\/\/bierger.remich.lu\/de\/2026\/05\/01\/mei-net-am-mee\/","og_locale":"en_US","og_type":"article","og_title":"M\u00e9i net am Mee - Ville de Remich","og_description":"01 De Mee huet elo just ugefaangen, an d\u2019M\u00e9imaschinn bleift \u2013 beschtefalls \u2013 stoen. Schonn fir d\u00e9i 4. K\u00e9ier rifft de SIAS zesumme mat senge Partner zur Campagne \u201eM\u00e9i net am Mee\u201c op. D\u2019Iddi ass denkbar einfach: M\u00e9i manner am Mee a looss d\u2019Blummen an d\u2019Bl\u00e9i kommen. Dat bedeit m\u00e9i Liewensraum, m\u00e9i Fudder fir eis... Read more &raquo;","og_url":"https:\/\/bierger.remich.lu\/de\/2026\/05\/01\/mei-net-am-mee\/","og_site_name":"Ville de Remich","article_published_time":"2026-05-01T06:00:02+00:00","og_image":[{"width":2048,"height":2048,"url":"https:\/\/bierger.remich.lu\/wp-content\/uploads\/sites\/3\/2026\/04\/Sticker_SIAS.png","type":"image\/png"}],"author":"murielkayser","twitter_card":"summary_large_image","twitter_misc":{"Written by":"murielkayser","Est. reading time":"1 minute"},"schema":{"@context":"https:\/\/schema.org","@graph":[{"@type":"Article","@id":"https:\/\/bierger.remich.lu\/de\/2026\/05\/01\/mei-net-am-mee\/#article","isPartOf":{"@id":"https:\/\/bierger.remich.lu\/de\/2026\/05\/01\/mei-net-am-mee\/"},"author":{"name":"murielkayser","@id":"https:\/\/bierger.remich.lu\/de\/#\/schema\/person\/5babce1f1102bf4d794591f52f77f7ac"},"headline":"M\u00e9i net am Mee","datePublished":"2026-05-01T06:00:02+00:00","mainEntityOfPage":{"@id":"https:\/\/bierger.remich.lu\/de\/2026\/05\/01\/mei-net-am-mee\/"},"wordCount":527,"commentCount":0,"image":{"@id":"https:\/\/bierger.remich.lu\/de\/2026\/05\/01\/mei-net-am-mee\/#primaryimage"},"thumbnailUrl":"https:\/\/bierger.remich.lu\/wp-content\/uploads\/sites\/3\/2026\/04\/Sticker_SIAS-1024x1024.png","inLanguage":"lb-LU","potentialAction":[{"@type":"CommentAction","name":"Comment","target":["https:\/\/bierger.remich.lu\/de\/2026\/05\/01\/mei-net-am-mee\/#respond"]}]},{"@type":"WebPage","@id":"https:\/\/bierger.remich.lu\/de\/2026\/05\/01\/mei-net-am-mee\/","url":"https:\/\/bierger.remich.lu\/de\/2026\/05\/01\/mei-net-am-mee\/","name":"M\u00e9i net am Mee - Ville de Remich","isPartOf":{"@id":"https:\/\/bierger.remich.lu\/de\/#website"},"primaryImageOfPage":{"@id":"https:\/\/bierger.remich.lu\/de\/2026\/05\/01\/mei-net-am-mee\/#primaryimage"},"image":{"@id":"https:\/\/bierger.remich.lu\/de\/2026\/05\/01\/mei-net-am-mee\/#primaryimage"},"thumbnailUrl":"https:\/\/bierger.remich.lu\/wp-content\/uploads\/sites\/3\/2026\/04\/Sticker_SIAS-1024x1024.png","datePublished":"2026-05-01T06:00:02+00:00","author":{"@id":"https:\/\/bierger.remich.lu\/de\/#\/schema\/person\/5babce1f1102bf4d794591f52f77f7ac"},"breadcrumb":{"@id":"https:\/\/bierger.remich.lu\/de\/2026\/05\/01\/mei-net-am-mee\/#breadcrumb"},"inLanguage":"lb-LU","potentialAction":[{"@type":"ReadAction","target":["https:\/\/bierger.remich.lu\/de\/2026\/05\/01\/mei-net-am-mee\/"]}]},{"@type":"ImageObject","inLanguage":"lb-LU","@id":"https:\/\/bierger.remich.lu\/de\/2026\/05\/01\/mei-net-am-mee\/#primaryimage","url":"https:\/\/bierger.remich.lu\/wp-content\/uploads\/sites\/3\/2026\/04\/Sticker_SIAS-1024x1024.png","contentUrl":"https:\/\/bierger.remich.lu\/wp-content\/uploads\/sites\/3\/2026\/04\/Sticker_SIAS-1024x1024.png"},{"@type":"BreadcrumbList","@id":"https:\/\/bierger.remich.lu\/de\/2026\/05\/01\/mei-net-am-mee\/#breadcrumb","itemListElement":[{"@type":"ListItem","position":1,"name":"Startseite","item":"https:\/\/bierger.remich.lu\/de\/"},{"@type":"ListItem","position":2,"name":"M\u00e9i net am Mee"}]},{"@type":"WebSite","@id":"https:\/\/bierger.remich.lu\/de\/#website","url":"https:\/\/bierger.remich.lu\/de\/","name":"Ville de Remich","description":"","potentialAction":[{"@type":"SearchAction","target":{"@type":"EntryPoint","urlTemplate":"https:\/\/bierger.remich.lu\/de\/?s={search_term_string}"},"query-input":{"@type":"PropertyValueSpecification","valueRequired":true,"valueName":"search_term_string"}}],"inLanguage":"lb-LU"},{"@type":"Person","@id":"https:\/\/bierger.remich.lu\/de\/#\/schema\/person\/5babce1f1102bf4d794591f52f77f7ac","name":"murielkayser","image":{"@type":"ImageObject","inLanguage":"lb-LU","@id":"https:\/\/bierger.remich.lu\/de\/#\/schema\/person\/image\/","url":"https:\/\/secure.gravatar.com\/avatar\/929f45c18759f15bc69ebb2c989dc3f1733d348e81e97f979f32017e6ca077ee?s=96&d=mm&r=g","contentUrl":"https:\/\/secure.gravatar.com\/avatar\/929f45c18759f15bc69ebb2c989dc3f1733d348e81e97f979f32017e6ca077ee?s=96&d=mm&r=g","caption":"murielkayser"},"url":"#"}]}},"_links":{"self":[{"href":"https:\/\/bierger.remich.lu\/lb\/wp-json\/wp\/v2\/posts\/19541","targetHints":{"allow":["GET"]}}],"collection":[{"href":"https:\/\/bierger.remich.lu\/lb\/wp-json\/wp\/v2\/posts"}],"about":[{"href":"https:\/\/bierger.remich.lu\/lb\/wp-json\/wp\/v2\/types\/post"}],"author":[{"embeddable":true,"href":"https:\/\/bierger.remich.lu\/lb\/wp-json\/wp\/v2\/users\/4"}],"replies":[{"embeddable":true,"href":"https:\/\/bierger.remich.lu\/lb\/wp-json\/wp\/v2\/comments?post=19541"}],"version-history":[{"count":7,"href":"https:\/\/bierger.remich.lu\/lb\/wp-json\/wp\/v2\/posts\/19541\/revisions"}],"predecessor-version":[{"id":19569,"href":"https:\/\/bierger.remich.lu\/lb\/wp-json\/wp\/v2\/posts\/19541\/revisions\/19569"}],"wp:attachment":[{"href":"https:\/\/bierger.remich.lu\/lb\/wp-json\/wp\/v2\/media?parent=19541"}],"wp:term":[{"taxonomy":"category","embeddable":true,"href":"https:\/\/bierger.remich.lu\/lb\/wp-json\/wp\/v2\/categories?post=19541"},{"taxonomy":"post_tag","embeddable":true,"href":"https:\/\/bierger.remich.lu\/lb\/wp-json\/wp\/v2\/tags?post=19541"}],"curies":[{"name":"wp","href":"https:\/\/api.w.org\/{rel}","templated":true}]}}