{"id":21156,"date":"2026-09-03T09:56:24","date_gmt":"2026-09-03T07:56:24","guid":{"rendered":"https:\/\/bierger.remich.lu\/?p=21156"},"modified":"2026-09-03T10:00:37","modified_gmt":"2026-09-03T08:00:37","slug":"abschaffung-der-ecobacs-ab-dem-1-januar-2027","status":"publish","type":"post","link":"https:\/\/bierger.remich.lu\/lb\/2026\/09\/03\/abschaffung-der-ecobacs-ab-dem-1-januar-2027\/","title":{"rendered":"Ofschafung vun de &#8220;Ecobacs&#8221; vum 1. Januar 2027"},"content":{"rendered":"<p class=\"isSelectedEnd\">D\u2019Biergerinnen a Bierger ginn inform\u00e9iert, datt de Syndikat SIGRE decid\u00e9iert huet, d\u2019 &#8220;Ecobacen&#8221; aus sengem System vun den Offallbeh\u00e4lter <strong>ab dem 1. Januar 2027<\/strong> ofzeschafen. Dofir mussen d\u2019&#8221;Ecobacen&#8221; duerch eng Drecksk\u00ebscht ersat ginn.<\/p>\n<p class=\"isSelectedEnd\"><strong>Wat musst Dir maachen?<\/strong><\/p>\n<p class=\"isSelectedEnd\">St\u00e9it, d\u00e9i aktuell en &#8220;Ecobac&#8221; hunn, si gebieden, sech am Populatiounsb\u00fcro\u00a0ze mellen, fir se gratis g\u00e9int eng Drecksk\u00ebscht vun hirer Wiel auszetauschen (45, 120 oder 240 Liter).<\/p>\n<p class=\"isSelectedEnd\"><strong>Wat maache mat \u00c4rem alen &#8220;Ecobac&#8221;?<\/strong><\/p>\n<p class=\"isSelectedEnd\">Dir hutt zwou M\u00e9iglechkeeten:<\/p>\n<ul data-spread=\"false\">\n<li>Dir k\u00ebnnt \u00c4ren alen &#8220;\u00c9cobac&#8221; behalen (g\u00ebtt ab dem 1. Januar net m\u00e9i eidel gemaach), <em>oder<\/em><\/li>\n<li>Dir k\u00ebnnt eis en zer\u00e9ckginn: an d\u00ebsem Fall stellt se w.e.g. virun \u00c4ert Haus. E g\u00ebtt vun eis ofgeholl, wann \u00c4r nei Drecksk\u00ebscht geliwwert g\u00ebtt.<\/li>\n<\/ul>\n<p class=\"isSelectedEnd\"><strong>Fir den Emtausch ze maachen<\/strong><\/p>\n<p class=\"isSelectedEnd\">Mir bieden Iech, mam <strong>Populatiounsb\u00fcro<\/strong> Kontakt opzehuelen:<\/p>\n<ul data-spread=\"false\">\n<li><strong>Per Telefon:<\/strong> 23 69 22 \u2013 11 \/ -17<\/li>\n<li><strong>Per E-Mail:<\/strong> <a href=\"mailto:population@remich.lu\">population@remich.lu<\/a><\/li>\n<li><strong>An der Gemeng:<\/strong> w\u00e4rend den \u00cbffnungsz\u00e4iten<\/li>\n<\/ul>","protected":false},"excerpt":{"rendered":"<p>D\u2019Biergerinnen a Bierger ginn inform\u00e9iert, datt de Syndikat SIGRE decid\u00e9iert huet, d\u2019 &#8220;Ecobacen&#8221; aus sengem System vun den Offallbeh\u00e4lter ab dem 1. Januar 2027 ofzeschafen. Dofir mussen d\u2019&#8221;Ecobacen&#8221; duerch eng Drecksk\u00ebscht ersat ginn. Wat musst Dir maachen? St\u00e9it, d\u00e9i aktuell en &#8220;Ecobac&#8221; hunn, si gebieden, sech am Populatiounsb\u00fcro\u00a0ze mellen, fir se gratis g\u00e9int eng Drecksk\u00ebscht&#8230;  <a class=\"excerpt-read-more\" href=\"https:\/\/bierger.remich.lu\/lb\/2026\/09\/03\/abschaffung-der-ecobacs-ab-dem-1-januar-2027\/\" title=\"ReadOfschafung vun de &#8220;Ecobacs&#8221; vum 1. Januar 2027\">Read more &raquo;<\/a><\/p>\n","protected":false},"author":10,"featured_media":21158,"comment_status":"closed","ping_status":"closed","sticky":false,"template":"","format":"standard","meta":{"_acf_changed":false,"xn-wppe-expiration":[],"xn-wppe-expiration-action":[],"xn-wppe-expiration-prefix":[],"footnotes":"","_links_to":"","_links_to_target":""},"categories":[1],"tags":[],"class_list":["post-21156","post","type-post","status-publish","format-standard","has-post-thumbnail","hentry","category-news","keyword-abfall","keyword-sigre"],"acf":[],"yoast_head":"<!-- This site is optimized with the Yoast SEO plugin v28.0 - https:\/\/yoast.com\/product\/yoast-seo-wordpress\/ -->\n<title>Ofschafung vun de &quot;Ecobacs&quot; vum 1. Januar 2027 - Ville de Remich<\/title>\n<meta name=\"robots\" content=\"index, follow, max-snippet:-1, max-image-preview:large, max-video-preview:-1\" \/>\n<link rel=\"canonical\" href=\"https:\/\/bierger.remich.lu\/2026\/09\/03\/abschaffung-der-ecobacs-ab-dem-1-januar-2027\/\" \/>\n<meta property=\"og:locale\" content=\"en_US\" \/>\n<meta property=\"og:type\" content=\"article\" \/>\n<meta property=\"og:title\" content=\"Ofschafung vun de &quot;Ecobacs&quot; vum 1. Januar 2027 - Ville de Remich\" \/>\n<meta property=\"og:description\" content=\"D\u2019Biergerinnen a Bierger ginn inform\u00e9iert, datt de Syndikat SIGRE decid\u00e9iert huet, d\u2019 &#8220;Ecobacen&#8221; aus sengem System vun den Offallbeh\u00e4lter ab dem 1. Januar 2027 ofzeschafen. Dofir mussen d\u2019&#8221;Ecobacen&#8221; duerch eng Drecksk\u00ebscht ersat ginn. Wat musst Dir maachen? St\u00e9it, d\u00e9i aktuell en &#8220;Ecobac&#8221; hunn, si gebieden, sech am Populatiounsb\u00fcro\u00a0ze mellen, fir se gratis g\u00e9int eng Drecksk\u00ebscht... Read more &raquo;\" \/>\n<meta property=\"og:url\" content=\"https:\/\/bierger.remich.lu\/2026\/09\/03\/abschaffung-der-ecobacs-ab-dem-1-januar-2027\/\" \/>\n<meta property=\"og:site_name\" content=\"Ville de Remich\" \/>\n<meta property=\"article:published_time\" content=\"2026-09-03T07:56:24+00:00\" \/>\n<meta property=\"article:modified_time\" content=\"2026-09-03T08:00:37+00:00\" \/>\n<meta property=\"og:image\" content=\"https:\/\/bierger.remich.lu\/wp-content\/uploads\/sites\/3\/2026\/09\/Ecobac.png\" \/>\n\t<meta property=\"og:image:width\" content=\"984\" \/>\n\t<meta property=\"og:image:height\" content=\"874\" \/>\n\t<meta property=\"og:image:type\" content=\"image\/png\" \/>\n<meta name=\"author\" content=\"mhentzen\" \/>\n<meta name=\"twitter:card\" content=\"summary_large_image\" \/>\n<meta name=\"twitter:label1\" content=\"Written by\" \/>\n\t<meta name=\"twitter:data1\" content=\"mhentzen\" \/>\n\t<meta name=\"twitter:label2\" content=\"Est. reading time\" \/>\n\t<meta name=\"twitter:data2\" content=\"2 minutes\" \/>\n<script type=\"application\/ld+json\" class=\"yoast-schema-graph\">{\"@context\":\"https:\\\/\\\/schema.org\",\"@graph\":[{\"@type\":\"Article\",\"@id\":\"https:\\\/\\\/bierger.remich.lu\\\/2026\\\/09\\\/03\\\/abschaffung-der-ecobacs-ab-dem-1-januar-2027\\\/#article\",\"isPartOf\":{\"@id\":\"https:\\\/\\\/bierger.remich.lu\\\/2026\\\/09\\\/03\\\/abschaffung-der-ecobacs-ab-dem-1-januar-2027\\\/\"},\"author\":{\"name\":\"mhentzen\",\"@id\":\"https:\\\/\\\/bierger.remich.lu\\\/de\\\/#\\\/schema\\\/person\\\/98cc83d0f5956d8b94a9786cf0a75c67\"},\"headline\":\"Ofschafung vun de &#8220;Ecobacs&#8221; vum 1. Januar 2027\",\"datePublished\":\"2026-09-03T07:56:24+00:00\",\"dateModified\":\"2026-09-03T08:00:37+00:00\",\"mainEntityOfPage\":{\"@id\":\"https:\\\/\\\/bierger.remich.lu\\\/2026\\\/09\\\/03\\\/abschaffung-der-ecobacs-ab-dem-1-januar-2027\\\/\"},\"wordCount\":658,\"image\":{\"@id\":\"https:\\\/\\\/bierger.remich.lu\\\/2026\\\/09\\\/03\\\/abschaffung-der-ecobacs-ab-dem-1-januar-2027\\\/#primaryimage\"},\"thumbnailUrl\":\"https:\\\/\\\/bierger.remich.lu\\\/wp-content\\\/uploads\\\/sites\\\/3\\\/2026\\\/09\\\/Ecobac.png\",\"inLanguage\":\"lb-LU\"},{\"@type\":\"WebPage\",\"@id\":\"https:\\\/\\\/bierger.remich.lu\\\/2026\\\/09\\\/03\\\/abschaffung-der-ecobacs-ab-dem-1-januar-2027\\\/\",\"url\":\"https:\\\/\\\/bierger.remich.lu\\\/2026\\\/09\\\/03\\\/abschaffung-der-ecobacs-ab-dem-1-januar-2027\\\/\",\"name\":\"Ofschafung vun de \\\"Ecobacs\\\" vum 1. Januar 2027 - Ville de Remich\",\"isPartOf\":{\"@id\":\"https:\\\/\\\/bierger.remich.lu\\\/de\\\/#website\"},\"primaryImageOfPage\":{\"@id\":\"https:\\\/\\\/bierger.remich.lu\\\/2026\\\/09\\\/03\\\/abschaffung-der-ecobacs-ab-dem-1-januar-2027\\\/#primaryimage\"},\"image\":{\"@id\":\"https:\\\/\\\/bierger.remich.lu\\\/2026\\\/09\\\/03\\\/abschaffung-der-ecobacs-ab-dem-1-januar-2027\\\/#primaryimage\"},\"thumbnailUrl\":\"https:\\\/\\\/bierger.remich.lu\\\/wp-content\\\/uploads\\\/sites\\\/3\\\/2026\\\/09\\\/Ecobac.png\",\"datePublished\":\"2026-09-03T07:56:24+00:00\",\"dateModified\":\"2026-09-03T08:00:37+00:00\",\"author\":{\"@id\":\"https:\\\/\\\/bierger.remich.lu\\\/de\\\/#\\\/schema\\\/person\\\/98cc83d0f5956d8b94a9786cf0a75c67\"},\"breadcrumb\":{\"@id\":\"https:\\\/\\\/bierger.remich.lu\\\/2026\\\/09\\\/03\\\/abschaffung-der-ecobacs-ab-dem-1-januar-2027\\\/#breadcrumb\"},\"inLanguage\":\"lb-LU\",\"potentialAction\":[{\"@type\":\"ReadAction\",\"target\":[\"https:\\\/\\\/bierger.remich.lu\\\/2026\\\/09\\\/03\\\/abschaffung-der-ecobacs-ab-dem-1-januar-2027\\\/\"]}]},{\"@type\":\"ImageObject\",\"inLanguage\":\"lb-LU\",\"@id\":\"https:\\\/\\\/bierger.remich.lu\\\/2026\\\/09\\\/03\\\/abschaffung-der-ecobacs-ab-dem-1-januar-2027\\\/#primaryimage\",\"url\":\"https:\\\/\\\/bierger.remich.lu\\\/wp-content\\\/uploads\\\/sites\\\/3\\\/2026\\\/09\\\/Ecobac.png\",\"contentUrl\":\"https:\\\/\\\/bierger.remich.lu\\\/wp-content\\\/uploads\\\/sites\\\/3\\\/2026\\\/09\\\/Ecobac.png\",\"width\":984,\"height\":874},{\"@type\":\"BreadcrumbList\",\"@id\":\"https:\\\/\\\/bierger.remich.lu\\\/2026\\\/09\\\/03\\\/abschaffung-der-ecobacs-ab-dem-1-januar-2027\\\/#breadcrumb\",\"itemListElement\":[{\"@type\":\"ListItem\",\"position\":1,\"name\":\"Startseite\",\"item\":\"https:\\\/\\\/bierger.remich.lu\\\/de\\\/\"},{\"@type\":\"ListItem\",\"position\":2,\"name\":\"Abschaffung der \u00ab Ecobacs \u00bb ab dem 1. Januar 2027\"}]},{\"@type\":\"WebSite\",\"@id\":\"https:\\\/\\\/bierger.remich.lu\\\/de\\\/#website\",\"url\":\"https:\\\/\\\/bierger.remich.lu\\\/de\\\/\",\"name\":\"Ville de Remich\",\"description\":\"\",\"potentialAction\":[{\"@type\":\"SearchAction\",\"target\":{\"@type\":\"EntryPoint\",\"urlTemplate\":\"https:\\\/\\\/bierger.remich.lu\\\/de\\\/?s={search_term_string}\"},\"query-input\":{\"@type\":\"PropertyValueSpecification\",\"valueRequired\":true,\"valueName\":\"search_term_string\"}}],\"inLanguage\":\"lb-LU\"},{\"@type\":\"Person\",\"@id\":\"https:\\\/\\\/bierger.remich.lu\\\/de\\\/#\\\/schema\\\/person\\\/98cc83d0f5956d8b94a9786cf0a75c67\",\"name\":\"mhentzen\",\"image\":{\"@type\":\"ImageObject\",\"inLanguage\":\"lb-LU\",\"@id\":\"https:\\\/\\\/secure.gravatar.com\\\/avatar\\\/87fd6fcd1a8fbe02eaa3494dc83b290e352aeef27655d224fac9f407d859d342?s=96&d=mm&r=g\",\"url\":\"https:\\\/\\\/secure.gravatar.com\\\/avatar\\\/87fd6fcd1a8fbe02eaa3494dc83b290e352aeef27655d224fac9f407d859d342?s=96&d=mm&r=g\",\"contentUrl\":\"https:\\\/\\\/secure.gravatar.com\\\/avatar\\\/87fd6fcd1a8fbe02eaa3494dc83b290e352aeef27655d224fac9f407d859d342?s=96&d=mm&r=g\",\"caption\":\"mhentzen\"},\"url\":\"#\"}]}<\/script>\n<!-- \/ Yoast SEO plugin. -->","yoast_head_json":{"title":"Ofschafung vun de \"Ecobacs\" vum 1. Januar 2027 - Ville de Remich","robots":{"index":"index","follow":"follow","max-snippet":"max-snippet:-1","max-image-preview":"max-image-preview:large","max-video-preview":"max-video-preview:-1"},"canonical":"https:\/\/bierger.remich.lu\/2026\/09\/03\/abschaffung-der-ecobacs-ab-dem-1-januar-2027\/","og_locale":"en_US","og_type":"article","og_title":"Ofschafung vun de \"Ecobacs\" vum 1. Januar 2027 - Ville de Remich","og_description":"D\u2019Biergerinnen a Bierger ginn inform\u00e9iert, datt de Syndikat SIGRE decid\u00e9iert huet, d\u2019 &#8220;Ecobacen&#8221; aus sengem System vun den Offallbeh\u00e4lter ab dem 1. Januar 2027 ofzeschafen. Dofir mussen d\u2019&#8221;Ecobacen&#8221; duerch eng Drecksk\u00ebscht ersat ginn. Wat musst Dir maachen? St\u00e9it, d\u00e9i aktuell en &#8220;Ecobac&#8221; hunn, si gebieden, sech am Populatiounsb\u00fcro\u00a0ze mellen, fir se gratis g\u00e9int eng Drecksk\u00ebscht... Read more &raquo;","og_url":"https:\/\/bierger.remich.lu\/2026\/09\/03\/abschaffung-der-ecobacs-ab-dem-1-januar-2027\/","og_site_name":"Ville de Remich","article_published_time":"2026-09-03T07:56:24+00:00","article_modified_time":"2026-09-03T08:00:37+00:00","og_image":[{"width":984,"height":874,"url":"https:\/\/bierger.remich.lu\/wp-content\/uploads\/sites\/3\/2026\/09\/Ecobac.png","type":"image\/png"}],"author":"mhentzen","twitter_card":"summary_large_image","twitter_misc":{"Written by":"mhentzen","Est. reading time":"2 minutes"},"schema":{"@context":"https:\/\/schema.org","@graph":[{"@type":"Article","@id":"https:\/\/bierger.remich.lu\/2026\/09\/03\/abschaffung-der-ecobacs-ab-dem-1-januar-2027\/#article","isPartOf":{"@id":"https:\/\/bierger.remich.lu\/2026\/09\/03\/abschaffung-der-ecobacs-ab-dem-1-januar-2027\/"},"author":{"name":"mhentzen","@id":"https:\/\/bierger.remich.lu\/de\/#\/schema\/person\/98cc83d0f5956d8b94a9786cf0a75c67"},"headline":"Ofschafung vun de &#8220;Ecobacs&#8221; vum 1. Januar 2027","datePublished":"2026-09-03T07:56:24+00:00","dateModified":"2026-09-03T08:00:37+00:00","mainEntityOfPage":{"@id":"https:\/\/bierger.remich.lu\/2026\/09\/03\/abschaffung-der-ecobacs-ab-dem-1-januar-2027\/"},"wordCount":658,"image":{"@id":"https:\/\/bierger.remich.lu\/2026\/09\/03\/abschaffung-der-ecobacs-ab-dem-1-januar-2027\/#primaryimage"},"thumbnailUrl":"https:\/\/bierger.remich.lu\/wp-content\/uploads\/sites\/3\/2026\/09\/Ecobac.png","inLanguage":"lb-LU"},{"@type":"WebPage","@id":"https:\/\/bierger.remich.lu\/2026\/09\/03\/abschaffung-der-ecobacs-ab-dem-1-januar-2027\/","url":"https:\/\/bierger.remich.lu\/2026\/09\/03\/abschaffung-der-ecobacs-ab-dem-1-januar-2027\/","name":"Ofschafung vun de \"Ecobacs\" vum 1. Januar 2027 - Ville de Remich","isPartOf":{"@id":"https:\/\/bierger.remich.lu\/de\/#website"},"primaryImageOfPage":{"@id":"https:\/\/bierger.remich.lu\/2026\/09\/03\/abschaffung-der-ecobacs-ab-dem-1-januar-2027\/#primaryimage"},"image":{"@id":"https:\/\/bierger.remich.lu\/2026\/09\/03\/abschaffung-der-ecobacs-ab-dem-1-januar-2027\/#primaryimage"},"thumbnailUrl":"https:\/\/bierger.remich.lu\/wp-content\/uploads\/sites\/3\/2026\/09\/Ecobac.png","datePublished":"2026-09-03T07:56:24+00:00","dateModified":"2026-09-03T08:00:37+00:00","author":{"@id":"https:\/\/bierger.remich.lu\/de\/#\/schema\/person\/98cc83d0f5956d8b94a9786cf0a75c67"},"breadcrumb":{"@id":"https:\/\/bierger.remich.lu\/2026\/09\/03\/abschaffung-der-ecobacs-ab-dem-1-januar-2027\/#breadcrumb"},"inLanguage":"lb-LU","potentialAction":[{"@type":"ReadAction","target":["https:\/\/bierger.remich.lu\/2026\/09\/03\/abschaffung-der-ecobacs-ab-dem-1-januar-2027\/"]}]},{"@type":"ImageObject","inLanguage":"lb-LU","@id":"https:\/\/bierger.remich.lu\/2026\/09\/03\/abschaffung-der-ecobacs-ab-dem-1-januar-2027\/#primaryimage","url":"https:\/\/bierger.remich.lu\/wp-content\/uploads\/sites\/3\/2026\/09\/Ecobac.png","contentUrl":"https:\/\/bierger.remich.lu\/wp-content\/uploads\/sites\/3\/2026\/09\/Ecobac.png","width":984,"height":874},{"@type":"BreadcrumbList","@id":"https:\/\/bierger.remich.lu\/2026\/09\/03\/abschaffung-der-ecobacs-ab-dem-1-januar-2027\/#breadcrumb","itemListElement":[{"@type":"ListItem","position":1,"name":"Startseite","item":"https:\/\/bierger.remich.lu\/de\/"},{"@type":"ListItem","position":2,"name":"Abschaffung der \u00ab Ecobacs \u00bb ab dem 1. Januar 2027"}]},{"@type":"WebSite","@id":"https:\/\/bierger.remich.lu\/de\/#website","url":"https:\/\/bierger.remich.lu\/de\/","name":"Ville de Remich","description":"","potentialAction":[{"@type":"SearchAction","target":{"@type":"EntryPoint","urlTemplate":"https:\/\/bierger.remich.lu\/de\/?s={search_term_string}"},"query-input":{"@type":"PropertyValueSpecification","valueRequired":true,"valueName":"search_term_string"}}],"inLanguage":"lb-LU"},{"@type":"Person","@id":"https:\/\/bierger.remich.lu\/de\/#\/schema\/person\/98cc83d0f5956d8b94a9786cf0a75c67","name":"mhentzen","image":{"@type":"ImageObject","inLanguage":"lb-LU","@id":"https:\/\/secure.gravatar.com\/avatar\/87fd6fcd1a8fbe02eaa3494dc83b290e352aeef27655d224fac9f407d859d342?s=96&d=mm&r=g","url":"https:\/\/secure.gravatar.com\/avatar\/87fd6fcd1a8fbe02eaa3494dc83b290e352aeef27655d224fac9f407d859d342?s=96&d=mm&r=g","contentUrl":"https:\/\/secure.gravatar.com\/avatar\/87fd6fcd1a8fbe02eaa3494dc83b290e352aeef27655d224fac9f407d859d342?s=96&d=mm&r=g","caption":"mhentzen"},"url":"#"}]}},"_links":{"self":[{"href":"https:\/\/bierger.remich.lu\/lb\/wp-json\/wp\/v2\/posts\/21156","targetHints":{"allow":["GET"]}}],"collection":[{"href":"https:\/\/bierger.remich.lu\/lb\/wp-json\/wp\/v2\/posts"}],"about":[{"href":"https:\/\/bierger.remich.lu\/lb\/wp-json\/wp\/v2\/types\/post"}],"author":[{"embeddable":true,"href":"https:\/\/bierger.remich.lu\/lb\/wp-json\/wp\/v2\/users\/10"}],"replies":[{"embeddable":true,"href":"https:\/\/bierger.remich.lu\/lb\/wp-json\/wp\/v2\/comments?post=21156"}],"version-history":[{"count":2,"href":"https:\/\/bierger.remich.lu\/lb\/wp-json\/wp\/v2\/posts\/21156\/revisions"}],"predecessor-version":[{"id":21159,"href":"https:\/\/bierger.remich.lu\/lb\/wp-json\/wp\/v2\/posts\/21156\/revisions\/21159"}],"wp:featuredmedia":[{"embeddable":true,"href":"https:\/\/bierger.remich.lu\/lb\/wp-json\/wp\/v2\/media\/21158"}],"wp:attachment":[{"href":"https:\/\/bierger.remich.lu\/lb\/wp-json\/wp\/v2\/media?parent=21156"}],"wp:term":[{"taxonomy":"category","embeddable":true,"href":"https:\/\/bierger.remich.lu\/lb\/wp-json\/wp\/v2\/categories?post=21156"},{"taxonomy":"post_tag","embeddable":true,"href":"https:\/\/bierger.remich.lu\/lb\/wp-json\/wp\/v2\/tags?post=21156"}],"curies":[{"name":"wp","href":"https:\/\/api.w.org\/{rel}","templated":true}]}}